{"id":968,"date":"2017-03-16T08:18:25","date_gmt":"2017-03-16T07:18:25","guid":{"rendered":"http:\/\/www.vendee1.eu\/vendee\/?p=968"},"modified":"2017-04-23T10:35:33","modified_gmt":"2017-04-23T08:35:33","slug":"chateau-aventuriers-avrille","status":"publish","type":"post","link":"https:\/\/www.vendee1.eu\/vendee\/chateau-aventuriers-avrille\/","title":{"rendered":"Ch\u00e2teau des Aventuriers Avrill\u00e9"},"content":{"rendered":"<div id=\"vende-745080595\" class=\"vende-ads-avant-contenu vende-entity-placement\"><div id=\"attachment_3409\" style=\"width: 810px\" class=\"wp-caption alignnone\"><a href=\"https:\/\/www.mediawakeup.fr\/nous-contacter-184-rue-joseph-gaillard-zone-dactivites-nord-et-gare-85600-montaigu-vendee-agence-crea-web-print\/\" target=\"_blank\" rel=\"Cr\u00e9ation logo Vend\u00e9e Montaigu site internet noopener\"><img loading=\"lazy\" decoding=\"async\" aria-describedby=\"caption-attachment-3409\" class=\"wp-image-3409 size-full\" title=\"Cr\u00e9ation logo Vend\u00e9e Montaigu site internet\" src=\"https:\/\/www.vendee1.eu\/wp-content\/uploads\/2018\/03\/creation-site-internet-vendee-graphistes.jpg\" alt=\"Cr\u00e9ation logo Vend\u00e9e Montaigu site internet - Agence de communication web print en Vend\u00e9e \" width=\"800\" height=\"283\" \/><\/a><p id=\"caption-attachment-3409\" class=\"wp-caption-text\">Cr\u00e9ation logo Vend\u00e9e Montaigu site internet &#8211; Agence de communication web print en Vend\u00e9e<\/p><\/div>\n<p>&nbsp;<\/p>\n<\/div><p><img loading=\"lazy\" decoding=\"async\" class=\"size-full wp-image-1545\" src=\"http:\/\/www.vendee1.eu\/vendee\/wp-content\/uploads\/2017\/03\/chateau-des-aventuriers.jpg\" alt=\"Ch\u00e2teau des aventuriers\" width=\"640\" height=\"542\" srcset=\"https:\/\/www.vendee1.eu\/vendee\/wp-content\/uploads\/2017\/03\/chateau-des-aventuriers.jpg 640w, https:\/\/www.vendee1.eu\/vendee\/wp-content\/uploads\/2017\/03\/chateau-des-aventuriers-130x110.jpg 130w, https:\/\/www.vendee1.eu\/vendee\/wp-content\/uploads\/2017\/03\/chateau-des-aventuriers-300x254.jpg 300w\" sizes=\"auto, (max-width: 640px) 100vw, 640px\" \/>Ch\u00e2teau des aventuriers<\/p>\n<p><strong><br \/>\n <\/strong><\/p>\n<div style=\"text-align: justify;\">\n<h1 style=\"text-align: left;\">Ch\u00e2teau des Aventuriers <br \/>\n (de la Guignardi\u00e8re)<br \/>\n Aventure, Histoire et nature.<\/h1>\n<p>Le Ch\u00e2teau des Aventuriers vous ouvre la piste des Grands Explorateurs. Des Vikings \u00e0 Christophe Colomb, de Marco Polo \u00e0 Youri Gagarine, partez en famille, entre amis ou pour vos sorties scolaires \u00e0 la d\u00e9couverte de leurs tr\u00e9sors \u00e0 travers une aventure en 20 \u00e9nigmes.<\/p>\n<p> Quatre parcours: Nouveau \u00ab\u00a0les Pirates\u00a0\u00bb aventure de vingt \u00e9nigmes \u00e0 la recherche du m\u00e9daillon magique de Black Poo. Oh! tour tu monde (pour les 3-7 ans) : exp\u00e9rimentez, manipulez et imaginez ! Le parcours historique : visite du ch\u00e2teau renaissance, son jardin \u00e0 la fran\u00e7aise, son parc de 86 ha ! L&rsquo;\u00e9co-parcours : retrouvez les gestes pour agir sur l&rsquo;environnement. F\u00eate des pirates.<\/p>\n<\/div>\n<p style=\"text-align: justify;\">Site internet : http:\/\/www.chateau-aventuriers.com<\/p>\n<p><strong><br \/>\n <span class=\"h1\" style=\"font-size: small;\">Ch\u00e2teau Des Aventuriers en Vend\u00e9e<\/span><\/strong><\/p>\n<dl>\n<dt>Ch\u00e2teau de la Guignardi\u00e8re &#8211; Route des Sables d&rsquo;Olonne<\/dt>\n<dt>85440 Avrill\u00e9 (Vend\u00e9e)<\/dt>\n<dt>T\u00e9l\u00e9phone : 02 51 22 33 06<\/dt>\n<dt>Fax : 02 51 22 39 16<\/dt>\n<\/dl>\n<div style='text-align:left' class='yasr-auto-insert-visitor'><!--Yasr Visitor Votes Shortcode--><div id='yasr_visitor_votes_f88392393b63f' class='yasr-visitor-votes'><div class=\"yasr-custom-text-vv-before yasr-custom-text-vv-before-968\">Avis visiteurs :<\/div><div id='yasr-vv-second-row-container-f88392393b63f'\r\n                                        class='yasr-vv-second-row-container'><div id='yasr-visitor-votes-rater-f88392393b63f'\r\n                                      class='yasr-rater-stars-vv'\r\n                                      data-rater-postid='968'\r\n                                      data-rating='4.7'\r\n                                      data-rater-starsize='16'\r\n                                      data-rater-readonly='false'\r\n                                      data-rater-nonce='d997243d22'\r\n                                      data-issingular='false'\r\n                                    ><\/div><div class=\"yasr-vv-stats-text-container\" id=\"yasr-vv-stats-text-container-f88392393b63f\"><svg xmlns=\"https:\/\/www.w3.org\/2000\/svg\" width=\"20\" height=\"20\"\r\n                                   class=\"yasr-dashicons-visitor-stats\"\r\n                                   data-postid=\"968\"\r\n                                   id=\"yasr-stats-dashicon-f88392393b63f\">\r\n                                   <path d=\"M18 18v-16h-4v16h4zM12 18v-11h-4v11h4zM6 18v-8h-4v8h4z\"><\/path>\r\n                               <\/svg><span id=\"yasr-vv-text-container-f88392393b63f\" class=\"yasr-vv-text-container\">[Nbre : <span id=\"yasr-vv-votes-number-container-f88392393b63f\">3<\/span>  Moyenne : <span id=\"yasr-vv-average-container-f88392393b63f\">4.7<\/span>]<\/span><\/div><div id='yasr-vv-loader-f88392393b63f' class='yasr-vv-container-loader'><\/div><\/div><div id='yasr-vv-bottom-container-f88392393b63f' class='yasr-vv-bottom-container'><\/div><\/div><!--End Yasr Visitor Votes Shortcode--><\/div><div id=\"vende-828971883\" class=\"vende-ads-apres-contenu vende-entity-placement\" style=\"margin-top: 10px;margin-bottom: 10px;margin-left: 10px;\"><p><a href=\"https:\/\/hellostickers.fr\" rel=\"stickers autocollants decoratifs personnalis\u00e9s regionaux\"><img loading=\"lazy\" decoding=\"async\" class=\"alignnone wp-image-2282 \" title=\"stickers autocollants decoratifs personnalis\u00e9s regionaux\" src=\"https:\/\/www.vendee1.eu\/vendee\/wp-content\/uploads\/2017\/05\/stickers_autocollants_decoratifs_regionaux-e1552677291609.png\" alt=\"stickers autocollants decoratifs personnalis\u00e9s regionaux\" width=\"654\" height=\"121\" \/><\/a><\/p>\n<\/div>","protected":false},"excerpt":{"rendered":"<p>Ch\u00e2teau des aventuriers Ch\u00e2teau des Aventuriers (de la Guignardi\u00e8re) Aventure, Histoire et nature. Le Ch\u00e2teau des Aventuriers vous ouvre la piste des Grands Explorateurs. Des Vikings \u00e0 Christophe Colomb, de Marco Polo \u00e0 Youri&#46;&#46;&#46;<\/p>\n","protected":false},"author":1,"featured_media":1545,"comment_status":"closed","ping_status":"closed","sticky":false,"template":"","format":"standard","meta":{"yasr_overall_rating":0,"yasr_post_is_review":"","yasr_auto_insert_disabled":"","yasr_review_type":"","footnotes":""},"categories":[54,114],"tags":[55,28],"class_list":["post-968","post","type-post","status-publish","format-standard","has-post-thumbnail","hentry","category-activites-loisirs-en-vendee","category-chateaux-et-monuments-en-vendee","tag-activites-loisirs","tag-chateaux"],"yasr_visitor_votes":{"stars_attributes":{"read_only":false,"span_bottom":false},"number_of_votes":3,"sum_votes":14},"yoast_head":"<!-- This site is optimized with the Yoast SEO plugin v27.5 - https:\/\/yoast.com\/product\/yoast-seo-wordpress\/ -->\n<title>Ch\u00e2teau des Aventuriers Avrill\u00e9 - Sorties en Vend\u00e9e, Tourisme<\/title>\n<meta name=\"robots\" content=\"index, follow, max-snippet:-1, max-image-preview:large, max-video-preview:-1\" \/>\n<link rel=\"canonical\" href=\"https:\/\/www.vendee1.eu\/vendee\/chateau-aventuriers-avrille\/\" \/>\n<meta property=\"og:locale\" content=\"fr_FR\" \/>\n<meta property=\"og:type\" content=\"article\" \/>\n<meta property=\"og:title\" content=\"Ch\u00e2teau des Aventuriers Avrill\u00e9 - Sorties en Vend\u00e9e, Tourisme\" \/>\n<meta property=\"og:description\" content=\"Ch\u00e2teau des aventuriers Ch\u00e2teau des Aventuriers (de la Guignardi\u00e8re) Aventure, Histoire et nature. Le Ch\u00e2teau des Aventuriers vous ouvre la piste des Grands Explorateurs. Des Vikings \u00e0 Christophe Colomb, de Marco Polo \u00e0 Youri&#046;&#046;&#046;\" \/>\n<meta property=\"og:url\" content=\"https:\/\/www.vendee1.eu\/vendee\/chateau-aventuriers-avrille\/\" \/>\n<meta property=\"og:site_name\" content=\"Sorties en Vend\u00e9e, Tourisme\" \/>\n<meta property=\"article:publisher\" content=\"https:\/\/www.facebook.com\/vendee.tourisme.7\/\" \/>\n<meta property=\"article:published_time\" content=\"2017-03-16T07:18:25+00:00\" \/>\n<meta property=\"article:modified_time\" content=\"2017-04-23T08:35:33+00:00\" \/>\n<meta property=\"og:image\" content=\"https:\/\/www.vendee1.eu\/vendee\/wp-content\/uploads\/2017\/03\/chateau-des-aventuriers.jpg\" \/>\n\t<meta property=\"og:image:width\" content=\"640\" \/>\n\t<meta property=\"og:image:height\" content=\"542\" \/>\n\t<meta property=\"og:image:type\" content=\"image\/jpeg\" \/>\n<meta name=\"author\" content=\"Sorties Vend\u00e9e\" \/>\n<meta name=\"twitter:card\" content=\"summary_large_image\" \/>\n<meta name=\"twitter:label1\" content=\"\u00c9crit par\" \/>\n\t<meta name=\"twitter:data1\" content=\"Sorties Vend\u00e9e\" \/>\n\t<meta name=\"twitter:label2\" content=\"Dur\u00e9e de lecture estim\u00e9e\" \/>\n\t<meta name=\"twitter:data2\" content=\"1 minute\" \/>\n<script type=\"application\/ld+json\" class=\"yoast-schema-graph\">{\"@context\":\"https:\\\/\\\/schema.org\",\"@graph\":[{\"@type\":\"Article\",\"@id\":\"https:\\\/\\\/www.vendee1.eu\\\/vendee\\\/chateau-aventuriers-avrille\\\/#article\",\"isPartOf\":{\"@id\":\"https:\\\/\\\/www.vendee1.eu\\\/vendee\\\/chateau-aventuriers-avrille\\\/\"},\"author\":{\"name\":\"Sorties Vend\u00e9e\",\"@id\":\"https:\\\/\\\/www.vendee1.eu\\\/vendee\\\/#\\\/schema\\\/person\\\/63e22c035c30bbdf6ae725e3b531afdc\"},\"headline\":\"Ch\u00e2teau des Aventuriers Avrill\u00e9\",\"datePublished\":\"2017-03-16T07:18:25+00:00\",\"dateModified\":\"2017-04-23T08:35:33+00:00\",\"mainEntityOfPage\":{\"@id\":\"https:\\\/\\\/www.vendee1.eu\\\/vendee\\\/chateau-aventuriers-avrille\\\/\"},\"wordCount\":158,\"image\":{\"@id\":\"https:\\\/\\\/www.vendee1.eu\\\/vendee\\\/chateau-aventuriers-avrille\\\/#primaryimage\"},\"thumbnailUrl\":\"https:\\\/\\\/www.vendee1.eu\\\/vendee\\\/wp-content\\\/uploads\\\/2017\\\/03\\\/chateau-des-aventuriers.jpg\",\"keywords\":[\"activit\u00e9s loisirs\",\"Ch\u00e2teaux\"],\"articleSection\":[\"Activit\u00e9s loisirs en Vend\u00e9e\",\"Ch\u00e2teaux et Monuments en Vend\u00e9e\"],\"inLanguage\":\"fr-FR\"},{\"@type\":\"WebPage\",\"@id\":\"https:\\\/\\\/www.vendee1.eu\\\/vendee\\\/chateau-aventuriers-avrille\\\/\",\"url\":\"https:\\\/\\\/www.vendee1.eu\\\/vendee\\\/chateau-aventuriers-avrille\\\/\",\"name\":\"Ch\u00e2teau des Aventuriers Avrill\u00e9 - Sorties en Vend\u00e9e, Tourisme\",\"isPartOf\":{\"@id\":\"https:\\\/\\\/www.vendee1.eu\\\/vendee\\\/#website\"},\"primaryImageOfPage\":{\"@id\":\"https:\\\/\\\/www.vendee1.eu\\\/vendee\\\/chateau-aventuriers-avrille\\\/#primaryimage\"},\"image\":{\"@id\":\"https:\\\/\\\/www.vendee1.eu\\\/vendee\\\/chateau-aventuriers-avrille\\\/#primaryimage\"},\"thumbnailUrl\":\"https:\\\/\\\/www.vendee1.eu\\\/vendee\\\/wp-content\\\/uploads\\\/2017\\\/03\\\/chateau-des-aventuriers.jpg\",\"datePublished\":\"2017-03-16T07:18:25+00:00\",\"dateModified\":\"2017-04-23T08:35:33+00:00\",\"author\":{\"@id\":\"https:\\\/\\\/www.vendee1.eu\\\/vendee\\\/#\\\/schema\\\/person\\\/63e22c035c30bbdf6ae725e3b531afdc\"},\"breadcrumb\":{\"@id\":\"https:\\\/\\\/www.vendee1.eu\\\/vendee\\\/chateau-aventuriers-avrille\\\/#breadcrumb\"},\"inLanguage\":\"fr-FR\",\"potentialAction\":[{\"@type\":\"ReadAction\",\"target\":[\"https:\\\/\\\/www.vendee1.eu\\\/vendee\\\/chateau-aventuriers-avrille\\\/\"]}]},{\"@type\":\"ImageObject\",\"inLanguage\":\"fr-FR\",\"@id\":\"https:\\\/\\\/www.vendee1.eu\\\/vendee\\\/chateau-aventuriers-avrille\\\/#primaryimage\",\"url\":\"https:\\\/\\\/www.vendee1.eu\\\/vendee\\\/wp-content\\\/uploads\\\/2017\\\/03\\\/chateau-des-aventuriers.jpg\",\"contentUrl\":\"https:\\\/\\\/www.vendee1.eu\\\/vendee\\\/wp-content\\\/uploads\\\/2017\\\/03\\\/chateau-des-aventuriers.jpg\",\"width\":640,\"height\":542,\"caption\":\"Ch\u00e2teau des aventuriers\"},{\"@type\":\"BreadcrumbList\",\"@id\":\"https:\\\/\\\/www.vendee1.eu\\\/vendee\\\/chateau-aventuriers-avrille\\\/#breadcrumb\",\"itemListElement\":[{\"@type\":\"ListItem\",\"position\":1,\"name\":\"Accueil\",\"item\":\"https:\\\/\\\/www.vendee1.eu\\\/vendee\\\/\"},{\"@type\":\"ListItem\",\"position\":2,\"name\":\"Ch\u00e2teau des Aventuriers Avrill\u00e9\"}]},{\"@type\":\"WebSite\",\"@id\":\"https:\\\/\\\/www.vendee1.eu\\\/vendee\\\/#website\",\"url\":\"https:\\\/\\\/www.vendee1.eu\\\/vendee\\\/\",\"name\":\"Sorties en Vend\u00e9e, Tourisme\",\"description\":\"Vend\u00e9e1, les id\u00e9es Sorties en Vend\u00e9e Tourisme\",\"potentialAction\":[{\"@type\":\"SearchAction\",\"target\":{\"@type\":\"EntryPoint\",\"urlTemplate\":\"https:\\\/\\\/www.vendee1.eu\\\/vendee\\\/?s={search_term_string}\"},\"query-input\":{\"@type\":\"PropertyValueSpecification\",\"valueRequired\":true,\"valueName\":\"search_term_string\"}}],\"inLanguage\":\"fr-FR\"},{\"@type\":\"Person\",\"@id\":\"https:\\\/\\\/www.vendee1.eu\\\/vendee\\\/#\\\/schema\\\/person\\\/63e22c035c30bbdf6ae725e3b531afdc\",\"name\":\"Sorties Vend\u00e9e\",\"image\":{\"@type\":\"ImageObject\",\"inLanguage\":\"fr-FR\",\"@id\":\"https:\\\/\\\/secure.gravatar.com\\\/avatar\\\/61d1de7f953f29bb3f5b6457b62fb4b66f834c865f75a7d8ec767d557a808e20?s=96&d=mm&r=g\",\"url\":\"https:\\\/\\\/secure.gravatar.com\\\/avatar\\\/61d1de7f953f29bb3f5b6457b62fb4b66f834c865f75a7d8ec767d557a808e20?s=96&d=mm&r=g\",\"contentUrl\":\"https:\\\/\\\/secure.gravatar.com\\\/avatar\\\/61d1de7f953f29bb3f5b6457b62fb4b66f834c865f75a7d8ec767d557a808e20?s=96&d=mm&r=g\",\"caption\":\"Sorties Vend\u00e9e\"}},{\"@context\":\"https:\\\/\\\/schema.org\\\/\",\"@type\":\"Product\",\"name\":\"Ch\u00e2teau des Aventuriers Avrill\u00e9\",\"description\":\"\",\"image\":{\"@type\":\"ImageObject\",\"url\":\"https:\\\/\\\/www.vendee1.eu\\\/vendee\\\/wp-content\\\/uploads\\\/2017\\\/03\\\/chateau-des-aventuriers.jpg\",\"width\":640,\"height\":542},\"aggregateRating\":{\"@type\":\"AggregateRating\",\"ratingValue\":4.7,\"ratingCount\":3,\"bestRating\":5,\"worstRating\":1},\"brand\":{\"@type\":\"Brand\",\"name\":\"\"},\"sku\":\"\",\"\":\"\"}]}<\/script>\n<!-- \/ Yoast SEO plugin. -->","yoast_head_json":{"title":"Ch\u00e2teau des Aventuriers Avrill\u00e9 - Sorties en Vend\u00e9e, Tourisme","robots":{"index":"index","follow":"follow","max-snippet":"max-snippet:-1","max-image-preview":"max-image-preview:large","max-video-preview":"max-video-preview:-1"},"canonical":"https:\/\/www.vendee1.eu\/vendee\/chateau-aventuriers-avrille\/","og_locale":"fr_FR","og_type":"article","og_title":"Ch\u00e2teau des Aventuriers Avrill\u00e9 - Sorties en Vend\u00e9e, Tourisme","og_description":"Ch\u00e2teau des aventuriers Ch\u00e2teau des Aventuriers (de la Guignardi\u00e8re) Aventure, Histoire et nature. Le Ch\u00e2teau des Aventuriers vous ouvre la piste des Grands Explorateurs. Des Vikings \u00e0 Christophe Colomb, de Marco Polo \u00e0 Youri&#46;&#46;&#46;","og_url":"https:\/\/www.vendee1.eu\/vendee\/chateau-aventuriers-avrille\/","og_site_name":"Sorties en Vend\u00e9e, Tourisme","article_publisher":"https:\/\/www.facebook.com\/vendee.tourisme.7\/","article_published_time":"2017-03-16T07:18:25+00:00","article_modified_time":"2017-04-23T08:35:33+00:00","og_image":[{"width":640,"height":542,"url":"https:\/\/www.vendee1.eu\/vendee\/wp-content\/uploads\/2017\/03\/chateau-des-aventuriers.jpg","type":"image\/jpeg"}],"author":"Sorties Vend\u00e9e","twitter_card":"summary_large_image","twitter_misc":{"\u00c9crit par":"Sorties Vend\u00e9e","Dur\u00e9e de lecture estim\u00e9e":"1 minute"},"schema":{"@context":"https:\/\/schema.org","@graph":[{"@type":"Article","@id":"https:\/\/www.vendee1.eu\/vendee\/chateau-aventuriers-avrille\/#article","isPartOf":{"@id":"https:\/\/www.vendee1.eu\/vendee\/chateau-aventuriers-avrille\/"},"author":{"name":"Sorties Vend\u00e9e","@id":"https:\/\/www.vendee1.eu\/vendee\/#\/schema\/person\/63e22c035c30bbdf6ae725e3b531afdc"},"headline":"Ch\u00e2teau des Aventuriers Avrill\u00e9","datePublished":"2017-03-16T07:18:25+00:00","dateModified":"2017-04-23T08:35:33+00:00","mainEntityOfPage":{"@id":"https:\/\/www.vendee1.eu\/vendee\/chateau-aventuriers-avrille\/"},"wordCount":158,"image":{"@id":"https:\/\/www.vendee1.eu\/vendee\/chateau-aventuriers-avrille\/#primaryimage"},"thumbnailUrl":"https:\/\/www.vendee1.eu\/vendee\/wp-content\/uploads\/2017\/03\/chateau-des-aventuriers.jpg","keywords":["activit\u00e9s loisirs","Ch\u00e2teaux"],"articleSection":["Activit\u00e9s loisirs en Vend\u00e9e","Ch\u00e2teaux et Monuments en Vend\u00e9e"],"inLanguage":"fr-FR"},{"@type":"WebPage","@id":"https:\/\/www.vendee1.eu\/vendee\/chateau-aventuriers-avrille\/","url":"https:\/\/www.vendee1.eu\/vendee\/chateau-aventuriers-avrille\/","name":"Ch\u00e2teau des Aventuriers Avrill\u00e9 - Sorties en Vend\u00e9e, Tourisme","isPartOf":{"@id":"https:\/\/www.vendee1.eu\/vendee\/#website"},"primaryImageOfPage":{"@id":"https:\/\/www.vendee1.eu\/vendee\/chateau-aventuriers-avrille\/#primaryimage"},"image":{"@id":"https:\/\/www.vendee1.eu\/vendee\/chateau-aventuriers-avrille\/#primaryimage"},"thumbnailUrl":"https:\/\/www.vendee1.eu\/vendee\/wp-content\/uploads\/2017\/03\/chateau-des-aventuriers.jpg","datePublished":"2017-03-16T07:18:25+00:00","dateModified":"2017-04-23T08:35:33+00:00","author":{"@id":"https:\/\/www.vendee1.eu\/vendee\/#\/schema\/person\/63e22c035c30bbdf6ae725e3b531afdc"},"breadcrumb":{"@id":"https:\/\/www.vendee1.eu\/vendee\/chateau-aventuriers-avrille\/#breadcrumb"},"inLanguage":"fr-FR","potentialAction":[{"@type":"ReadAction","target":["https:\/\/www.vendee1.eu\/vendee\/chateau-aventuriers-avrille\/"]}]},{"@type":"ImageObject","inLanguage":"fr-FR","@id":"https:\/\/www.vendee1.eu\/vendee\/chateau-aventuriers-avrille\/#primaryimage","url":"https:\/\/www.vendee1.eu\/vendee\/wp-content\/uploads\/2017\/03\/chateau-des-aventuriers.jpg","contentUrl":"https:\/\/www.vendee1.eu\/vendee\/wp-content\/uploads\/2017\/03\/chateau-des-aventuriers.jpg","width":640,"height":542,"caption":"Ch\u00e2teau des aventuriers"},{"@type":"BreadcrumbList","@id":"https:\/\/www.vendee1.eu\/vendee\/chateau-aventuriers-avrille\/#breadcrumb","itemListElement":[{"@type":"ListItem","position":1,"name":"Accueil","item":"https:\/\/www.vendee1.eu\/vendee\/"},{"@type":"ListItem","position":2,"name":"Ch\u00e2teau des Aventuriers Avrill\u00e9"}]},{"@type":"WebSite","@id":"https:\/\/www.vendee1.eu\/vendee\/#website","url":"https:\/\/www.vendee1.eu\/vendee\/","name":"Sorties en Vend\u00e9e, Tourisme","description":"Vend\u00e9e1, les id\u00e9es Sorties en Vend\u00e9e Tourisme","potentialAction":[{"@type":"SearchAction","target":{"@type":"EntryPoint","urlTemplate":"https:\/\/www.vendee1.eu\/vendee\/?s={search_term_string}"},"query-input":{"@type":"PropertyValueSpecification","valueRequired":true,"valueName":"search_term_string"}}],"inLanguage":"fr-FR"},{"@type":"Person","@id":"https:\/\/www.vendee1.eu\/vendee\/#\/schema\/person\/63e22c035c30bbdf6ae725e3b531afdc","name":"Sorties Vend\u00e9e","image":{"@type":"ImageObject","inLanguage":"fr-FR","@id":"https:\/\/secure.gravatar.com\/avatar\/61d1de7f953f29bb3f5b6457b62fb4b66f834c865f75a7d8ec767d557a808e20?s=96&d=mm&r=g","url":"https:\/\/secure.gravatar.com\/avatar\/61d1de7f953f29bb3f5b6457b62fb4b66f834c865f75a7d8ec767d557a808e20?s=96&d=mm&r=g","contentUrl":"https:\/\/secure.gravatar.com\/avatar\/61d1de7f953f29bb3f5b6457b62fb4b66f834c865f75a7d8ec767d557a808e20?s=96&d=mm&r=g","caption":"Sorties Vend\u00e9e"}},{"@context":"https:\/\/schema.org\/","@type":"Product","name":"Ch\u00e2teau des Aventuriers Avrill\u00e9","description":"","image":{"@type":"ImageObject","url":"https:\/\/www.vendee1.eu\/vendee\/wp-content\/uploads\/2017\/03\/chateau-des-aventuriers.jpg","width":640,"height":542},"aggregateRating":{"@type":"AggregateRating","ratingValue":4.7,"ratingCount":3,"bestRating":5,"worstRating":1},"brand":{"@type":"Brand","name":""},"sku":"","":""}]}},"_links":{"self":[{"href":"https:\/\/www.vendee1.eu\/vendee\/wp-json\/wp\/v2\/posts\/968","targetHints":{"allow":["GET"]}}],"collection":[{"href":"https:\/\/www.vendee1.eu\/vendee\/wp-json\/wp\/v2\/posts"}],"about":[{"href":"https:\/\/www.vendee1.eu\/vendee\/wp-json\/wp\/v2\/types\/post"}],"author":[{"embeddable":true,"href":"https:\/\/www.vendee1.eu\/vendee\/wp-json\/wp\/v2\/users\/1"}],"replies":[{"embeddable":true,"href":"https:\/\/www.vendee1.eu\/vendee\/wp-json\/wp\/v2\/comments?post=968"}],"version-history":[{"count":5,"href":"https:\/\/www.vendee1.eu\/vendee\/wp-json\/wp\/v2\/posts\/968\/revisions"}],"predecessor-version":[{"id":1546,"href":"https:\/\/www.vendee1.eu\/vendee\/wp-json\/wp\/v2\/posts\/968\/revisions\/1546"}],"wp:featuredmedia":[{"embeddable":true,"href":"https:\/\/www.vendee1.eu\/vendee\/wp-json\/wp\/v2\/media\/1545"}],"wp:attachment":[{"href":"https:\/\/www.vendee1.eu\/vendee\/wp-json\/wp\/v2\/media?parent=968"}],"wp:term":[{"taxonomy":"category","embeddable":true,"href":"https:\/\/www.vendee1.eu\/vendee\/wp-json\/wp\/v2\/categories?post=968"},{"taxonomy":"post_tag","embeddable":true,"href":"https:\/\/www.vendee1.eu\/vendee\/wp-json\/wp\/v2\/tags?post=968"}],"curies":[{"name":"wp","href":"https:\/\/api.w.org\/{rel}","templated":true}]}}