{"id":966,"date":"2017-03-16T08:18:05","date_gmt":"2017-03-16T07:18:05","guid":{"rendered":"http:\/\/www.vendee1.eu\/vendee\/?p=966"},"modified":"2017-03-16T08:18:05","modified_gmt":"2017-03-16T07:18:05","slug":"proverbes-citations-mois-de-juillet","status":"publish","type":"post","link":"https:\/\/www.vendee1.eu\/vendee\/proverbes-citations-mois-de-juillet\/","title":{"rendered":"Proverbes, citations du mois de juillet"},"content":{"rendered":"<div id=\"vende-64347424\" class=\"vende-ads-avant-contenu vende-entity-placement\"><div id=\"attachment_3409\" style=\"width: 810px\" class=\"wp-caption alignnone\"><a href=\"https:\/\/www.mediawakeup.fr\/nous-contacter-184-rue-joseph-gaillard-zone-dactivites-nord-et-gare-85600-montaigu-vendee-agence-crea-web-print\/\" target=\"_blank\" rel=\"Cr\u00e9ation logo Vend\u00e9e Montaigu site internet noopener\"><img loading=\"lazy\" decoding=\"async\" aria-describedby=\"caption-attachment-3409\" class=\"wp-image-3409 size-full\" title=\"Cr\u00e9ation logo Vend\u00e9e Montaigu site internet\" src=\"https:\/\/www.vendee1.eu\/wp-content\/uploads\/2018\/03\/creation-site-internet-vendee-graphistes.jpg\" alt=\"Cr\u00e9ation logo Vend\u00e9e Montaigu site internet - Agence de communication web print en Vend\u00e9e \" width=\"800\" height=\"283\" \/><\/a><p id=\"caption-attachment-3409\" class=\"wp-caption-text\">Cr\u00e9ation logo Vend\u00e9e Montaigu site internet &#8211; Agence de communication web print en Vend\u00e9e<\/p><\/div>\n<p>&nbsp;<\/p>\n<\/div><h1><span><br \/>\nProverbes, citations du mois de juillet<\/span><\/h1>\n<p>Jamais en juillet la moindre s\u00e9cheresse n&rsquo;a caus\u00e9<br \/>\nla moindre d\u00e9tresse<\/p>\n<p>Juillet ensoleill\u00e9 remplit cave et grenier<\/p>\n<p>Quand juillet commencera<br \/>\nTa faux affuteras<br \/>\nEt ta valise boucleras<\/p>\n<p>Si le d\u00e9but de juillet est pluvieux<br \/>\nTout le reste du mois sera douteux<\/p>\n<p>Juillet sans orage<br \/>\nFamine au village<\/p>\n<p>Juillet sans orage<br \/>\nFamine au village<\/p>\n<p>Petite pluie de juillet<br \/>\nEmplit caves et greniers<\/p>\n<p>Qui veut des beaux navets<br \/>\nles s\u00e8me en juillet<\/p>\n<p>Quand l&rsquo;\u00e9t\u00e9 le coq boit<br \/>\nLa pluie n&rsquo;est pas loin<\/p>\n<p>Si le coq chante \u00e0 midi<br \/>\nC&rsquo;est un temps de paradis<\/p>\n<p>Des gu\u00eapes et des abeilles<br \/>\nvolent le matin, en grande quantit\u00e9<br \/>\nLa journ\u00e9e sera belle<\/p>\n<p>Si les vaches se regroupent dans les champs<br \/>\nC&rsquo;est qu&rsquo;il va faire mauvais temps<\/p>\n<p>&nbsp;<\/p>\n<h1><span>Les jours de f\u00eate en juillet<\/span><\/h1>\n<p><span><strong>le 2 juillet<\/strong><\/span><\/p>\n<p>S&rsquo;il pleut \u00e0 la visitation<\/p>\n<p>Pluie \u00e0 discr\u00e9tion<\/p>\n<p><strong><span>le 3 juillet<\/span><\/strong><\/p>\n<p>A saint Anatole<\/p>\n<p>Confiture dans la casserole<\/p>\n<p><strong><span>le 13 juillet<\/span><\/strong><\/p>\n<p>Quand reviendra la saint Henri<\/p>\n<p>Tu planteras ton c\u00e9l\u00e9ri<\/p>\n<p><strong><span>le 20 juillet<\/span><\/strong><\/p>\n<p>A la sainte Marguerite pluie<\/p>\n<p>Jamais au paysan ne sourit<\/p>\n<p>Mais pluie\u00a0 \u00e0 sainte Anne<\/p>\n<p>Pour lui c&rsquo;est la manne<\/p>\n<p><strong><span>le 21 juillet<\/span><\/strong><\/p>\n<p>Quand il pleut \u00e0 la saint Victor<\/p>\n<p>La r\u00e9colte n&rsquo;est pas d&rsquo;or<\/p>\n<p><strong><span>le 22 juillet<\/span><\/strong><\/p>\n<p>S&rsquo;il pleut \u00e0 la sainte Madeleine<\/p>\n<p>Il pleut durant six semaines<\/p>\n<p><strong><span>le 25 juillet<\/span><\/strong><\/p>\n<p>Si saint Jacques est serein<\/p>\n<p>L&rsquo;hiver sera d\u00fb et serein<\/p>\n<p><strong><span>le 26 juillet<\/span><\/strong><\/p>\n<p>Pour la sainte Anne s&rsquo;il pleut<\/p>\n<p>Trente jours seront pluvieux<\/p>\n<p>S&rsquo;il pleut \u00e0 la Sainte Anne le 26 juillet<\/p>\n<p>Il pleut un mois et une semaine <\/p>\n<p>\n<\/p>\n<p><span>Quand l&rsquo;\u00e9t\u00e9 le coq boit<\/span><\/p>\n<p><span>La pluie n&rsquo;est pas loin<\/span><\/p>\n<p><span>Si le coq chante \u00e0 midi<\/span><\/p>\n<p><span>C&rsquo;e&rsquo;st un temps de paradis<\/span><\/p>\n<p><span>Des gu\u00eapes et des abeilles<\/span><\/p>\n<p><span>volent le matin,en grande quantit\u00e9<\/span><\/p>\n<p><span>La journ\u00e9e sera belle<\/span><\/p>\n<p><span>Si les vaches se regroupent dans les champs<\/span><\/p>\n<p><span>C&rsquo;est qu&rsquo;il va faire mauvais temps<\/span><\/p>\n<div style='text-align:left' class='yasr-auto-insert-visitor'><!--Yasr Visitor Votes Shortcode--><div id='yasr_visitor_votes_9bb52fe52fa64' class='yasr-visitor-votes'><div class=\"yasr-custom-text-vv-before yasr-custom-text-vv-before-966\">Avis visiteurs :<\/div><div id='yasr-vv-second-row-container-9bb52fe52fa64'\r\n                                        class='yasr-vv-second-row-container'><div id='yasr-visitor-votes-rater-9bb52fe52fa64'\r\n                                      class='yasr-rater-stars-vv'\r\n                                      data-rater-postid='966'\r\n                                      data-rating='0'\r\n                                      data-rater-starsize='16'\r\n                                      data-rater-readonly='false'\r\n                                      data-rater-nonce='d997243d22'\r\n                                      data-issingular='false'\r\n                                    ><\/div><div class=\"yasr-vv-stats-text-container\" id=\"yasr-vv-stats-text-container-9bb52fe52fa64\"><svg xmlns=\"https:\/\/www.w3.org\/2000\/svg\" width=\"20\" height=\"20\"\r\n                                   class=\"yasr-dashicons-visitor-stats\"\r\n                                   data-postid=\"966\"\r\n                                   id=\"yasr-stats-dashicon-9bb52fe52fa64\">\r\n                                   <path d=\"M18 18v-16h-4v16h4zM12 18v-11h-4v11h4zM6 18v-8h-4v8h4z\"><\/path>\r\n                               <\/svg><span id=\"yasr-vv-text-container-9bb52fe52fa64\" class=\"yasr-vv-text-container\">[Nbre : <span id=\"yasr-vv-votes-number-container-9bb52fe52fa64\">0<\/span>  Moyenne : <span id=\"yasr-vv-average-container-9bb52fe52fa64\">0<\/span>]<\/span><\/div><div id='yasr-vv-loader-9bb52fe52fa64' class='yasr-vv-container-loader'><\/div><\/div><div id='yasr-vv-bottom-container-9bb52fe52fa64' class='yasr-vv-bottom-container'><\/div><\/div><!--End Yasr Visitor Votes Shortcode--><\/div><div id=\"vende-2857324459\" class=\"vende-ads-apres-contenu vende-entity-placement\" style=\"margin-top: 10px;margin-bottom: 10px;margin-left: 10px;\"><p><a href=\"https:\/\/hellostickers.fr\" rel=\"stickers autocollants decoratifs personnalis\u00e9s regionaux\"><img loading=\"lazy\" decoding=\"async\" class=\"alignnone wp-image-2282 \" title=\"stickers autocollants decoratifs personnalis\u00e9s regionaux\" src=\"https:\/\/www.vendee1.eu\/vendee\/wp-content\/uploads\/2017\/05\/stickers_autocollants_decoratifs_regionaux-e1552677291609.png\" alt=\"stickers autocollants decoratifs personnalis\u00e9s regionaux\" width=\"654\" height=\"121\" \/><\/a><\/p>\n<\/div>","protected":false},"excerpt":{"rendered":"<p>Proverbes, citations du mois de juillet Jamais en juillet la moindre s\u00e9cheresse n&rsquo;a caus\u00e9 la moindre d\u00e9tresse Juillet ensoleill\u00e9 remplit cave et grenier Quand juillet commencera Ta faux affuteras Et ta valise boucleras Si&#46;&#46;&#46;<\/p>\n","protected":false},"author":1,"featured_media":0,"comment_status":"closed","ping_status":"closed","sticky":false,"template":"","format":"standard","meta":{"yasr_overall_rating":0,"yasr_post_is_review":"","yasr_auto_insert_disabled":"","yasr_review_type":"","footnotes":""},"categories":[1],"tags":[],"class_list":["post-966","post","type-post","status-publish","format-standard","hentry","category-non-classe"],"yasr_visitor_votes":{"stars_attributes":{"read_only":false,"span_bottom":false},"number_of_votes":0,"sum_votes":0},"yoast_head":"<!-- This site is optimized with the Yoast SEO plugin v27.5 - https:\/\/yoast.com\/product\/yoast-seo-wordpress\/ -->\n<title>Proverbes, citations du mois de juillet - Sorties en Vend\u00e9e, Tourisme<\/title>\n<meta name=\"robots\" content=\"index, follow, max-snippet:-1, max-image-preview:large, max-video-preview:-1\" \/>\n<link rel=\"canonical\" href=\"https:\/\/www.vendee1.eu\/vendee\/proverbes-citations-mois-de-juillet\/\" \/>\n<meta property=\"og:locale\" content=\"fr_FR\" \/>\n<meta property=\"og:type\" content=\"article\" \/>\n<meta property=\"og:title\" content=\"Proverbes, citations du mois de juillet - Sorties en Vend\u00e9e, Tourisme\" \/>\n<meta property=\"og:description\" content=\"Proverbes, citations du mois de juillet Jamais en juillet la moindre s\u00e9cheresse n&rsquo;a caus\u00e9 la moindre d\u00e9tresse Juillet ensoleill\u00e9 remplit cave et grenier Quand juillet commencera Ta faux affuteras Et ta valise boucleras Si&#046;&#046;&#046;\" \/>\n<meta property=\"og:url\" content=\"https:\/\/www.vendee1.eu\/vendee\/proverbes-citations-mois-de-juillet\/\" \/>\n<meta property=\"og:site_name\" content=\"Sorties en Vend\u00e9e, Tourisme\" \/>\n<meta property=\"article:publisher\" content=\"https:\/\/www.facebook.com\/vendee.tourisme.7\/\" \/>\n<meta property=\"article:published_time\" content=\"2017-03-16T07:18:05+00:00\" \/>\n<meta name=\"author\" content=\"Sorties Vend\u00e9e\" \/>\n<meta name=\"twitter:card\" content=\"summary_large_image\" \/>\n<meta name=\"twitter:label1\" content=\"\u00c9crit par\" \/>\n\t<meta name=\"twitter:data1\" content=\"Sorties Vend\u00e9e\" \/>\n\t<meta name=\"twitter:label2\" content=\"Dur\u00e9e de lecture estim\u00e9e\" \/>\n\t<meta name=\"twitter:data2\" content=\"2 minutes\" \/>\n<script type=\"application\/ld+json\" class=\"yoast-schema-graph\">{\"@context\":\"https:\\\/\\\/schema.org\",\"@graph\":[{\"@type\":\"Article\",\"@id\":\"https:\\\/\\\/www.vendee1.eu\\\/vendee\\\/proverbes-citations-mois-de-juillet\\\/#article\",\"isPartOf\":{\"@id\":\"https:\\\/\\\/www.vendee1.eu\\\/vendee\\\/proverbes-citations-mois-de-juillet\\\/\"},\"author\":{\"name\":\"Sorties Vend\u00e9e\",\"@id\":\"https:\\\/\\\/www.vendee1.eu\\\/vendee\\\/#\\\/schema\\\/person\\\/63e22c035c30bbdf6ae725e3b531afdc\"},\"headline\":\"Proverbes, citations du mois de juillet\",\"datePublished\":\"2017-03-16T07:18:05+00:00\",\"mainEntityOfPage\":{\"@id\":\"https:\\\/\\\/www.vendee1.eu\\\/vendee\\\/proverbes-citations-mois-de-juillet\\\/\"},\"wordCount\":332,\"inLanguage\":\"fr-FR\"},{\"@type\":\"WebPage\",\"@id\":\"https:\\\/\\\/www.vendee1.eu\\\/vendee\\\/proverbes-citations-mois-de-juillet\\\/\",\"url\":\"https:\\\/\\\/www.vendee1.eu\\\/vendee\\\/proverbes-citations-mois-de-juillet\\\/\",\"name\":\"Proverbes, citations du mois de juillet - Sorties en Vend\u00e9e, Tourisme\",\"isPartOf\":{\"@id\":\"https:\\\/\\\/www.vendee1.eu\\\/vendee\\\/#website\"},\"datePublished\":\"2017-03-16T07:18:05+00:00\",\"author\":{\"@id\":\"https:\\\/\\\/www.vendee1.eu\\\/vendee\\\/#\\\/schema\\\/person\\\/63e22c035c30bbdf6ae725e3b531afdc\"},\"breadcrumb\":{\"@id\":\"https:\\\/\\\/www.vendee1.eu\\\/vendee\\\/proverbes-citations-mois-de-juillet\\\/#breadcrumb\"},\"inLanguage\":\"fr-FR\",\"potentialAction\":[{\"@type\":\"ReadAction\",\"target\":[\"https:\\\/\\\/www.vendee1.eu\\\/vendee\\\/proverbes-citations-mois-de-juillet\\\/\"]}]},{\"@type\":\"BreadcrumbList\",\"@id\":\"https:\\\/\\\/www.vendee1.eu\\\/vendee\\\/proverbes-citations-mois-de-juillet\\\/#breadcrumb\",\"itemListElement\":[{\"@type\":\"ListItem\",\"position\":1,\"name\":\"Accueil\",\"item\":\"https:\\\/\\\/www.vendee1.eu\\\/vendee\\\/\"},{\"@type\":\"ListItem\",\"position\":2,\"name\":\"Proverbes, citations du mois de juillet\"}]},{\"@type\":\"WebSite\",\"@id\":\"https:\\\/\\\/www.vendee1.eu\\\/vendee\\\/#website\",\"url\":\"https:\\\/\\\/www.vendee1.eu\\\/vendee\\\/\",\"name\":\"Sorties en Vend\u00e9e, Tourisme\",\"description\":\"Vend\u00e9e1, les id\u00e9es Sorties en Vend\u00e9e Tourisme\",\"potentialAction\":[{\"@type\":\"SearchAction\",\"target\":{\"@type\":\"EntryPoint\",\"urlTemplate\":\"https:\\\/\\\/www.vendee1.eu\\\/vendee\\\/?s={search_term_string}\"},\"query-input\":{\"@type\":\"PropertyValueSpecification\",\"valueRequired\":true,\"valueName\":\"search_term_string\"}}],\"inLanguage\":\"fr-FR\"},{\"@type\":\"Person\",\"@id\":\"https:\\\/\\\/www.vendee1.eu\\\/vendee\\\/#\\\/schema\\\/person\\\/63e22c035c30bbdf6ae725e3b531afdc\",\"name\":\"Sorties Vend\u00e9e\",\"image\":{\"@type\":\"ImageObject\",\"inLanguage\":\"fr-FR\",\"@id\":\"https:\\\/\\\/secure.gravatar.com\\\/avatar\\\/61d1de7f953f29bb3f5b6457b62fb4b66f834c865f75a7d8ec767d557a808e20?s=96&d=mm&r=g\",\"url\":\"https:\\\/\\\/secure.gravatar.com\\\/avatar\\\/61d1de7f953f29bb3f5b6457b62fb4b66f834c865f75a7d8ec767d557a808e20?s=96&d=mm&r=g\",\"contentUrl\":\"https:\\\/\\\/secure.gravatar.com\\\/avatar\\\/61d1de7f953f29bb3f5b6457b62fb4b66f834c865f75a7d8ec767d557a808e20?s=96&d=mm&r=g\",\"caption\":\"Sorties Vend\u00e9e\"}},false]}<\/script>\n<!-- \/ Yoast SEO plugin. -->","yoast_head_json":{"title":"Proverbes, citations du mois de juillet - Sorties en Vend\u00e9e, Tourisme","robots":{"index":"index","follow":"follow","max-snippet":"max-snippet:-1","max-image-preview":"max-image-preview:large","max-video-preview":"max-video-preview:-1"},"canonical":"https:\/\/www.vendee1.eu\/vendee\/proverbes-citations-mois-de-juillet\/","og_locale":"fr_FR","og_type":"article","og_title":"Proverbes, citations du mois de juillet - Sorties en Vend\u00e9e, Tourisme","og_description":"Proverbes, citations du mois de juillet Jamais en juillet la moindre s\u00e9cheresse n&rsquo;a caus\u00e9 la moindre d\u00e9tresse Juillet ensoleill\u00e9 remplit cave et grenier Quand juillet commencera Ta faux affuteras Et ta valise boucleras Si&#46;&#46;&#46;","og_url":"https:\/\/www.vendee1.eu\/vendee\/proverbes-citations-mois-de-juillet\/","og_site_name":"Sorties en Vend\u00e9e, Tourisme","article_publisher":"https:\/\/www.facebook.com\/vendee.tourisme.7\/","article_published_time":"2017-03-16T07:18:05+00:00","author":"Sorties Vend\u00e9e","twitter_card":"summary_large_image","twitter_misc":{"\u00c9crit par":"Sorties Vend\u00e9e","Dur\u00e9e de lecture estim\u00e9e":"2 minutes"},"schema":{"@context":"https:\/\/schema.org","@graph":[{"@type":"Article","@id":"https:\/\/www.vendee1.eu\/vendee\/proverbes-citations-mois-de-juillet\/#article","isPartOf":{"@id":"https:\/\/www.vendee1.eu\/vendee\/proverbes-citations-mois-de-juillet\/"},"author":{"name":"Sorties Vend\u00e9e","@id":"https:\/\/www.vendee1.eu\/vendee\/#\/schema\/person\/63e22c035c30bbdf6ae725e3b531afdc"},"headline":"Proverbes, citations du mois de juillet","datePublished":"2017-03-16T07:18:05+00:00","mainEntityOfPage":{"@id":"https:\/\/www.vendee1.eu\/vendee\/proverbes-citations-mois-de-juillet\/"},"wordCount":332,"inLanguage":"fr-FR"},{"@type":"WebPage","@id":"https:\/\/www.vendee1.eu\/vendee\/proverbes-citations-mois-de-juillet\/","url":"https:\/\/www.vendee1.eu\/vendee\/proverbes-citations-mois-de-juillet\/","name":"Proverbes, citations du mois de juillet - Sorties en Vend\u00e9e, Tourisme","isPartOf":{"@id":"https:\/\/www.vendee1.eu\/vendee\/#website"},"datePublished":"2017-03-16T07:18:05+00:00","author":{"@id":"https:\/\/www.vendee1.eu\/vendee\/#\/schema\/person\/63e22c035c30bbdf6ae725e3b531afdc"},"breadcrumb":{"@id":"https:\/\/www.vendee1.eu\/vendee\/proverbes-citations-mois-de-juillet\/#breadcrumb"},"inLanguage":"fr-FR","potentialAction":[{"@type":"ReadAction","target":["https:\/\/www.vendee1.eu\/vendee\/proverbes-citations-mois-de-juillet\/"]}]},{"@type":"BreadcrumbList","@id":"https:\/\/www.vendee1.eu\/vendee\/proverbes-citations-mois-de-juillet\/#breadcrumb","itemListElement":[{"@type":"ListItem","position":1,"name":"Accueil","item":"https:\/\/www.vendee1.eu\/vendee\/"},{"@type":"ListItem","position":2,"name":"Proverbes, citations du mois de juillet"}]},{"@type":"WebSite","@id":"https:\/\/www.vendee1.eu\/vendee\/#website","url":"https:\/\/www.vendee1.eu\/vendee\/","name":"Sorties en Vend\u00e9e, Tourisme","description":"Vend\u00e9e1, les id\u00e9es Sorties en Vend\u00e9e Tourisme","potentialAction":[{"@type":"SearchAction","target":{"@type":"EntryPoint","urlTemplate":"https:\/\/www.vendee1.eu\/vendee\/?s={search_term_string}"},"query-input":{"@type":"PropertyValueSpecification","valueRequired":true,"valueName":"search_term_string"}}],"inLanguage":"fr-FR"},{"@type":"Person","@id":"https:\/\/www.vendee1.eu\/vendee\/#\/schema\/person\/63e22c035c30bbdf6ae725e3b531afdc","name":"Sorties Vend\u00e9e","image":{"@type":"ImageObject","inLanguage":"fr-FR","@id":"https:\/\/secure.gravatar.com\/avatar\/61d1de7f953f29bb3f5b6457b62fb4b66f834c865f75a7d8ec767d557a808e20?s=96&d=mm&r=g","url":"https:\/\/secure.gravatar.com\/avatar\/61d1de7f953f29bb3f5b6457b62fb4b66f834c865f75a7d8ec767d557a808e20?s=96&d=mm&r=g","contentUrl":"https:\/\/secure.gravatar.com\/avatar\/61d1de7f953f29bb3f5b6457b62fb4b66f834c865f75a7d8ec767d557a808e20?s=96&d=mm&r=g","caption":"Sorties Vend\u00e9e"}},false]}},"_links":{"self":[{"href":"https:\/\/www.vendee1.eu\/vendee\/wp-json\/wp\/v2\/posts\/966","targetHints":{"allow":["GET"]}}],"collection":[{"href":"https:\/\/www.vendee1.eu\/vendee\/wp-json\/wp\/v2\/posts"}],"about":[{"href":"https:\/\/www.vendee1.eu\/vendee\/wp-json\/wp\/v2\/types\/post"}],"author":[{"embeddable":true,"href":"https:\/\/www.vendee1.eu\/vendee\/wp-json\/wp\/v2\/users\/1"}],"replies":[{"embeddable":true,"href":"https:\/\/www.vendee1.eu\/vendee\/wp-json\/wp\/v2\/comments?post=966"}],"version-history":[{"count":1,"href":"https:\/\/www.vendee1.eu\/vendee\/wp-json\/wp\/v2\/posts\/966\/revisions"}],"predecessor-version":[{"id":967,"href":"https:\/\/www.vendee1.eu\/vendee\/wp-json\/wp\/v2\/posts\/966\/revisions\/967"}],"wp:attachment":[{"href":"https:\/\/www.vendee1.eu\/vendee\/wp-json\/wp\/v2\/media?parent=966"}],"wp:term":[{"taxonomy":"category","embeddable":true,"href":"https:\/\/www.vendee1.eu\/vendee\/wp-json\/wp\/v2\/categories?post=966"},{"taxonomy":"post_tag","embeddable":true,"href":"https:\/\/www.vendee1.eu\/vendee\/wp-json\/wp\/v2\/tags?post=966"}],"curies":[{"name":"wp","href":"https:\/\/api.w.org\/{rel}","templated":true}]}}