{"id":916,"date":"2017-03-16T07:44:26","date_gmt":"2017-03-16T06:44:26","guid":{"rendered":"http:\/\/www.vendee1.eu\/vendee\/?p=916"},"modified":"2017-05-07T12:52:44","modified_gmt":"2017-05-07T10:52:44","slug":"maison-de-vie-rurale-floceliere","status":"publish","type":"post","link":"https:\/\/www.vendee1.eu\/vendee\/maison-de-vie-rurale-floceliere\/","title":{"rendered":"Maison de la Vie rurale, la Floceli\u00e8re"},"content":{"rendered":"<div id=\"vende-2769756632\" class=\"vende-ads-avant-contenu vende-entity-placement\"><div id=\"attachment_3409\" style=\"width: 810px\" class=\"wp-caption alignnone\"><a href=\"https:\/\/www.mediawakeup.fr\/nous-contacter-184-rue-joseph-gaillard-zone-dactivites-nord-et-gare-85600-montaigu-vendee-agence-crea-web-print\/\" target=\"_blank\" rel=\"Cr\u00e9ation logo Vend\u00e9e Montaigu site internet noopener\"><img loading=\"lazy\" decoding=\"async\" aria-describedby=\"caption-attachment-3409\" class=\"wp-image-3409 size-full\" title=\"Cr\u00e9ation logo Vend\u00e9e Montaigu site internet\" src=\"https:\/\/www.vendee1.eu\/wp-content\/uploads\/2018\/03\/creation-site-internet-vendee-graphistes.jpg\" alt=\"Cr\u00e9ation logo Vend\u00e9e Montaigu site internet - Agence de communication web print en Vend\u00e9e \" width=\"800\" height=\"283\" \/><\/a><p id=\"caption-attachment-3409\" class=\"wp-caption-text\">Cr\u00e9ation logo Vend\u00e9e Montaigu site internet &#8211; Agence de communication web print en Vend\u00e9e<\/p><\/div>\n<p>&nbsp;<\/p>\n<\/div><h1 style=\"text-align: justify;\"><span style=\"font-size: medium;\">Maison de la Vie rurale, la Floceli\u00e8re<\/span><\/h1>\n<p style=\"text-align: justify;\">La Maison de la Vie rurale est un site qui s&rsquo;\u00e9tend sur pr\u00e8s de 4 ha d&rsquo;espaces naturels et de jardins et qui \u00e9merveillera les grands comme les petits. Ce site se pr\u00e9sente sous la forme d&rsquo;un village typiquement vend\u00e9en du haut Bocage. Chaque jour, de nombreuses visites anim\u00e9es, des expositions \u00e0 th\u00e8me, des jardins et des d\u00e9gustations y sont pr\u00e9sent\u00e9s. Les enfants disposent d&rsquo;un programme sur mesure \u00e0 travers des activit\u00e9s ludiques, jeux, nourrissage des animaux, etc&#8230; . Plus d\u2019un millier d\u2019esp\u00e8ces v\u00e9g\u00e9tales sauvages et cultiv\u00e9es cohabitent dans ce cadre exceptionnel.<\/p>\n<p style=\"text-align: justify;\">La Maison de la Vie rurale, ce sont aussi des f\u00eates th\u00e9matiques, de la restauration du patrimoine, des conteurs, des com\u00e9diens et des chanteurs dans un programme culturel. Nich\u00e9e au pied du point culminant de la Vend\u00e9e, au c\u0153ur des collines du Haut Bocage, la Maison de la Vie Rurale est une invitation \u00e0 la d\u00e9couverte.<\/p>\n<hr \/>\n<p style=\"text-align: justify;\"><strong>Acc\u00e8s<\/strong><br \/>\n D\u00e9partement de la Vend\u00e9e.<br \/>\n Route de Saint-Michel-Mont-Mercure \u00e0 Pouzauges (d\u00e9partementale 752).<br \/>\n Fl\u00e9chage dans les deux sens.<br \/>\n Acc\u00e8s \/ sortie n\u00b0 28 autoroute A 87 aux Herbiers (suivre Pouzauges).<\/p>\n<hr \/>\n<p><strong>Coordonn\u00e9es<\/strong><br \/>\n Maison de la vie rurale &#8211; CPIE S\u00e8vre et bocage<br \/>\n 85700 La Flocelli\u00e8re<\/p>\n<hr \/>\n<p><strong>Plus d&rsquo;infos sur le site :<\/strong> http:\/\/www.maison-vie-rurale.com<\/p>\n<p>&nbsp;<\/p>\n<p><iframe loading=\"lazy\" style=\"border: 0;\" src=\"https:\/\/www.google.com\/maps\/embed?pb=!1m14!1m8!1m3!1d10921.699473996157!2d-0.860545!3d46.815634!3m2!1i1024!2i768!4f13.1!3m3!1m2!1s0x0%3A0xeb642c5f72473a7!2sCPIE+S%C3%A8vre+et+Bocage!5e0!3m2!1sfr!2sfr!4v1494154220102\" width=\"100%\" height=\"450\" frameborder=\"0\" allowfullscreen=\"allowfullscreen\"><\/iframe><\/p>\n<div style='text-align:left' class='yasr-auto-insert-visitor'><!--Yasr Visitor Votes Shortcode--><div id='yasr_visitor_votes_e4894962fa7e2' class='yasr-visitor-votes'><div class=\"yasr-custom-text-vv-before yasr-custom-text-vv-before-916\">Avis visiteurs :<\/div><div id='yasr-vv-second-row-container-e4894962fa7e2'\r\n                                        class='yasr-vv-second-row-container'><div id='yasr-visitor-votes-rater-e4894962fa7e2'\r\n                                      class='yasr-rater-stars-vv'\r\n                                      data-rater-postid='916'\r\n                                      data-rating='5'\r\n                                      data-rater-starsize='16'\r\n                                      data-rater-readonly='false'\r\n                                      data-rater-nonce='d997243d22'\r\n                                      data-issingular='false'\r\n                                    ><\/div><div class=\"yasr-vv-stats-text-container\" id=\"yasr-vv-stats-text-container-e4894962fa7e2\"><svg xmlns=\"https:\/\/www.w3.org\/2000\/svg\" width=\"20\" height=\"20\"\r\n                                   class=\"yasr-dashicons-visitor-stats\"\r\n                                   data-postid=\"916\"\r\n                                   id=\"yasr-stats-dashicon-e4894962fa7e2\">\r\n                                   <path d=\"M18 18v-16h-4v16h4zM12 18v-11h-4v11h4zM6 18v-8h-4v8h4z\"><\/path>\r\n                               <\/svg><span id=\"yasr-vv-text-container-e4894962fa7e2\" class=\"yasr-vv-text-container\">[Nbre : <span id=\"yasr-vv-votes-number-container-e4894962fa7e2\">1<\/span>  Moyenne : <span id=\"yasr-vv-average-container-e4894962fa7e2\">5<\/span>]<\/span><\/div><div id='yasr-vv-loader-e4894962fa7e2' class='yasr-vv-container-loader'><\/div><\/div><div id='yasr-vv-bottom-container-e4894962fa7e2' class='yasr-vv-bottom-container'><\/div><\/div><!--End Yasr Visitor Votes Shortcode--><\/div><div id=\"vende-2626748219\" class=\"vende-ads-apres-contenu vende-entity-placement\" style=\"margin-top: 10px;margin-bottom: 10px;margin-left: 10px;\"><p><a href=\"https:\/\/hellostickers.fr\" rel=\"stickers autocollants decoratifs personnalis\u00e9s regionaux\"><img loading=\"lazy\" decoding=\"async\" class=\"alignnone wp-image-2282 \" title=\"stickers autocollants decoratifs personnalis\u00e9s regionaux\" src=\"https:\/\/www.vendee1.eu\/vendee\/wp-content\/uploads\/2017\/05\/stickers_autocollants_decoratifs_regionaux-e1552677291609.png\" alt=\"stickers autocollants decoratifs personnalis\u00e9s regionaux\" width=\"654\" height=\"121\" \/><\/a><\/p>\n<\/div>","protected":false},"excerpt":{"rendered":"<p>Maison de la Vie rurale, la Floceli\u00e8re La Maison de la Vie rurale est un site qui s&rsquo;\u00e9tend sur pr\u00e8s de 4 ha d&rsquo;espaces naturels et de jardins et qui \u00e9merveillera les grands comme&#46;&#46;&#46;<\/p>\n","protected":false},"author":1,"featured_media":1934,"comment_status":"closed","ping_status":"closed","sticky":false,"template":"","format":"standard","meta":{"yasr_overall_rating":0,"yasr_post_is_review":"","yasr_auto_insert_disabled":"","yasr_review_type":"","footnotes":""},"categories":[78,8,42],"tags":[75,30],"class_list":["post-916","post","type-post","status-publish","format-standard","has-post-thumbnail","hentry","category-autrefois-en-vendee","category-parcs-et-jardins-en-vendee","category-visites-en-vendee","tag-autrefois","tag-visites"],"yasr_visitor_votes":{"stars_attributes":{"read_only":false,"span_bottom":false},"number_of_votes":1,"sum_votes":5},"yoast_head":"<!-- This site is optimized with the Yoast SEO plugin v27.5 - https:\/\/yoast.com\/product\/yoast-seo-wordpress\/ -->\n<title>Maison de la Vie rurale, la Floceli\u00e8re - Sorties en Vend\u00e9e, Tourisme<\/title>\n<meta name=\"robots\" content=\"index, follow, max-snippet:-1, max-image-preview:large, max-video-preview:-1\" \/>\n<link rel=\"canonical\" href=\"https:\/\/www.vendee1.eu\/vendee\/maison-de-vie-rurale-floceliere\/\" \/>\n<meta property=\"og:locale\" content=\"fr_FR\" \/>\n<meta property=\"og:type\" content=\"article\" \/>\n<meta property=\"og:title\" content=\"Maison de la Vie rurale, la Floceli\u00e8re - Sorties en Vend\u00e9e, Tourisme\" \/>\n<meta property=\"og:description\" content=\"Maison de la Vie rurale, la Floceli\u00e8re La Maison de la Vie rurale est un site qui s&rsquo;\u00e9tend sur pr\u00e8s de 4 ha d&rsquo;espaces naturels et de jardins et qui \u00e9merveillera les grands comme&#046;&#046;&#046;\" \/>\n<meta property=\"og:url\" content=\"https:\/\/www.vendee1.eu\/vendee\/maison-de-vie-rurale-floceliere\/\" \/>\n<meta property=\"og:site_name\" content=\"Sorties en Vend\u00e9e, Tourisme\" \/>\n<meta property=\"article:publisher\" content=\"https:\/\/www.facebook.com\/vendee.tourisme.7\/\" \/>\n<meta property=\"article:published_time\" content=\"2017-03-16T06:44:26+00:00\" \/>\n<meta property=\"article:modified_time\" content=\"2017-05-07T10:52:44+00:00\" \/>\n<meta property=\"og:image\" content=\"https:\/\/www.vendee1.eu\/vendee\/wp-content\/uploads\/2017\/05\/jaimelavendee.jpg\" \/>\n\t<meta property=\"og:image:width\" content=\"366\" \/>\n\t<meta property=\"og:image:height\" content=\"200\" \/>\n\t<meta property=\"og:image:type\" content=\"image\/jpeg\" \/>\n<meta name=\"author\" content=\"Sorties Vend\u00e9e\" \/>\n<meta name=\"twitter:card\" content=\"summary_large_image\" \/>\n<meta name=\"twitter:label1\" content=\"\u00c9crit par\" \/>\n\t<meta name=\"twitter:data1\" content=\"Sorties Vend\u00e9e\" \/>\n\t<meta name=\"twitter:label2\" content=\"Dur\u00e9e de lecture estim\u00e9e\" \/>\n\t<meta name=\"twitter:data2\" content=\"1 minute\" \/>\n<script type=\"application\/ld+json\" class=\"yoast-schema-graph\">{\"@context\":\"https:\\\/\\\/schema.org\",\"@graph\":[{\"@type\":\"Article\",\"@id\":\"https:\\\/\\\/www.vendee1.eu\\\/vendee\\\/maison-de-vie-rurale-floceliere\\\/#article\",\"isPartOf\":{\"@id\":\"https:\\\/\\\/www.vendee1.eu\\\/vendee\\\/maison-de-vie-rurale-floceliere\\\/\"},\"author\":{\"name\":\"Sorties Vend\u00e9e\",\"@id\":\"https:\\\/\\\/www.vendee1.eu\\\/vendee\\\/#\\\/schema\\\/person\\\/63e22c035c30bbdf6ae725e3b531afdc\"},\"headline\":\"Maison de la Vie rurale, la Floceli\u00e8re\",\"datePublished\":\"2017-03-16T06:44:26+00:00\",\"dateModified\":\"2017-05-07T10:52:44+00:00\",\"mainEntityOfPage\":{\"@id\":\"https:\\\/\\\/www.vendee1.eu\\\/vendee\\\/maison-de-vie-rurale-floceliere\\\/\"},\"wordCount\":242,\"image\":{\"@id\":\"https:\\\/\\\/www.vendee1.eu\\\/vendee\\\/maison-de-vie-rurale-floceliere\\\/#primaryimage\"},\"thumbnailUrl\":\"https:\\\/\\\/www.vendee1.eu\\\/vendee\\\/wp-content\\\/uploads\\\/2017\\\/05\\\/jaimelavendee.jpg\",\"keywords\":[\"autrefois\",\"visites\"],\"articleSection\":[\"Autrefois en Vend\u00e9e\",\"Parcs et Jardins en Vend\u00e9e\",\"Visites en Vend\u00e9e\"],\"inLanguage\":\"fr-FR\"},{\"@type\":\"WebPage\",\"@id\":\"https:\\\/\\\/www.vendee1.eu\\\/vendee\\\/maison-de-vie-rurale-floceliere\\\/\",\"url\":\"https:\\\/\\\/www.vendee1.eu\\\/vendee\\\/maison-de-vie-rurale-floceliere\\\/\",\"name\":\"Maison de la Vie rurale, la Floceli\u00e8re - Sorties en Vend\u00e9e, Tourisme\",\"isPartOf\":{\"@id\":\"https:\\\/\\\/www.vendee1.eu\\\/vendee\\\/#website\"},\"primaryImageOfPage\":{\"@id\":\"https:\\\/\\\/www.vendee1.eu\\\/vendee\\\/maison-de-vie-rurale-floceliere\\\/#primaryimage\"},\"image\":{\"@id\":\"https:\\\/\\\/www.vendee1.eu\\\/vendee\\\/maison-de-vie-rurale-floceliere\\\/#primaryimage\"},\"thumbnailUrl\":\"https:\\\/\\\/www.vendee1.eu\\\/vendee\\\/wp-content\\\/uploads\\\/2017\\\/05\\\/jaimelavendee.jpg\",\"datePublished\":\"2017-03-16T06:44:26+00:00\",\"dateModified\":\"2017-05-07T10:52:44+00:00\",\"author\":{\"@id\":\"https:\\\/\\\/www.vendee1.eu\\\/vendee\\\/#\\\/schema\\\/person\\\/63e22c035c30bbdf6ae725e3b531afdc\"},\"breadcrumb\":{\"@id\":\"https:\\\/\\\/www.vendee1.eu\\\/vendee\\\/maison-de-vie-rurale-floceliere\\\/#breadcrumb\"},\"inLanguage\":\"fr-FR\",\"potentialAction\":[{\"@type\":\"ReadAction\",\"target\":[\"https:\\\/\\\/www.vendee1.eu\\\/vendee\\\/maison-de-vie-rurale-floceliere\\\/\"]}]},{\"@type\":\"ImageObject\",\"inLanguage\":\"fr-FR\",\"@id\":\"https:\\\/\\\/www.vendee1.eu\\\/vendee\\\/maison-de-vie-rurale-floceliere\\\/#primaryimage\",\"url\":\"https:\\\/\\\/www.vendee1.eu\\\/vendee\\\/wp-content\\\/uploads\\\/2017\\\/05\\\/jaimelavendee.jpg\",\"contentUrl\":\"https:\\\/\\\/www.vendee1.eu\\\/vendee\\\/wp-content\\\/uploads\\\/2017\\\/05\\\/jaimelavendee.jpg\",\"width\":366,\"height\":200,\"caption\":\"logo Vend\u00e9e\"},{\"@type\":\"BreadcrumbList\",\"@id\":\"https:\\\/\\\/www.vendee1.eu\\\/vendee\\\/maison-de-vie-rurale-floceliere\\\/#breadcrumb\",\"itemListElement\":[{\"@type\":\"ListItem\",\"position\":1,\"name\":\"Accueil\",\"item\":\"https:\\\/\\\/www.vendee1.eu\\\/vendee\\\/\"},{\"@type\":\"ListItem\",\"position\":2,\"name\":\"Maison de la Vie rurale, la Floceli\u00e8re\"}]},{\"@type\":\"WebSite\",\"@id\":\"https:\\\/\\\/www.vendee1.eu\\\/vendee\\\/#website\",\"url\":\"https:\\\/\\\/www.vendee1.eu\\\/vendee\\\/\",\"name\":\"Sorties en Vend\u00e9e, Tourisme\",\"description\":\"Vend\u00e9e1, les id\u00e9es Sorties en Vend\u00e9e Tourisme\",\"potentialAction\":[{\"@type\":\"SearchAction\",\"target\":{\"@type\":\"EntryPoint\",\"urlTemplate\":\"https:\\\/\\\/www.vendee1.eu\\\/vendee\\\/?s={search_term_string}\"},\"query-input\":{\"@type\":\"PropertyValueSpecification\",\"valueRequired\":true,\"valueName\":\"search_term_string\"}}],\"inLanguage\":\"fr-FR\"},{\"@type\":\"Person\",\"@id\":\"https:\\\/\\\/www.vendee1.eu\\\/vendee\\\/#\\\/schema\\\/person\\\/63e22c035c30bbdf6ae725e3b531afdc\",\"name\":\"Sorties Vend\u00e9e\",\"image\":{\"@type\":\"ImageObject\",\"inLanguage\":\"fr-FR\",\"@id\":\"https:\\\/\\\/secure.gravatar.com\\\/avatar\\\/61d1de7f953f29bb3f5b6457b62fb4b66f834c865f75a7d8ec767d557a808e20?s=96&d=mm&r=g\",\"url\":\"https:\\\/\\\/secure.gravatar.com\\\/avatar\\\/61d1de7f953f29bb3f5b6457b62fb4b66f834c865f75a7d8ec767d557a808e20?s=96&d=mm&r=g\",\"contentUrl\":\"https:\\\/\\\/secure.gravatar.com\\\/avatar\\\/61d1de7f953f29bb3f5b6457b62fb4b66f834c865f75a7d8ec767d557a808e20?s=96&d=mm&r=g\",\"caption\":\"Sorties Vend\u00e9e\"}},{\"@context\":\"https:\\\/\\\/schema.org\\\/\",\"@type\":\"Product\",\"name\":\"Maison de la Vie rurale, la Floceli\u00e8re\",\"description\":\"\",\"image\":{\"@type\":\"ImageObject\",\"url\":\"https:\\\/\\\/www.vendee1.eu\\\/vendee\\\/wp-content\\\/uploads\\\/2017\\\/05\\\/jaimelavendee.jpg\",\"width\":366,\"height\":200},\"aggregateRating\":{\"@type\":\"AggregateRating\",\"ratingValue\":5,\"ratingCount\":1,\"bestRating\":5,\"worstRating\":1},\"brand\":{\"@type\":\"Brand\",\"name\":\"\"},\"sku\":\"\",\"\":\"\"}]}<\/script>\n<!-- \/ Yoast SEO plugin. -->","yoast_head_json":{"title":"Maison de la Vie rurale, la Floceli\u00e8re - Sorties en Vend\u00e9e, Tourisme","robots":{"index":"index","follow":"follow","max-snippet":"max-snippet:-1","max-image-preview":"max-image-preview:large","max-video-preview":"max-video-preview:-1"},"canonical":"https:\/\/www.vendee1.eu\/vendee\/maison-de-vie-rurale-floceliere\/","og_locale":"fr_FR","og_type":"article","og_title":"Maison de la Vie rurale, la Floceli\u00e8re - Sorties en Vend\u00e9e, Tourisme","og_description":"Maison de la Vie rurale, la Floceli\u00e8re La Maison de la Vie rurale est un site qui s&rsquo;\u00e9tend sur pr\u00e8s de 4 ha d&rsquo;espaces naturels et de jardins et qui \u00e9merveillera les grands comme&#46;&#46;&#46;","og_url":"https:\/\/www.vendee1.eu\/vendee\/maison-de-vie-rurale-floceliere\/","og_site_name":"Sorties en Vend\u00e9e, Tourisme","article_publisher":"https:\/\/www.facebook.com\/vendee.tourisme.7\/","article_published_time":"2017-03-16T06:44:26+00:00","article_modified_time":"2017-05-07T10:52:44+00:00","og_image":[{"width":366,"height":200,"url":"https:\/\/www.vendee1.eu\/vendee\/wp-content\/uploads\/2017\/05\/jaimelavendee.jpg","type":"image\/jpeg"}],"author":"Sorties Vend\u00e9e","twitter_card":"summary_large_image","twitter_misc":{"\u00c9crit par":"Sorties Vend\u00e9e","Dur\u00e9e de lecture estim\u00e9e":"1 minute"},"schema":{"@context":"https:\/\/schema.org","@graph":[{"@type":"Article","@id":"https:\/\/www.vendee1.eu\/vendee\/maison-de-vie-rurale-floceliere\/#article","isPartOf":{"@id":"https:\/\/www.vendee1.eu\/vendee\/maison-de-vie-rurale-floceliere\/"},"author":{"name":"Sorties Vend\u00e9e","@id":"https:\/\/www.vendee1.eu\/vendee\/#\/schema\/person\/63e22c035c30bbdf6ae725e3b531afdc"},"headline":"Maison de la Vie rurale, la Floceli\u00e8re","datePublished":"2017-03-16T06:44:26+00:00","dateModified":"2017-05-07T10:52:44+00:00","mainEntityOfPage":{"@id":"https:\/\/www.vendee1.eu\/vendee\/maison-de-vie-rurale-floceliere\/"},"wordCount":242,"image":{"@id":"https:\/\/www.vendee1.eu\/vendee\/maison-de-vie-rurale-floceliere\/#primaryimage"},"thumbnailUrl":"https:\/\/www.vendee1.eu\/vendee\/wp-content\/uploads\/2017\/05\/jaimelavendee.jpg","keywords":["autrefois","visites"],"articleSection":["Autrefois en Vend\u00e9e","Parcs et Jardins en Vend\u00e9e","Visites en Vend\u00e9e"],"inLanguage":"fr-FR"},{"@type":"WebPage","@id":"https:\/\/www.vendee1.eu\/vendee\/maison-de-vie-rurale-floceliere\/","url":"https:\/\/www.vendee1.eu\/vendee\/maison-de-vie-rurale-floceliere\/","name":"Maison de la Vie rurale, la Floceli\u00e8re - Sorties en Vend\u00e9e, Tourisme","isPartOf":{"@id":"https:\/\/www.vendee1.eu\/vendee\/#website"},"primaryImageOfPage":{"@id":"https:\/\/www.vendee1.eu\/vendee\/maison-de-vie-rurale-floceliere\/#primaryimage"},"image":{"@id":"https:\/\/www.vendee1.eu\/vendee\/maison-de-vie-rurale-floceliere\/#primaryimage"},"thumbnailUrl":"https:\/\/www.vendee1.eu\/vendee\/wp-content\/uploads\/2017\/05\/jaimelavendee.jpg","datePublished":"2017-03-16T06:44:26+00:00","dateModified":"2017-05-07T10:52:44+00:00","author":{"@id":"https:\/\/www.vendee1.eu\/vendee\/#\/schema\/person\/63e22c035c30bbdf6ae725e3b531afdc"},"breadcrumb":{"@id":"https:\/\/www.vendee1.eu\/vendee\/maison-de-vie-rurale-floceliere\/#breadcrumb"},"inLanguage":"fr-FR","potentialAction":[{"@type":"ReadAction","target":["https:\/\/www.vendee1.eu\/vendee\/maison-de-vie-rurale-floceliere\/"]}]},{"@type":"ImageObject","inLanguage":"fr-FR","@id":"https:\/\/www.vendee1.eu\/vendee\/maison-de-vie-rurale-floceliere\/#primaryimage","url":"https:\/\/www.vendee1.eu\/vendee\/wp-content\/uploads\/2017\/05\/jaimelavendee.jpg","contentUrl":"https:\/\/www.vendee1.eu\/vendee\/wp-content\/uploads\/2017\/05\/jaimelavendee.jpg","width":366,"height":200,"caption":"logo Vend\u00e9e"},{"@type":"BreadcrumbList","@id":"https:\/\/www.vendee1.eu\/vendee\/maison-de-vie-rurale-floceliere\/#breadcrumb","itemListElement":[{"@type":"ListItem","position":1,"name":"Accueil","item":"https:\/\/www.vendee1.eu\/vendee\/"},{"@type":"ListItem","position":2,"name":"Maison de la Vie rurale, la Floceli\u00e8re"}]},{"@type":"WebSite","@id":"https:\/\/www.vendee1.eu\/vendee\/#website","url":"https:\/\/www.vendee1.eu\/vendee\/","name":"Sorties en Vend\u00e9e, Tourisme","description":"Vend\u00e9e1, les id\u00e9es Sorties en Vend\u00e9e Tourisme","potentialAction":[{"@type":"SearchAction","target":{"@type":"EntryPoint","urlTemplate":"https:\/\/www.vendee1.eu\/vendee\/?s={search_term_string}"},"query-input":{"@type":"PropertyValueSpecification","valueRequired":true,"valueName":"search_term_string"}}],"inLanguage":"fr-FR"},{"@type":"Person","@id":"https:\/\/www.vendee1.eu\/vendee\/#\/schema\/person\/63e22c035c30bbdf6ae725e3b531afdc","name":"Sorties Vend\u00e9e","image":{"@type":"ImageObject","inLanguage":"fr-FR","@id":"https:\/\/secure.gravatar.com\/avatar\/61d1de7f953f29bb3f5b6457b62fb4b66f834c865f75a7d8ec767d557a808e20?s=96&d=mm&r=g","url":"https:\/\/secure.gravatar.com\/avatar\/61d1de7f953f29bb3f5b6457b62fb4b66f834c865f75a7d8ec767d557a808e20?s=96&d=mm&r=g","contentUrl":"https:\/\/secure.gravatar.com\/avatar\/61d1de7f953f29bb3f5b6457b62fb4b66f834c865f75a7d8ec767d557a808e20?s=96&d=mm&r=g","caption":"Sorties Vend\u00e9e"}},{"@context":"https:\/\/schema.org\/","@type":"Product","name":"Maison de la Vie rurale, la Floceli\u00e8re","description":"","image":{"@type":"ImageObject","url":"https:\/\/www.vendee1.eu\/vendee\/wp-content\/uploads\/2017\/05\/jaimelavendee.jpg","width":366,"height":200},"aggregateRating":{"@type":"AggregateRating","ratingValue":5,"ratingCount":1,"bestRating":5,"worstRating":1},"brand":{"@type":"Brand","name":""},"sku":"","":""}]}},"_links":{"self":[{"href":"https:\/\/www.vendee1.eu\/vendee\/wp-json\/wp\/v2\/posts\/916","targetHints":{"allow":["GET"]}}],"collection":[{"href":"https:\/\/www.vendee1.eu\/vendee\/wp-json\/wp\/v2\/posts"}],"about":[{"href":"https:\/\/www.vendee1.eu\/vendee\/wp-json\/wp\/v2\/types\/post"}],"author":[{"embeddable":true,"href":"https:\/\/www.vendee1.eu\/vendee\/wp-json\/wp\/v2\/users\/1"}],"replies":[{"embeddable":true,"href":"https:\/\/www.vendee1.eu\/vendee\/wp-json\/wp\/v2\/comments?post=916"}],"version-history":[{"count":3,"href":"https:\/\/www.vendee1.eu\/vendee\/wp-json\/wp\/v2\/posts\/916\/revisions"}],"predecessor-version":[{"id":2018,"href":"https:\/\/www.vendee1.eu\/vendee\/wp-json\/wp\/v2\/posts\/916\/revisions\/2018"}],"wp:featuredmedia":[{"embeddable":true,"href":"https:\/\/www.vendee1.eu\/vendee\/wp-json\/wp\/v2\/media\/1934"}],"wp:attachment":[{"href":"https:\/\/www.vendee1.eu\/vendee\/wp-json\/wp\/v2\/media?parent=916"}],"wp:term":[{"taxonomy":"category","embeddable":true,"href":"https:\/\/www.vendee1.eu\/vendee\/wp-json\/wp\/v2\/categories?post=916"},{"taxonomy":"post_tag","embeddable":true,"href":"https:\/\/www.vendee1.eu\/vendee\/wp-json\/wp\/v2\/tags?post=916"}],"curies":[{"name":"wp","href":"https:\/\/api.w.org\/{rel}","templated":true}]}}