{"id":887,"date":"2017-03-16T07:36:20","date_gmt":"2017-03-16T06:36:20","guid":{"rendered":"http:\/\/www.vendee1.eu\/vendee\/?p=887"},"modified":"2017-03-16T07:36:20","modified_gmt":"2017-03-16T06:36:20","slug":"gars-de-chez","status":"publish","type":"post","link":"https:\/\/www.vendee1.eu\/vendee\/gars-de-chez\/","title":{"rendered":"Les Gars de chez nous"},"content":{"rendered":"<div id=\"vende-3577710051\" class=\"vende-ads-avant-contenu vende-entity-placement\"><div id=\"attachment_3409\" style=\"width: 810px\" class=\"wp-caption alignnone\"><a href=\"https:\/\/www.mediawakeup.fr\/nous-contacter-184-rue-joseph-gaillard-zone-dactivites-nord-et-gare-85600-montaigu-vendee-agence-crea-web-print\/\" target=\"_blank\" rel=\"Cr\u00e9ation logo Vend\u00e9e Montaigu site internet noopener\"><img loading=\"lazy\" decoding=\"async\" aria-describedby=\"caption-attachment-3409\" class=\"wp-image-3409 size-full\" title=\"Cr\u00e9ation logo Vend\u00e9e Montaigu site internet\" src=\"https:\/\/www.vendee1.eu\/wp-content\/uploads\/2018\/03\/creation-site-internet-vendee-graphistes.jpg\" alt=\"Cr\u00e9ation logo Vend\u00e9e Montaigu site internet - Agence de communication web print en Vend\u00e9e \" width=\"800\" height=\"283\" \/><\/a><p id=\"caption-attachment-3409\" class=\"wp-caption-text\">Cr\u00e9ation logo Vend\u00e9e Montaigu site internet &#8211; Agence de communication web print en Vend\u00e9e<\/p><\/div>\n<p>&nbsp;<\/p>\n<\/div><h1><span style=\"font-size: large;\">Les Gars de chez nous, histoires anciennes de Vend\u00e9e<\/span><\/h1>\n<p>\nQuand Jean le boucher, avec sa camionnette brinquelante faisait de village en village sa vir\u00e9e<br \/>\ndu samedi, il s&rsquo;annon\u00e7ait toujours bruyamment en lan\u00e7ant quelques sonores coups de corne<br \/>\ncette esp\u00e8ce de poire \u00e0 lavement qui servait de klaxon aux bagnoles de ce temps l\u00e0<br \/>\nOn \u00e9tait en 36 et \u00e0 cette \u00e9poque, il n&rsquo;y avait pas trente six fa\u00e7ons de s&rsquo;offrir un extra<br \/>\nC&rsquo;\u00e9tait le r\u00e8gne du pot-au-feu dominical<br \/>\nApr\u00e8s avoir relev\u00e9 la porte arri\u00e8re de son v\u00e9hicule ou \u00e9taient entrepos\u00e9s ses quartiers de viande<br \/>\nJean sur son billot de bois, hachait, sciait,d\u00e9coupait, ficelait, toujours souriant,<br \/>\nflatteur et blagueur avec ses clientes<br \/>\nLa m\u00e8re G\u00e9nie tra\u00eenassait toujours de fa\u00e7on \u00e0 se faire servir la derni\u00e8re<br \/>\nC&rsquo;est alors qu&rsquo;\u00e0 voix basse, elle se risquait \u00e0 demander (Vous n&rsquo;auriez pas un petit os)<br \/>\npour accommoder mon bouillon<br \/>\nCe samedi l\u00e0 donc, Jean le boucher l&rsquo;avait particuli\u00e8rement g\u00e2t\u00e9e,<br \/>\nun \u00e9norme tibia \u00e0 moelle, sci\u00e9 en deux<br \/>\nAvec \u00e7a, la p&rsquo;tite m\u00e8re.. il y aura des yeux sur la soupe. Mais &#8230; c&rsquo;est le patron<br \/>\nqui me me sera redevable<br \/>\nLa m\u00e8re G\u00e9nie avait tr\u00e8s bien compris o\u00f9 il voulait en venir<br \/>\naussit\u00f4t elle s&rsquo;est tourn\u00e9e vers la grange<br \/>\npuis ,apr\u00e8s avoir mis ses deux mains en porte -voix, elle a pouss\u00e9 un cri<br \/>\nde coq enrou\u00e9 E r r r r n e s t<br \/>\nOh qu&rsquo;est-\u00f4 l&rsquo;a ?<br \/>\nVins donc payer un verre \u00e0 tchell homme<br \/>\nErnest avait du bon noha et savait entretenir ses barriques, alors le Jean<br \/>\nqui ne crachait pas d&rsquo;ssus<br \/>\nun verre, puis deux, puis trois, et pour bouquet final<br \/>\nune pomp\u00e9e \u00e0 la barrique du fond. Celle-l\u00e0 Ernest en \u00e9tait fier<br \/>\nComment que tu l&rsquo;trouves&#8230; celui l\u00e0 ?<br \/>\nJean \u00e9leva son verre vide \u00e0 la hauteur de ses yeux, parut r\u00e9fl\u00e9chir<br \/>\nun instant avant de se prononcer<br \/>\nM&rsquo;est avis que &#8230; que l&rsquo;a comme un p&rsquo;tit go\u00fbt de retournez y<br \/>\nL\u00e0 encore&#8230;\u00e7\u00e0 voulait dire&#8230;c&rsquo;que \u00e7\u00e0 voulait dire ! et \u00e0 force d&rsquo;y retourner<br \/>\n\u00e7\u00e0 vous chauffe les boyaux de la t\u00eate cette affaire l\u00e0<br \/>\nl&rsquo;ambiance \u00e9tait au beau fixe en sortant de la cave<br \/>\nErnest est venu accompagner Jean jusqu&rsquo;\u00e0 son v\u00e9hicule<br \/>\nC&rsquo;est quoi ..au juste &#8230;cette bagnole l\u00e0 ?<br \/>\n\u00e7\u00e0 c&rsquo;est la b 14<br \/>\nl&rsquo;abb\u00e9 quatorze ! Voil\u00e0 un gars qui d&rsquo;vait pas \u00eatre trop branch\u00e9<br \/>\nPince -sans -rire, Jean alors r\u00e9pliqu\u00e9<br \/>\nC&rsquo;\u00e9tait le dernier aum\u00f4nier de chez Citroen<br \/>\nAh bon !..enfin \u00e7\u00e0 marche c&rsquo;est le principal<br \/>\nSi \u00e7\u00e0 marche&#8230;.c&rsquo;est peut-\u00eatre cette petite phrase anodine<br \/>\nqui avait donn\u00e9 \u00e0 Jean l&rsquo;id\u00e9e de jouer un bon tour \u00e0 Ernest<br \/>\nFigurez-vous qu&rsquo;au moment de partir,\u00e7\u00e0 marchait pas du tout<br \/>\nNos deux comp\u00e8res eurent beau s&rsquo;escrimer \u00e0 tournicoter \u00e0 tour de bras<br \/>\net \u00e0 tour de r\u00f4le la manivelle,cette sacr\u00e9e bagnole ne voulait plus rien entendre<br \/>\nJean affichait une t\u00eate d&rsquo;enterrement en faisant semblant d&rsquo;ausculter les organes<br \/>\nsensibles du moteur<br \/>\nQuand \u00e0 Ernest il \u00e9tait d\u00e9pass\u00e9 par le probl\u00e8me ,enfin Jean le boucher a d\u00e9viss\u00e9<br \/>\nle bouchon nickel\u00e9 du radiateur,il a jet\u00e9 un coup d&rsquo;oeil par le trou et de suite il s&rsquo;est exclam\u00e9<br \/>\nAh ben ! c&rsquo;coup-l\u00e0 j&rsquo;ai compris ; y a plus une goutte d&rsquo;essence&#8230;comment est-.ce que je vais partir<br \/>\nLa situation n&rsquo;\u00e9tait pas belle.Compatissant Ernest lui a propos\u00e9 son v\u00e9lo pour aller<br \/>\nen chercher un bidon au bourg<br \/>\nMais Jean .&rsquo;venait d&rsquo;avoir une autre id\u00e9e<br \/>\nMais ,bon sang ! il est costaud ton noha, il ferait peut-\u00eatre bien l&rsquo;affaire,si tu pouvais m&rsquo;en filer un litre<br \/>\nl&rsquo;instant d&rsquo;apr\u00e8s Jean versait la bouteille de pinard dans le ventre de la bagnole<br \/>\npuis il a reviss\u00e9 le bouchon du radiateur<br \/>\nun quart de tour de manivelle.Et voil\u00e0 Jean le boucher reparti sur les chapeaux<br \/>\nde roues , laissant l\u00e0 un Ernest \u00e9bahi<br \/>\nAh on en a parl\u00e9 longtemps , et on en parle encore dans les caves de chez nous<br \/>\nPensez donc &#8230;la bagnole \u00e0 Jean &#8230; oui ,sa vieille bagnole verte &#8230; qui avait un nom de tchur\u00e9 i<br \/>\nEt bien ! croyez moi si vous voulez &#8230; elle roulait au noha<\/p>\n<p><strong>FELIX MOREAU<\/strong><br \/>\n85600 Treize-Septiers<\/p>\n<p>&nbsp;<\/p>\n<p>&nbsp;<\/p>\n<div style='text-align:left' class='yasr-auto-insert-visitor'><!--Yasr Visitor Votes Shortcode--><div id='yasr_visitor_votes_d99c066f2eb23' class='yasr-visitor-votes'><div class=\"yasr-custom-text-vv-before yasr-custom-text-vv-before-887\">Avis visiteurs :<\/div><div id='yasr-vv-second-row-container-d99c066f2eb23'\r\n                                        class='yasr-vv-second-row-container'><div id='yasr-visitor-votes-rater-d99c066f2eb23'\r\n                                      class='yasr-rater-stars-vv'\r\n                                      data-rater-postid='887'\r\n                                      data-rating='0'\r\n                                      data-rater-starsize='16'\r\n                                      data-rater-readonly='false'\r\n                                      data-rater-nonce='2cff1b6c54'\r\n                                      data-issingular='false'\r\n                                    ><\/div><div class=\"yasr-vv-stats-text-container\" id=\"yasr-vv-stats-text-container-d99c066f2eb23\"><svg xmlns=\"https:\/\/www.w3.org\/2000\/svg\" width=\"20\" height=\"20\"\r\n                                   class=\"yasr-dashicons-visitor-stats\"\r\n                                   data-postid=\"887\"\r\n                                   id=\"yasr-stats-dashicon-d99c066f2eb23\">\r\n                                   <path d=\"M18 18v-16h-4v16h4zM12 18v-11h-4v11h4zM6 18v-8h-4v8h4z\"><\/path>\r\n                               <\/svg><span id=\"yasr-vv-text-container-d99c066f2eb23\" class=\"yasr-vv-text-container\">[Nbre : <span id=\"yasr-vv-votes-number-container-d99c066f2eb23\">0<\/span>  Moyenne : <span id=\"yasr-vv-average-container-d99c066f2eb23\">0<\/span>]<\/span><\/div><div id='yasr-vv-loader-d99c066f2eb23' class='yasr-vv-container-loader'><\/div><\/div><div id='yasr-vv-bottom-container-d99c066f2eb23' class='yasr-vv-bottom-container'><\/div><\/div><!--End Yasr Visitor Votes Shortcode--><\/div><div id=\"vende-3286272019\" class=\"vende-ads-apres-contenu vende-entity-placement\" style=\"margin-top: 10px;margin-bottom: 10px;margin-left: 10px;\"><p><a href=\"https:\/\/hellostickers.fr\" rel=\"stickers autocollants decoratifs personnalis\u00e9s regionaux\"><img loading=\"lazy\" decoding=\"async\" class=\"alignnone wp-image-2282 \" title=\"stickers autocollants decoratifs personnalis\u00e9s regionaux\" src=\"https:\/\/www.vendee1.eu\/vendee\/wp-content\/uploads\/2017\/05\/stickers_autocollants_decoratifs_regionaux-e1552677291609.png\" alt=\"stickers autocollants decoratifs personnalis\u00e9s regionaux\" width=\"654\" height=\"121\" \/><\/a><\/p>\n<\/div>","protected":false},"excerpt":{"rendered":"<p>Les Gars de chez nous, histoires anciennes de Vend\u00e9e Quand Jean le boucher, avec sa camionnette brinquelante faisait de village en village sa vir\u00e9e du samedi, il s&rsquo;annon\u00e7ait toujours bruyamment en lan\u00e7ant quelques sonores&#46;&#46;&#46;<\/p>\n","protected":false},"author":1,"featured_media":0,"comment_status":"closed","ping_status":"closed","sticky":false,"template":"","format":"standard","meta":{"yasr_overall_rating":0,"yasr_post_is_review":"","yasr_auto_insert_disabled":"","yasr_review_type":"","footnotes":""},"categories":[1],"tags":[],"class_list":["post-887","post","type-post","status-publish","format-standard","hentry","category-non-classe"],"yasr_visitor_votes":{"stars_attributes":{"read_only":false,"span_bottom":false},"number_of_votes":0,"sum_votes":0},"yoast_head":"<!-- This site is optimized with the Yoast SEO plugin v27.5 - https:\/\/yoast.com\/product\/yoast-seo-wordpress\/ -->\n<title>Les Gars de chez nous - Sorties en Vend\u00e9e, Tourisme<\/title>\n<meta name=\"robots\" content=\"index, follow, max-snippet:-1, max-image-preview:large, max-video-preview:-1\" \/>\n<link rel=\"canonical\" href=\"https:\/\/www.vendee1.eu\/vendee\/gars-de-chez\/\" \/>\n<meta property=\"og:locale\" content=\"fr_FR\" \/>\n<meta property=\"og:type\" content=\"article\" \/>\n<meta property=\"og:title\" content=\"Les Gars de chez nous - Sorties en Vend\u00e9e, Tourisme\" \/>\n<meta property=\"og:description\" content=\"Les Gars de chez nous, histoires anciennes de Vend\u00e9e Quand Jean le boucher, avec sa camionnette brinquelante faisait de village en village sa vir\u00e9e du samedi, il s&rsquo;annon\u00e7ait toujours bruyamment en lan\u00e7ant quelques sonores&#046;&#046;&#046;\" \/>\n<meta property=\"og:url\" content=\"https:\/\/www.vendee1.eu\/vendee\/gars-de-chez\/\" \/>\n<meta property=\"og:site_name\" content=\"Sorties en Vend\u00e9e, Tourisme\" \/>\n<meta property=\"article:publisher\" content=\"https:\/\/www.facebook.com\/vendee.tourisme.7\/\" \/>\n<meta property=\"article:published_time\" content=\"2017-03-16T06:36:20+00:00\" \/>\n<meta name=\"author\" content=\"Sorties Vend\u00e9e\" \/>\n<meta name=\"twitter:card\" content=\"summary_large_image\" \/>\n<meta name=\"twitter:label1\" content=\"\u00c9crit par\" \/>\n\t<meta name=\"twitter:data1\" content=\"Sorties Vend\u00e9e\" \/>\n\t<meta name=\"twitter:label2\" content=\"Dur\u00e9e de lecture estim\u00e9e\" \/>\n\t<meta name=\"twitter:data2\" content=\"4 minutes\" \/>\n<script type=\"application\/ld+json\" class=\"yoast-schema-graph\">{\"@context\":\"https:\\\/\\\/schema.org\",\"@graph\":[{\"@type\":\"Article\",\"@id\":\"https:\\\/\\\/www.vendee1.eu\\\/vendee\\\/gars-de-chez\\\/#article\",\"isPartOf\":{\"@id\":\"https:\\\/\\\/www.vendee1.eu\\\/vendee\\\/gars-de-chez\\\/\"},\"author\":{\"name\":\"Sorties Vend\u00e9e\",\"@id\":\"https:\\\/\\\/www.vendee1.eu\\\/vendee\\\/#\\\/schema\\\/person\\\/63e22c035c30bbdf6ae725e3b531afdc\"},\"headline\":\"Les Gars de chez nous\",\"datePublished\":\"2017-03-16T06:36:20+00:00\",\"mainEntityOfPage\":{\"@id\":\"https:\\\/\\\/www.vendee1.eu\\\/vendee\\\/gars-de-chez\\\/\"},\"wordCount\":745,\"inLanguage\":\"fr-FR\"},{\"@type\":\"WebPage\",\"@id\":\"https:\\\/\\\/www.vendee1.eu\\\/vendee\\\/gars-de-chez\\\/\",\"url\":\"https:\\\/\\\/www.vendee1.eu\\\/vendee\\\/gars-de-chez\\\/\",\"name\":\"Les Gars de chez nous - Sorties en Vend\u00e9e, Tourisme\",\"isPartOf\":{\"@id\":\"https:\\\/\\\/www.vendee1.eu\\\/vendee\\\/#website\"},\"datePublished\":\"2017-03-16T06:36:20+00:00\",\"author\":{\"@id\":\"https:\\\/\\\/www.vendee1.eu\\\/vendee\\\/#\\\/schema\\\/person\\\/63e22c035c30bbdf6ae725e3b531afdc\"},\"breadcrumb\":{\"@id\":\"https:\\\/\\\/www.vendee1.eu\\\/vendee\\\/gars-de-chez\\\/#breadcrumb\"},\"inLanguage\":\"fr-FR\",\"potentialAction\":[{\"@type\":\"ReadAction\",\"target\":[\"https:\\\/\\\/www.vendee1.eu\\\/vendee\\\/gars-de-chez\\\/\"]}]},{\"@type\":\"BreadcrumbList\",\"@id\":\"https:\\\/\\\/www.vendee1.eu\\\/vendee\\\/gars-de-chez\\\/#breadcrumb\",\"itemListElement\":[{\"@type\":\"ListItem\",\"position\":1,\"name\":\"Accueil\",\"item\":\"https:\\\/\\\/www.vendee1.eu\\\/vendee\\\/\"},{\"@type\":\"ListItem\",\"position\":2,\"name\":\"Les Gars de chez nous\"}]},{\"@type\":\"WebSite\",\"@id\":\"https:\\\/\\\/www.vendee1.eu\\\/vendee\\\/#website\",\"url\":\"https:\\\/\\\/www.vendee1.eu\\\/vendee\\\/\",\"name\":\"Sorties en Vend\u00e9e, Tourisme\",\"description\":\"Vend\u00e9e1, les id\u00e9es Sorties en Vend\u00e9e Tourisme\",\"potentialAction\":[{\"@type\":\"SearchAction\",\"target\":{\"@type\":\"EntryPoint\",\"urlTemplate\":\"https:\\\/\\\/www.vendee1.eu\\\/vendee\\\/?s={search_term_string}\"},\"query-input\":{\"@type\":\"PropertyValueSpecification\",\"valueRequired\":true,\"valueName\":\"search_term_string\"}}],\"inLanguage\":\"fr-FR\"},{\"@type\":\"Person\",\"@id\":\"https:\\\/\\\/www.vendee1.eu\\\/vendee\\\/#\\\/schema\\\/person\\\/63e22c035c30bbdf6ae725e3b531afdc\",\"name\":\"Sorties Vend\u00e9e\",\"image\":{\"@type\":\"ImageObject\",\"inLanguage\":\"fr-FR\",\"@id\":\"https:\\\/\\\/secure.gravatar.com\\\/avatar\\\/61d1de7f953f29bb3f5b6457b62fb4b66f834c865f75a7d8ec767d557a808e20?s=96&d=mm&r=g\",\"url\":\"https:\\\/\\\/secure.gravatar.com\\\/avatar\\\/61d1de7f953f29bb3f5b6457b62fb4b66f834c865f75a7d8ec767d557a808e20?s=96&d=mm&r=g\",\"contentUrl\":\"https:\\\/\\\/secure.gravatar.com\\\/avatar\\\/61d1de7f953f29bb3f5b6457b62fb4b66f834c865f75a7d8ec767d557a808e20?s=96&d=mm&r=g\",\"caption\":\"Sorties Vend\u00e9e\"}},false]}<\/script>\n<!-- \/ Yoast SEO plugin. -->","yoast_head_json":{"title":"Les Gars de chez nous - Sorties en Vend\u00e9e, Tourisme","robots":{"index":"index","follow":"follow","max-snippet":"max-snippet:-1","max-image-preview":"max-image-preview:large","max-video-preview":"max-video-preview:-1"},"canonical":"https:\/\/www.vendee1.eu\/vendee\/gars-de-chez\/","og_locale":"fr_FR","og_type":"article","og_title":"Les Gars de chez nous - Sorties en Vend\u00e9e, Tourisme","og_description":"Les Gars de chez nous, histoires anciennes de Vend\u00e9e Quand Jean le boucher, avec sa camionnette brinquelante faisait de village en village sa vir\u00e9e du samedi, il s&rsquo;annon\u00e7ait toujours bruyamment en lan\u00e7ant quelques sonores&#46;&#46;&#46;","og_url":"https:\/\/www.vendee1.eu\/vendee\/gars-de-chez\/","og_site_name":"Sorties en Vend\u00e9e, Tourisme","article_publisher":"https:\/\/www.facebook.com\/vendee.tourisme.7\/","article_published_time":"2017-03-16T06:36:20+00:00","author":"Sorties Vend\u00e9e","twitter_card":"summary_large_image","twitter_misc":{"\u00c9crit par":"Sorties Vend\u00e9e","Dur\u00e9e de lecture estim\u00e9e":"4 minutes"},"schema":{"@context":"https:\/\/schema.org","@graph":[{"@type":"Article","@id":"https:\/\/www.vendee1.eu\/vendee\/gars-de-chez\/#article","isPartOf":{"@id":"https:\/\/www.vendee1.eu\/vendee\/gars-de-chez\/"},"author":{"name":"Sorties Vend\u00e9e","@id":"https:\/\/www.vendee1.eu\/vendee\/#\/schema\/person\/63e22c035c30bbdf6ae725e3b531afdc"},"headline":"Les Gars de chez nous","datePublished":"2017-03-16T06:36:20+00:00","mainEntityOfPage":{"@id":"https:\/\/www.vendee1.eu\/vendee\/gars-de-chez\/"},"wordCount":745,"inLanguage":"fr-FR"},{"@type":"WebPage","@id":"https:\/\/www.vendee1.eu\/vendee\/gars-de-chez\/","url":"https:\/\/www.vendee1.eu\/vendee\/gars-de-chez\/","name":"Les Gars de chez nous - Sorties en Vend\u00e9e, Tourisme","isPartOf":{"@id":"https:\/\/www.vendee1.eu\/vendee\/#website"},"datePublished":"2017-03-16T06:36:20+00:00","author":{"@id":"https:\/\/www.vendee1.eu\/vendee\/#\/schema\/person\/63e22c035c30bbdf6ae725e3b531afdc"},"breadcrumb":{"@id":"https:\/\/www.vendee1.eu\/vendee\/gars-de-chez\/#breadcrumb"},"inLanguage":"fr-FR","potentialAction":[{"@type":"ReadAction","target":["https:\/\/www.vendee1.eu\/vendee\/gars-de-chez\/"]}]},{"@type":"BreadcrumbList","@id":"https:\/\/www.vendee1.eu\/vendee\/gars-de-chez\/#breadcrumb","itemListElement":[{"@type":"ListItem","position":1,"name":"Accueil","item":"https:\/\/www.vendee1.eu\/vendee\/"},{"@type":"ListItem","position":2,"name":"Les Gars de chez nous"}]},{"@type":"WebSite","@id":"https:\/\/www.vendee1.eu\/vendee\/#website","url":"https:\/\/www.vendee1.eu\/vendee\/","name":"Sorties en Vend\u00e9e, Tourisme","description":"Vend\u00e9e1, les id\u00e9es Sorties en Vend\u00e9e Tourisme","potentialAction":[{"@type":"SearchAction","target":{"@type":"EntryPoint","urlTemplate":"https:\/\/www.vendee1.eu\/vendee\/?s={search_term_string}"},"query-input":{"@type":"PropertyValueSpecification","valueRequired":true,"valueName":"search_term_string"}}],"inLanguage":"fr-FR"},{"@type":"Person","@id":"https:\/\/www.vendee1.eu\/vendee\/#\/schema\/person\/63e22c035c30bbdf6ae725e3b531afdc","name":"Sorties Vend\u00e9e","image":{"@type":"ImageObject","inLanguage":"fr-FR","@id":"https:\/\/secure.gravatar.com\/avatar\/61d1de7f953f29bb3f5b6457b62fb4b66f834c865f75a7d8ec767d557a808e20?s=96&d=mm&r=g","url":"https:\/\/secure.gravatar.com\/avatar\/61d1de7f953f29bb3f5b6457b62fb4b66f834c865f75a7d8ec767d557a808e20?s=96&d=mm&r=g","contentUrl":"https:\/\/secure.gravatar.com\/avatar\/61d1de7f953f29bb3f5b6457b62fb4b66f834c865f75a7d8ec767d557a808e20?s=96&d=mm&r=g","caption":"Sorties Vend\u00e9e"}},false]}},"_links":{"self":[{"href":"https:\/\/www.vendee1.eu\/vendee\/wp-json\/wp\/v2\/posts\/887","targetHints":{"allow":["GET"]}}],"collection":[{"href":"https:\/\/www.vendee1.eu\/vendee\/wp-json\/wp\/v2\/posts"}],"about":[{"href":"https:\/\/www.vendee1.eu\/vendee\/wp-json\/wp\/v2\/types\/post"}],"author":[{"embeddable":true,"href":"https:\/\/www.vendee1.eu\/vendee\/wp-json\/wp\/v2\/users\/1"}],"replies":[{"embeddable":true,"href":"https:\/\/www.vendee1.eu\/vendee\/wp-json\/wp\/v2\/comments?post=887"}],"version-history":[{"count":1,"href":"https:\/\/www.vendee1.eu\/vendee\/wp-json\/wp\/v2\/posts\/887\/revisions"}],"predecessor-version":[{"id":888,"href":"https:\/\/www.vendee1.eu\/vendee\/wp-json\/wp\/v2\/posts\/887\/revisions\/888"}],"wp:attachment":[{"href":"https:\/\/www.vendee1.eu\/vendee\/wp-json\/wp\/v2\/media?parent=887"}],"wp:term":[{"taxonomy":"category","embeddable":true,"href":"https:\/\/www.vendee1.eu\/vendee\/wp-json\/wp\/v2\/categories?post=887"},{"taxonomy":"post_tag","embeddable":true,"href":"https:\/\/www.vendee1.eu\/vendee\/wp-json\/wp\/v2\/tags?post=887"}],"curies":[{"name":"wp","href":"https:\/\/api.w.org\/{rel}","templated":true}]}}