{"id":816,"date":"2017-03-15T08:05:05","date_gmt":"2017-03-15T07:05:05","guid":{"rendered":"http:\/\/www.vendee1.eu\/vendee\/?p=816"},"modified":"2017-04-23T10:40:49","modified_gmt":"2017-04-23T08:40:49","slug":"monts-alouettes-moulins-alouettes","status":"publish","type":"post","link":"https:\/\/www.vendee1.eu\/vendee\/monts-alouettes-moulins-alouettes\/","title":{"rendered":"Le Monts des Alouettes, moulins des Alouettes"},"content":{"rendered":"<div id=\"vende-3664932455\" class=\"vende-ads-avant-contenu vende-entity-placement\"><div id=\"attachment_3409\" style=\"width: 810px\" class=\"wp-caption alignnone\"><a href=\"https:\/\/www.mediawakeup.fr\/nous-contacter-184-rue-joseph-gaillard-zone-dactivites-nord-et-gare-85600-montaigu-vendee-agence-crea-web-print\/\" target=\"_blank\" rel=\"Cr\u00e9ation logo Vend\u00e9e Montaigu site internet noopener\"><img loading=\"lazy\" decoding=\"async\" aria-describedby=\"caption-attachment-3409\" class=\"wp-image-3409 size-full\" title=\"Cr\u00e9ation logo Vend\u00e9e Montaigu site internet\" src=\"https:\/\/www.vendee1.eu\/wp-content\/uploads\/2018\/03\/creation-site-internet-vendee-graphistes.jpg\" alt=\"Cr\u00e9ation logo Vend\u00e9e Montaigu site internet - Agence de communication web print en Vend\u00e9e \" width=\"800\" height=\"283\" \/><\/a><p id=\"caption-attachment-3409\" class=\"wp-caption-text\">Cr\u00e9ation logo Vend\u00e9e Montaigu site internet &#8211; Agence de communication web print en Vend\u00e9e<\/p><\/div>\n<p>&nbsp;<\/p>\n<\/div><div id=\"attachment_1460\" style=\"width: 650px\" class=\"wp-caption alignnone\"><img loading=\"lazy\" decoding=\"async\" aria-describedby=\"caption-attachment-1460\" class=\"size-full wp-image-1460\" src=\"http:\/\/www.vendee1.eu\/vendee\/wp-content\/uploads\/2017\/03\/mont-des-alouettes-vendee.jpg\" alt=\"Le Mont des Alouettes - \u00a9Pixabay\" width=\"640\" height=\"426\" srcset=\"https:\/\/www.vendee1.eu\/vendee\/wp-content\/uploads\/2017\/03\/mont-des-alouettes-vendee.jpg 640w, https:\/\/www.vendee1.eu\/vendee\/wp-content\/uploads\/2017\/03\/mont-des-alouettes-vendee-300x200.jpg 300w, https:\/\/www.vendee1.eu\/vendee\/wp-content\/uploads\/2017\/03\/mont-des-alouettes-vendee-272x182.jpg 272w\" sizes=\"auto, (max-width: 640px) 100vw, 640px\" \/><p id=\"caption-attachment-1460\" class=\"wp-caption-text\">Le Mont des Alouettes &#8211; \u00a9Pixabay<\/p><\/div>\n<h1>Le Mont des Alouettes en Vend\u00e9e<\/h1>\n<p style=\"text-align: justify;\">Du haut de ses 231 m\u00e8tres, le Mont des Alouettes est l&rsquo;un des points les plus \u00e9lev\u00e9s de la Vend\u00e9e, il d\u00e9voile un panorama unique qui r\u00e9v\u00e8le la beaut\u00e9 du bocage vend\u00e9en et sa v\u00e9g\u00e9tation g\u00e9n\u00e9reuse. Puisque le site du le Mont des Alouettes \u00e9tait id\u00e9alement battu par les vents, des moulins y furent construits par les seigneurs de Herbiers, d\u00e8s le d\u00e9but du Moyen Age. Ce site tient son nom des alouettes de bronze qui d\u00e9coraient le casque des l\u00e9gionnaires gaulois de l&rsquo;arm\u00e9e romaine, ayant camp\u00e9 sur ces lieux. En 1793, on y comptait six moulins. Durant les guerre de Vend\u00e9e, les blancs se servaient des ailes de ceux-ci pour \u00e9mettre des signaux. Tous les moulins\u00a0 le Mont des Alouettes furent alors incendi\u00e9s.<\/p>\n<p style=\"text-align: justify;\">Apr\u00e8s maintes autres p\u00e9rip\u00e9ties, l&rsquo;un d&rsquo;eux est remis en service en 1989. Ces moulins sont typiques de la r\u00e9gion, avec leur guivre, fait en ch\u00eane \u00e0 peine \u00e9quarri, qui s&rsquo;engage sous le toit en \u00e9teignoir, couverts de bardeaux. L&rsquo;un d&rsquo;eux est d\u00e9di\u00e9 \u00e0 Jean Yole, l&rsquo;\u00e9crivain vend\u00e9en.\u00a0 L\u00e9opold Robert, dit Jean Yole, homme politique fran\u00e7ais et \u00e9crivain. N\u00e9 \u00e0 Soullans (Vend\u00e9e) le 7 septembre 1878, mort \u00e0 Vendrennes (Vend\u00e9e) le 2 novembre 1956. M\u00e9decin en 1904, il revint exercer \u00e0 Soullans, dans le marais, et se maria le 23 octobre 1906 avec une fille du bocage, Marie-Joseph Boisd\u00e9.Il se baptisa alors Jean Yole pour l&rsquo;\u00e9criture, car ce m\u00e9decin se d\u00e9pla\u00e7ait en yole pour aller voir les malades. M\u00e9decin se revendiquant comme catholique et traditionaliste, il a \u00e9t\u00e9 maire de Vendrennes de 1933 \u00e0 1945 et s\u00e9nateur (conservateur) de la Vend\u00e9e en 1936. Il vote les pleins pouvoirs au Mar\u00e9chal P\u00e9tain le 10 juillet 1940. Nomm\u00e9 membre du Conseil National institu\u00e9 en 1941 par le Mar\u00e9chal P\u00e9tain pour remplacer le Parlement et pour le conseiller, et membre du Conseil d\u00e9partemental rempla\u00e7ant le Conseil g\u00e9n\u00e9ral, il adh\u00e8re pleinement \u00e0 l&rsquo;id\u00e9ologie de la R\u00e9volution nationale. Il est d\u00e9clar\u00e9 in\u00e9ligible par un jury d&rsquo;honneur apr\u00e8s la Lib\u00e9ration. \u00c9crivain de la terre et chantre de l&rsquo;\u00e9ternel paysan, il a surtout trait\u00e9 dans ses romans, ses pi\u00e8ces de th\u00e9\u00e2tre et ses essais, de la Vend\u00e9e et des probl\u00e8mes sociaux d&rsquo;un monde rural affect\u00e9 par des mutations venant bouleverser l&rsquo;ordre ancien de la soci\u00e9t\u00e9 traditionnelle. Originaire du marais breton, il a utilis\u00e9 comme nom de plume un embl\u00e8me de ce pays, la yole, qui est une petite embarcation. L\u00e9opold Robert Jean-Yole fut \u00e9lu membre de l&rsquo;Acad\u00e9mie d&rsquo;agriculture en 1948.<\/p>\n<p style=\"text-align: justify;\"><img decoding=\"async\" class=\"wp-image-235 size-full\" src=\"http:\/\/www.vendee1.eu\/vendee\/wp-content\/uploads\/2017\/03\/MONT-DES-ALOUETTES.jpg\" alt=\"Mont des Alouettes en Vend\u00e9e\" width=\"100%\" srcset=\"https:\/\/www.vendee1.eu\/vendee\/wp-content\/uploads\/2017\/03\/MONT-DES-ALOUETTES.jpg 500w, https:\/\/www.vendee1.eu\/vendee\/wp-content\/uploads\/2017\/03\/MONT-DES-ALOUETTES-300x210.jpg 300w\" sizes=\"(max-width: 500px) 100vw, 500px\" \/> <br \/>\n Mont des Alouettes en Vend\u00e9e<\/p>\n<h1 style=\"text-align: justify;\"><strong>Moulin des Alouettes, Les Herbiers<\/strong><\/h1>\n<p style=\"text-align: justify;\">Pour plus d&rsquo;informations, jours et heures de visite, tarifs : contacter l&rsquo;Office de Tourisme du Pays des Herbiers au 02 51 92 92 92 ou bien visitez le site internet des Herbiers : <span id=\"main\"><span id=\"search\">www.lesherbiers.fr<\/span><\/span><\/p>\n<div style='text-align:left' class='yasr-auto-insert-visitor'><!--Yasr Visitor Votes Shortcode--><div id='yasr_visitor_votes_1462e9f5dbdf2' class='yasr-visitor-votes'><div class=\"yasr-custom-text-vv-before yasr-custom-text-vv-before-816\">Avis visiteurs :<\/div><div id='yasr-vv-second-row-container-1462e9f5dbdf2'\r\n                                        class='yasr-vv-second-row-container'><div id='yasr-visitor-votes-rater-1462e9f5dbdf2'\r\n                                      class='yasr-rater-stars-vv'\r\n                                      data-rater-postid='816'\r\n                                      data-rating='0'\r\n                                      data-rater-starsize='16'\r\n                                      data-rater-readonly='false'\r\n                                      data-rater-nonce='d997243d22'\r\n                                      data-issingular='false'\r\n                                    ><\/div><div class=\"yasr-vv-stats-text-container\" id=\"yasr-vv-stats-text-container-1462e9f5dbdf2\"><svg xmlns=\"https:\/\/www.w3.org\/2000\/svg\" width=\"20\" height=\"20\"\r\n                                   class=\"yasr-dashicons-visitor-stats\"\r\n                                   data-postid=\"816\"\r\n                                   id=\"yasr-stats-dashicon-1462e9f5dbdf2\">\r\n                                   <path d=\"M18 18v-16h-4v16h4zM12 18v-11h-4v11h4zM6 18v-8h-4v8h4z\"><\/path>\r\n                               <\/svg><span id=\"yasr-vv-text-container-1462e9f5dbdf2\" class=\"yasr-vv-text-container\">[Nbre : <span id=\"yasr-vv-votes-number-container-1462e9f5dbdf2\">0<\/span>  Moyenne : <span id=\"yasr-vv-average-container-1462e9f5dbdf2\">0<\/span>]<\/span><\/div><div id='yasr-vv-loader-1462e9f5dbdf2' class='yasr-vv-container-loader'><\/div><\/div><div id='yasr-vv-bottom-container-1462e9f5dbdf2' class='yasr-vv-bottom-container'><\/div><\/div><!--End Yasr Visitor Votes Shortcode--><\/div><div id=\"vende-2459824494\" class=\"vende-ads-apres-contenu vende-entity-placement\" style=\"margin-top: 10px;margin-bottom: 10px;margin-left: 10px;\"><p><a href=\"https:\/\/hellostickers.fr\" rel=\"stickers autocollants decoratifs personnalis\u00e9s regionaux\"><img loading=\"lazy\" decoding=\"async\" class=\"alignnone wp-image-2282 \" title=\"stickers autocollants decoratifs personnalis\u00e9s regionaux\" src=\"https:\/\/www.vendee1.eu\/vendee\/wp-content\/uploads\/2017\/05\/stickers_autocollants_decoratifs_regionaux-e1552677291609.png\" alt=\"stickers autocollants decoratifs personnalis\u00e9s regionaux\" width=\"654\" height=\"121\" \/><\/a><\/p>\n<\/div>","protected":false},"excerpt":{"rendered":"<p>Le Mont des Alouettes en Vend\u00e9e Du haut de ses 231 m\u00e8tres, le Mont des Alouettes est l&rsquo;un des points les plus \u00e9lev\u00e9s de la Vend\u00e9e, il d\u00e9voile un panorama unique qui r\u00e9v\u00e8le la&#46;&#46;&#46;<\/p>\n","protected":false},"author":1,"featured_media":1460,"comment_status":"closed","ping_status":"closed","sticky":false,"template":"","format":"standard","meta":{"yasr_overall_rating":0,"yasr_post_is_review":"","yasr_auto_insert_disabled":"","yasr_review_type":"","footnotes":""},"categories":[115,42],"tags":[37,34,95,30],"class_list":["post-816","post","type-post","status-publish","format-standard","has-post-thumbnail","hentry","category-moulins-en-vendee","category-visites-en-vendee","tag-balades","tag-moulins","tag-tourisme","tag-visites"],"yasr_visitor_votes":{"stars_attributes":{"read_only":false,"span_bottom":false},"number_of_votes":0,"sum_votes":0},"yoast_head":"<!-- This site is optimized with the Yoast SEO plugin v27.5 - https:\/\/yoast.com\/product\/yoast-seo-wordpress\/ -->\n<title>Le Monts des Alouettes, moulins des Alouettes - Sorties en Vend\u00e9e, Tourisme<\/title>\n<meta name=\"robots\" content=\"index, follow, max-snippet:-1, max-image-preview:large, max-video-preview:-1\" \/>\n<link rel=\"canonical\" href=\"https:\/\/www.vendee1.eu\/vendee\/monts-alouettes-moulins-alouettes\/\" \/>\n<meta property=\"og:locale\" content=\"fr_FR\" \/>\n<meta property=\"og:type\" content=\"article\" \/>\n<meta property=\"og:title\" content=\"Le Monts des Alouettes, moulins des Alouettes - Sorties en Vend\u00e9e, Tourisme\" \/>\n<meta property=\"og:description\" content=\"Le Mont des Alouettes en Vend\u00e9e Du haut de ses 231 m\u00e8tres, le Mont des Alouettes est l&rsquo;un des points les plus \u00e9lev\u00e9s de la Vend\u00e9e, il d\u00e9voile un panorama unique qui r\u00e9v\u00e8le la&#046;&#046;&#046;\" \/>\n<meta property=\"og:url\" content=\"https:\/\/www.vendee1.eu\/vendee\/monts-alouettes-moulins-alouettes\/\" \/>\n<meta property=\"og:site_name\" content=\"Sorties en Vend\u00e9e, Tourisme\" \/>\n<meta property=\"article:publisher\" content=\"https:\/\/www.facebook.com\/vendee.tourisme.7\/\" \/>\n<meta property=\"article:published_time\" content=\"2017-03-15T07:05:05+00:00\" \/>\n<meta property=\"article:modified_time\" content=\"2017-04-23T08:40:49+00:00\" \/>\n<meta property=\"og:image\" content=\"https:\/\/www.vendee1.eu\/vendee\/wp-content\/uploads\/2017\/03\/mont-des-alouettes-vendee.jpg\" \/>\n\t<meta property=\"og:image:width\" content=\"640\" \/>\n\t<meta property=\"og:image:height\" content=\"426\" \/>\n\t<meta property=\"og:image:type\" content=\"image\/jpeg\" \/>\n<meta name=\"author\" content=\"Sorties Vend\u00e9e\" \/>\n<meta name=\"twitter:card\" content=\"summary_large_image\" \/>\n<meta name=\"twitter:label1\" content=\"\u00c9crit par\" \/>\n\t<meta name=\"twitter:data1\" content=\"Sorties Vend\u00e9e\" \/>\n\t<meta name=\"twitter:label2\" content=\"Dur\u00e9e de lecture estim\u00e9e\" \/>\n\t<meta name=\"twitter:data2\" content=\"3 minutes\" \/>\n<script type=\"application\/ld+json\" class=\"yoast-schema-graph\">{\"@context\":\"https:\\\/\\\/schema.org\",\"@graph\":[{\"@type\":\"Article\",\"@id\":\"https:\\\/\\\/www.vendee1.eu\\\/vendee\\\/monts-alouettes-moulins-alouettes\\\/#article\",\"isPartOf\":{\"@id\":\"https:\\\/\\\/www.vendee1.eu\\\/vendee\\\/monts-alouettes-moulins-alouettes\\\/\"},\"author\":{\"name\":\"Sorties Vend\u00e9e\",\"@id\":\"https:\\\/\\\/www.vendee1.eu\\\/vendee\\\/#\\\/schema\\\/person\\\/63e22c035c30bbdf6ae725e3b531afdc\"},\"headline\":\"Le Monts des Alouettes, moulins des Alouettes\",\"datePublished\":\"2017-03-15T07:05:05+00:00\",\"dateModified\":\"2017-04-23T08:40:49+00:00\",\"mainEntityOfPage\":{\"@id\":\"https:\\\/\\\/www.vendee1.eu\\\/vendee\\\/monts-alouettes-moulins-alouettes\\\/\"},\"wordCount\":528,\"image\":{\"@id\":\"https:\\\/\\\/www.vendee1.eu\\\/vendee\\\/monts-alouettes-moulins-alouettes\\\/#primaryimage\"},\"thumbnailUrl\":\"https:\\\/\\\/www.vendee1.eu\\\/vendee\\\/wp-content\\\/uploads\\\/2017\\\/03\\\/mont-des-alouettes-vendee.jpg\",\"keywords\":[\"balades\",\"moulins\",\"tourisme\",\"visites\"],\"articleSection\":[\"Moulins en Vend\u00e9e\",\"Visites en Vend\u00e9e\"],\"inLanguage\":\"fr-FR\"},{\"@type\":\"WebPage\",\"@id\":\"https:\\\/\\\/www.vendee1.eu\\\/vendee\\\/monts-alouettes-moulins-alouettes\\\/\",\"url\":\"https:\\\/\\\/www.vendee1.eu\\\/vendee\\\/monts-alouettes-moulins-alouettes\\\/\",\"name\":\"Le Monts des Alouettes, moulins des Alouettes - Sorties en Vend\u00e9e, Tourisme\",\"isPartOf\":{\"@id\":\"https:\\\/\\\/www.vendee1.eu\\\/vendee\\\/#website\"},\"primaryImageOfPage\":{\"@id\":\"https:\\\/\\\/www.vendee1.eu\\\/vendee\\\/monts-alouettes-moulins-alouettes\\\/#primaryimage\"},\"image\":{\"@id\":\"https:\\\/\\\/www.vendee1.eu\\\/vendee\\\/monts-alouettes-moulins-alouettes\\\/#primaryimage\"},\"thumbnailUrl\":\"https:\\\/\\\/www.vendee1.eu\\\/vendee\\\/wp-content\\\/uploads\\\/2017\\\/03\\\/mont-des-alouettes-vendee.jpg\",\"datePublished\":\"2017-03-15T07:05:05+00:00\",\"dateModified\":\"2017-04-23T08:40:49+00:00\",\"author\":{\"@id\":\"https:\\\/\\\/www.vendee1.eu\\\/vendee\\\/#\\\/schema\\\/person\\\/63e22c035c30bbdf6ae725e3b531afdc\"},\"breadcrumb\":{\"@id\":\"https:\\\/\\\/www.vendee1.eu\\\/vendee\\\/monts-alouettes-moulins-alouettes\\\/#breadcrumb\"},\"inLanguage\":\"fr-FR\",\"potentialAction\":[{\"@type\":\"ReadAction\",\"target\":[\"https:\\\/\\\/www.vendee1.eu\\\/vendee\\\/monts-alouettes-moulins-alouettes\\\/\"]}]},{\"@type\":\"ImageObject\",\"inLanguage\":\"fr-FR\",\"@id\":\"https:\\\/\\\/www.vendee1.eu\\\/vendee\\\/monts-alouettes-moulins-alouettes\\\/#primaryimage\",\"url\":\"https:\\\/\\\/www.vendee1.eu\\\/vendee\\\/wp-content\\\/uploads\\\/2017\\\/03\\\/mont-des-alouettes-vendee.jpg\",\"contentUrl\":\"https:\\\/\\\/www.vendee1.eu\\\/vendee\\\/wp-content\\\/uploads\\\/2017\\\/03\\\/mont-des-alouettes-vendee.jpg\",\"width\":640,\"height\":426,\"caption\":\"Le Mont des Alouettes - \u00a9Pixabay\"},{\"@type\":\"BreadcrumbList\",\"@id\":\"https:\\\/\\\/www.vendee1.eu\\\/vendee\\\/monts-alouettes-moulins-alouettes\\\/#breadcrumb\",\"itemListElement\":[{\"@type\":\"ListItem\",\"position\":1,\"name\":\"Accueil\",\"item\":\"https:\\\/\\\/www.vendee1.eu\\\/vendee\\\/\"},{\"@type\":\"ListItem\",\"position\":2,\"name\":\"Le Monts des Alouettes, moulins des Alouettes\"}]},{\"@type\":\"WebSite\",\"@id\":\"https:\\\/\\\/www.vendee1.eu\\\/vendee\\\/#website\",\"url\":\"https:\\\/\\\/www.vendee1.eu\\\/vendee\\\/\",\"name\":\"Sorties en Vend\u00e9e, Tourisme\",\"description\":\"Vend\u00e9e1, les id\u00e9es Sorties en Vend\u00e9e Tourisme\",\"potentialAction\":[{\"@type\":\"SearchAction\",\"target\":{\"@type\":\"EntryPoint\",\"urlTemplate\":\"https:\\\/\\\/www.vendee1.eu\\\/vendee\\\/?s={search_term_string}\"},\"query-input\":{\"@type\":\"PropertyValueSpecification\",\"valueRequired\":true,\"valueName\":\"search_term_string\"}}],\"inLanguage\":\"fr-FR\"},{\"@type\":\"Person\",\"@id\":\"https:\\\/\\\/www.vendee1.eu\\\/vendee\\\/#\\\/schema\\\/person\\\/63e22c035c30bbdf6ae725e3b531afdc\",\"name\":\"Sorties Vend\u00e9e\",\"image\":{\"@type\":\"ImageObject\",\"inLanguage\":\"fr-FR\",\"@id\":\"https:\\\/\\\/secure.gravatar.com\\\/avatar\\\/61d1de7f953f29bb3f5b6457b62fb4b66f834c865f75a7d8ec767d557a808e20?s=96&d=mm&r=g\",\"url\":\"https:\\\/\\\/secure.gravatar.com\\\/avatar\\\/61d1de7f953f29bb3f5b6457b62fb4b66f834c865f75a7d8ec767d557a808e20?s=96&d=mm&r=g\",\"contentUrl\":\"https:\\\/\\\/secure.gravatar.com\\\/avatar\\\/61d1de7f953f29bb3f5b6457b62fb4b66f834c865f75a7d8ec767d557a808e20?s=96&d=mm&r=g\",\"caption\":\"Sorties Vend\u00e9e\"}},false]}<\/script>\n<!-- \/ Yoast SEO plugin. -->","yoast_head_json":{"title":"Le Monts des Alouettes, moulins des Alouettes - Sorties en Vend\u00e9e, Tourisme","robots":{"index":"index","follow":"follow","max-snippet":"max-snippet:-1","max-image-preview":"max-image-preview:large","max-video-preview":"max-video-preview:-1"},"canonical":"https:\/\/www.vendee1.eu\/vendee\/monts-alouettes-moulins-alouettes\/","og_locale":"fr_FR","og_type":"article","og_title":"Le Monts des Alouettes, moulins des Alouettes - Sorties en Vend\u00e9e, Tourisme","og_description":"Le Mont des Alouettes en Vend\u00e9e Du haut de ses 231 m\u00e8tres, le Mont des Alouettes est l&rsquo;un des points les plus \u00e9lev\u00e9s de la Vend\u00e9e, il d\u00e9voile un panorama unique qui r\u00e9v\u00e8le la&#46;&#46;&#46;","og_url":"https:\/\/www.vendee1.eu\/vendee\/monts-alouettes-moulins-alouettes\/","og_site_name":"Sorties en Vend\u00e9e, Tourisme","article_publisher":"https:\/\/www.facebook.com\/vendee.tourisme.7\/","article_published_time":"2017-03-15T07:05:05+00:00","article_modified_time":"2017-04-23T08:40:49+00:00","og_image":[{"width":640,"height":426,"url":"https:\/\/www.vendee1.eu\/vendee\/wp-content\/uploads\/2017\/03\/mont-des-alouettes-vendee.jpg","type":"image\/jpeg"}],"author":"Sorties Vend\u00e9e","twitter_card":"summary_large_image","twitter_misc":{"\u00c9crit par":"Sorties Vend\u00e9e","Dur\u00e9e de lecture estim\u00e9e":"3 minutes"},"schema":{"@context":"https:\/\/schema.org","@graph":[{"@type":"Article","@id":"https:\/\/www.vendee1.eu\/vendee\/monts-alouettes-moulins-alouettes\/#article","isPartOf":{"@id":"https:\/\/www.vendee1.eu\/vendee\/monts-alouettes-moulins-alouettes\/"},"author":{"name":"Sorties Vend\u00e9e","@id":"https:\/\/www.vendee1.eu\/vendee\/#\/schema\/person\/63e22c035c30bbdf6ae725e3b531afdc"},"headline":"Le Monts des Alouettes, moulins des Alouettes","datePublished":"2017-03-15T07:05:05+00:00","dateModified":"2017-04-23T08:40:49+00:00","mainEntityOfPage":{"@id":"https:\/\/www.vendee1.eu\/vendee\/monts-alouettes-moulins-alouettes\/"},"wordCount":528,"image":{"@id":"https:\/\/www.vendee1.eu\/vendee\/monts-alouettes-moulins-alouettes\/#primaryimage"},"thumbnailUrl":"https:\/\/www.vendee1.eu\/vendee\/wp-content\/uploads\/2017\/03\/mont-des-alouettes-vendee.jpg","keywords":["balades","moulins","tourisme","visites"],"articleSection":["Moulins en Vend\u00e9e","Visites en Vend\u00e9e"],"inLanguage":"fr-FR"},{"@type":"WebPage","@id":"https:\/\/www.vendee1.eu\/vendee\/monts-alouettes-moulins-alouettes\/","url":"https:\/\/www.vendee1.eu\/vendee\/monts-alouettes-moulins-alouettes\/","name":"Le Monts des Alouettes, moulins des Alouettes - Sorties en Vend\u00e9e, Tourisme","isPartOf":{"@id":"https:\/\/www.vendee1.eu\/vendee\/#website"},"primaryImageOfPage":{"@id":"https:\/\/www.vendee1.eu\/vendee\/monts-alouettes-moulins-alouettes\/#primaryimage"},"image":{"@id":"https:\/\/www.vendee1.eu\/vendee\/monts-alouettes-moulins-alouettes\/#primaryimage"},"thumbnailUrl":"https:\/\/www.vendee1.eu\/vendee\/wp-content\/uploads\/2017\/03\/mont-des-alouettes-vendee.jpg","datePublished":"2017-03-15T07:05:05+00:00","dateModified":"2017-04-23T08:40:49+00:00","author":{"@id":"https:\/\/www.vendee1.eu\/vendee\/#\/schema\/person\/63e22c035c30bbdf6ae725e3b531afdc"},"breadcrumb":{"@id":"https:\/\/www.vendee1.eu\/vendee\/monts-alouettes-moulins-alouettes\/#breadcrumb"},"inLanguage":"fr-FR","potentialAction":[{"@type":"ReadAction","target":["https:\/\/www.vendee1.eu\/vendee\/monts-alouettes-moulins-alouettes\/"]}]},{"@type":"ImageObject","inLanguage":"fr-FR","@id":"https:\/\/www.vendee1.eu\/vendee\/monts-alouettes-moulins-alouettes\/#primaryimage","url":"https:\/\/www.vendee1.eu\/vendee\/wp-content\/uploads\/2017\/03\/mont-des-alouettes-vendee.jpg","contentUrl":"https:\/\/www.vendee1.eu\/vendee\/wp-content\/uploads\/2017\/03\/mont-des-alouettes-vendee.jpg","width":640,"height":426,"caption":"Le Mont des Alouettes - \u00a9Pixabay"},{"@type":"BreadcrumbList","@id":"https:\/\/www.vendee1.eu\/vendee\/monts-alouettes-moulins-alouettes\/#breadcrumb","itemListElement":[{"@type":"ListItem","position":1,"name":"Accueil","item":"https:\/\/www.vendee1.eu\/vendee\/"},{"@type":"ListItem","position":2,"name":"Le Monts des Alouettes, moulins des Alouettes"}]},{"@type":"WebSite","@id":"https:\/\/www.vendee1.eu\/vendee\/#website","url":"https:\/\/www.vendee1.eu\/vendee\/","name":"Sorties en Vend\u00e9e, Tourisme","description":"Vend\u00e9e1, les id\u00e9es Sorties en Vend\u00e9e Tourisme","potentialAction":[{"@type":"SearchAction","target":{"@type":"EntryPoint","urlTemplate":"https:\/\/www.vendee1.eu\/vendee\/?s={search_term_string}"},"query-input":{"@type":"PropertyValueSpecification","valueRequired":true,"valueName":"search_term_string"}}],"inLanguage":"fr-FR"},{"@type":"Person","@id":"https:\/\/www.vendee1.eu\/vendee\/#\/schema\/person\/63e22c035c30bbdf6ae725e3b531afdc","name":"Sorties Vend\u00e9e","image":{"@type":"ImageObject","inLanguage":"fr-FR","@id":"https:\/\/secure.gravatar.com\/avatar\/61d1de7f953f29bb3f5b6457b62fb4b66f834c865f75a7d8ec767d557a808e20?s=96&d=mm&r=g","url":"https:\/\/secure.gravatar.com\/avatar\/61d1de7f953f29bb3f5b6457b62fb4b66f834c865f75a7d8ec767d557a808e20?s=96&d=mm&r=g","contentUrl":"https:\/\/secure.gravatar.com\/avatar\/61d1de7f953f29bb3f5b6457b62fb4b66f834c865f75a7d8ec767d557a808e20?s=96&d=mm&r=g","caption":"Sorties Vend\u00e9e"}},false]}},"_links":{"self":[{"href":"https:\/\/www.vendee1.eu\/vendee\/wp-json\/wp\/v2\/posts\/816","targetHints":{"allow":["GET"]}}],"collection":[{"href":"https:\/\/www.vendee1.eu\/vendee\/wp-json\/wp\/v2\/posts"}],"about":[{"href":"https:\/\/www.vendee1.eu\/vendee\/wp-json\/wp\/v2\/types\/post"}],"author":[{"embeddable":true,"href":"https:\/\/www.vendee1.eu\/vendee\/wp-json\/wp\/v2\/users\/1"}],"replies":[{"embeddable":true,"href":"https:\/\/www.vendee1.eu\/vendee\/wp-json\/wp\/v2\/comments?post=816"}],"version-history":[{"count":5,"href":"https:\/\/www.vendee1.eu\/vendee\/wp-json\/wp\/v2\/posts\/816\/revisions"}],"predecessor-version":[{"id":1639,"href":"https:\/\/www.vendee1.eu\/vendee\/wp-json\/wp\/v2\/posts\/816\/revisions\/1639"}],"wp:featuredmedia":[{"embeddable":true,"href":"https:\/\/www.vendee1.eu\/vendee\/wp-json\/wp\/v2\/media\/1460"}],"wp:attachment":[{"href":"https:\/\/www.vendee1.eu\/vendee\/wp-json\/wp\/v2\/media?parent=816"}],"wp:term":[{"taxonomy":"category","embeddable":true,"href":"https:\/\/www.vendee1.eu\/vendee\/wp-json\/wp\/v2\/categories?post=816"},{"taxonomy":"post_tag","embeddable":true,"href":"https:\/\/www.vendee1.eu\/vendee\/wp-json\/wp\/v2\/tags?post=816"}],"curies":[{"name":"wp","href":"https:\/\/api.w.org\/{rel}","templated":true}]}}