{"id":646,"date":"2017-03-14T19:04:43","date_gmt":"2017-03-14T18:04:43","guid":{"rendered":"http:\/\/www.vendee1.eu\/vendee\/?p=646"},"modified":"2017-03-14T19:04:56","modified_gmt":"2017-03-14T18:04:56","slug":"fonction-air-climatise-ac-prudence-utilisation","status":"publish","type":"post","link":"https:\/\/www.vendee1.eu\/vendee\/fonction-air-climatise-ac-prudence-utilisation\/","title":{"rendered":"Fonction air climatis\u00e9 AC prudence dans son utilisation"},"content":{"rendered":"<div id=\"vende-1495287805\" class=\"vende-ads-avant-contenu vende-entity-placement\"><div id=\"attachment_3409\" style=\"width: 810px\" class=\"wp-caption alignnone\"><a href=\"https:\/\/www.mediawakeup.fr\/nous-contacter-184-rue-joseph-gaillard-zone-dactivites-nord-et-gare-85600-montaigu-vendee-agence-crea-web-print\/\" target=\"_blank\" rel=\"Cr\u00e9ation logo Vend\u00e9e Montaigu site internet noopener\"><img loading=\"lazy\" decoding=\"async\" aria-describedby=\"caption-attachment-3409\" class=\"wp-image-3409 size-full\" title=\"Cr\u00e9ation logo Vend\u00e9e Montaigu site internet\" src=\"https:\/\/www.vendee1.eu\/wp-content\/uploads\/2018\/03\/creation-site-internet-vendee-graphistes.jpg\" alt=\"Cr\u00e9ation logo Vend\u00e9e Montaigu site internet - Agence de communication web print en Vend\u00e9e \" width=\"800\" height=\"283\" \/><\/a><p id=\"caption-attachment-3409\" class=\"wp-caption-text\">Cr\u00e9ation logo Vend\u00e9e Montaigu site internet &#8211; Agence de communication web print en Vend\u00e9e<\/p><\/div>\n<p>&nbsp;<\/p>\n<\/div><p style=\"text-align: justify;\">N&rsquo;activez jamais la fonction air climatis\u00e9\u00a0(A\/C)\u00a0au moment o\u00f9 vous entrez dans votre auto.\u00a0 Ouvrez les fen\u00eatres et attendez quelques minutes avant de le faire.\u00a0 Pourquoi ? :\u00a0 Selon une recherche, le tableau de bord, les si\u00e8ges et le rafra\u00eechisseur d&rsquo;air \u00e9mettent du benz\u00e8ne, une toxine causant le cancer (carcinog\u00e8ne &#8211; prenez le temps d&rsquo;observer la senteur du plastique chauff\u00e9 dans votre auto).\u00a0 En plus de causer le cancer, le benz\u00e8ne empoisonne vos os, cause de l&rsquo;an\u00e9mie et r\u00e9duit les globules blancs dans le sang.\u00a0\u00a0L&rsquo;exposition prolong\u00e9e causerait aussi la leuc\u00e9mie, augmentant le risque de cancer et pouvant m\u00eame causer une fausse couche.<\/p>\n<p style=\"text-align: justify;\">Le niveau <strong>acceptable<\/strong> de benz\u00e8ne \u00e0 l&rsquo;int\u00e9rieur\u00a0est de 50 mg\/pi.ca. Une auto stationn\u00e9e \u00e0 l&rsquo;int\u00e9rieur, avec les fen\u00eatres ferm\u00e9es, peut contenir de 400 \u00e0 800 mg\/pi.ca. de benz\u00e8ne.\u00a0 Si l&rsquo;auto est stationn\u00e9e \u00e0 l&rsquo;ext\u00e9rieur, au soleil, \u00e0 une temp\u00e9rature de plus de 60\u00b0F, le niveau de benz\u00e8ne peut\u00a0monter jusqu&rsquo;\u00e0 2000-4000 mg, soit 40 fois le niveau acceptable&#8230;<\/p>\n<p style=\"text-align: justify;\">Les gens qui entrent dans leur auto sans ouvrir les fen\u00eatres vont\u00a0in\u00e9vitablement respirer rapidement\u00a0des quantit\u00e9s excessives de la toxine. Le benz\u00e8ne est une toxine qui affecte les reins et le foie.\u00a0 Le pire, c&rsquo;est qu&rsquo;il est\u00a0extr\u00eamement difficile d&rsquo;\u00e9vacuer ce produit toxique. Alors, avant d&rsquo;entrer dans votre auto, ouvrez les fen\u00eatres et les portes, onnez le temps \u00e0 l&rsquo;air\u00a0int\u00e9rieur de s&rsquo;\u00e9chapper et de se renouveler.<\/p>\n<p style=\"text-align: justify;\"><strong>Pens\u00e9e :<\/strong> Lorsque quelqu&rsquo;un partage avec vous\u00a0quelque chose d&rsquo;important dont\u00a0vous pouvez\u00a0b\u00e9n\u00e9ficier,\u00a0vous avez\u00a0une obligation morale de la\u00a0partager avec d&rsquo;autres\u00a0(proverbe chinois).<\/p>\n<div style='text-align:left' class='yasr-auto-insert-visitor'><!--Yasr Visitor Votes Shortcode--><div id='yasr_visitor_votes_c6ff234223968' class='yasr-visitor-votes'><div class=\"yasr-custom-text-vv-before yasr-custom-text-vv-before-646\">Avis visiteurs :<\/div><div id='yasr-vv-second-row-container-c6ff234223968'\r\n                                        class='yasr-vv-second-row-container'><div id='yasr-visitor-votes-rater-c6ff234223968'\r\n                                      class='yasr-rater-stars-vv'\r\n                                      data-rater-postid='646'\r\n                                      data-rating='0'\r\n                                      data-rater-starsize='16'\r\n                                      data-rater-readonly='false'\r\n                                      data-rater-nonce='aefc8ee853'\r\n                                      data-issingular='false'\r\n                                    ><\/div><div class=\"yasr-vv-stats-text-container\" id=\"yasr-vv-stats-text-container-c6ff234223968\"><svg xmlns=\"https:\/\/www.w3.org\/2000\/svg\" width=\"20\" height=\"20\"\r\n                                   class=\"yasr-dashicons-visitor-stats\"\r\n                                   data-postid=\"646\"\r\n                                   id=\"yasr-stats-dashicon-c6ff234223968\">\r\n                                   <path d=\"M18 18v-16h-4v16h4zM12 18v-11h-4v11h4zM6 18v-8h-4v8h4z\"><\/path>\r\n                               <\/svg><span id=\"yasr-vv-text-container-c6ff234223968\" class=\"yasr-vv-text-container\">[Nbre : <span id=\"yasr-vv-votes-number-container-c6ff234223968\">0<\/span>  Moyenne : <span id=\"yasr-vv-average-container-c6ff234223968\">0<\/span>]<\/span><\/div><div id='yasr-vv-loader-c6ff234223968' class='yasr-vv-container-loader'><\/div><\/div><div id='yasr-vv-bottom-container-c6ff234223968' class='yasr-vv-bottom-container'><\/div><\/div><!--End Yasr Visitor Votes Shortcode--><\/div><div id=\"vende-310870523\" class=\"vende-ads-apres-contenu vende-entity-placement\" style=\"margin-top: 10px;margin-bottom: 10px;margin-left: 10px;\"><p><a href=\"https:\/\/hellostickers.fr\" rel=\"stickers autocollants decoratifs personnalis\u00e9s regionaux\"><img loading=\"lazy\" decoding=\"async\" class=\"alignnone wp-image-2282 \" title=\"stickers autocollants decoratifs personnalis\u00e9s regionaux\" src=\"https:\/\/www.vendee1.eu\/vendee\/wp-content\/uploads\/2017\/05\/stickers_autocollants_decoratifs_regionaux-e1552677291609.png\" alt=\"stickers autocollants decoratifs personnalis\u00e9s regionaux\" width=\"654\" height=\"121\" \/><\/a><\/p>\n<\/div>","protected":false},"excerpt":{"rendered":"<p>N&rsquo;activez jamais la fonction air climatis\u00e9\u00a0(A\/C)\u00a0au moment o\u00f9 vous entrez dans votre auto.\u00a0 Ouvrez les fen\u00eatres et attendez quelques minutes avant de le faire.\u00a0 Pourquoi ? :\u00a0 Selon une recherche, le tableau de bord,&#46;&#46;&#46;<\/p>\n","protected":false},"author":1,"featured_media":0,"comment_status":"closed","ping_status":"closed","sticky":false,"template":"","format":"standard","meta":{"yasr_overall_rating":0,"yasr_post_is_review":"","yasr_auto_insert_disabled":"","yasr_review_type":"","footnotes":""},"categories":[1],"tags":[],"class_list":["post-646","post","type-post","status-publish","format-standard","hentry","category-non-classe"],"yasr_visitor_votes":{"stars_attributes":{"read_only":false,"span_bottom":false},"number_of_votes":0,"sum_votes":0},"yoast_head":"<!-- This site is optimized with the Yoast SEO plugin v27.5 - https:\/\/yoast.com\/product\/yoast-seo-wordpress\/ -->\n<title>Fonction air climatis\u00e9 AC prudence dans son utilisation - Sorties en Vend\u00e9e, Tourisme<\/title>\n<meta name=\"robots\" content=\"index, follow, max-snippet:-1, max-image-preview:large, max-video-preview:-1\" \/>\n<link rel=\"canonical\" href=\"https:\/\/www.vendee1.eu\/vendee\/fonction-air-climatise-ac-prudence-utilisation\/\" \/>\n<meta property=\"og:locale\" content=\"fr_FR\" \/>\n<meta property=\"og:type\" content=\"article\" \/>\n<meta property=\"og:title\" content=\"Fonction air climatis\u00e9 AC prudence dans son utilisation - Sorties en Vend\u00e9e, Tourisme\" \/>\n<meta property=\"og:description\" content=\"N&rsquo;activez jamais la fonction air climatis\u00e9\u00a0(A\/C)\u00a0au moment o\u00f9 vous entrez dans votre auto.\u00a0 Ouvrez les fen\u00eatres et attendez quelques minutes avant de le faire.\u00a0 Pourquoi ? :\u00a0 Selon une recherche, le tableau de bord,&#046;&#046;&#046;\" \/>\n<meta property=\"og:url\" content=\"https:\/\/www.vendee1.eu\/vendee\/fonction-air-climatise-ac-prudence-utilisation\/\" \/>\n<meta property=\"og:site_name\" content=\"Sorties en Vend\u00e9e, Tourisme\" \/>\n<meta property=\"article:publisher\" content=\"https:\/\/www.facebook.com\/vendee.tourisme.7\/\" \/>\n<meta property=\"article:published_time\" content=\"2017-03-14T18:04:43+00:00\" \/>\n<meta property=\"article:modified_time\" content=\"2017-03-14T18:04:56+00:00\" \/>\n<meta name=\"author\" content=\"Sorties Vend\u00e9e\" \/>\n<meta name=\"twitter:card\" content=\"summary_large_image\" \/>\n<meta name=\"twitter:label1\" content=\"\u00c9crit par\" \/>\n\t<meta name=\"twitter:data1\" content=\"Sorties Vend\u00e9e\" \/>\n\t<meta name=\"twitter:label2\" content=\"Dur\u00e9e de lecture estim\u00e9e\" \/>\n\t<meta name=\"twitter:data2\" content=\"1 minute\" \/>\n<script type=\"application\/ld+json\" class=\"yoast-schema-graph\">{\"@context\":\"https:\\\/\\\/schema.org\",\"@graph\":[{\"@type\":\"Article\",\"@id\":\"https:\\\/\\\/www.vendee1.eu\\\/vendee\\\/fonction-air-climatise-ac-prudence-utilisation\\\/#article\",\"isPartOf\":{\"@id\":\"https:\\\/\\\/www.vendee1.eu\\\/vendee\\\/fonction-air-climatise-ac-prudence-utilisation\\\/\"},\"author\":{\"name\":\"Sorties Vend\u00e9e\",\"@id\":\"https:\\\/\\\/www.vendee1.eu\\\/vendee\\\/#\\\/schema\\\/person\\\/63e22c035c30bbdf6ae725e3b531afdc\"},\"headline\":\"Fonction air climatis\u00e9 AC prudence dans son utilisation\",\"datePublished\":\"2017-03-14T18:04:43+00:00\",\"dateModified\":\"2017-03-14T18:04:56+00:00\",\"mainEntityOfPage\":{\"@id\":\"https:\\\/\\\/www.vendee1.eu\\\/vendee\\\/fonction-air-climatise-ac-prudence-utilisation\\\/\"},\"wordCount\":307,\"inLanguage\":\"fr-FR\"},{\"@type\":\"WebPage\",\"@id\":\"https:\\\/\\\/www.vendee1.eu\\\/vendee\\\/fonction-air-climatise-ac-prudence-utilisation\\\/\",\"url\":\"https:\\\/\\\/www.vendee1.eu\\\/vendee\\\/fonction-air-climatise-ac-prudence-utilisation\\\/\",\"name\":\"Fonction air climatis\u00e9 AC prudence dans son utilisation - Sorties en Vend\u00e9e, Tourisme\",\"isPartOf\":{\"@id\":\"https:\\\/\\\/www.vendee1.eu\\\/vendee\\\/#website\"},\"datePublished\":\"2017-03-14T18:04:43+00:00\",\"dateModified\":\"2017-03-14T18:04:56+00:00\",\"author\":{\"@id\":\"https:\\\/\\\/www.vendee1.eu\\\/vendee\\\/#\\\/schema\\\/person\\\/63e22c035c30bbdf6ae725e3b531afdc\"},\"breadcrumb\":{\"@id\":\"https:\\\/\\\/www.vendee1.eu\\\/vendee\\\/fonction-air-climatise-ac-prudence-utilisation\\\/#breadcrumb\"},\"inLanguage\":\"fr-FR\",\"potentialAction\":[{\"@type\":\"ReadAction\",\"target\":[\"https:\\\/\\\/www.vendee1.eu\\\/vendee\\\/fonction-air-climatise-ac-prudence-utilisation\\\/\"]}]},{\"@type\":\"BreadcrumbList\",\"@id\":\"https:\\\/\\\/www.vendee1.eu\\\/vendee\\\/fonction-air-climatise-ac-prudence-utilisation\\\/#breadcrumb\",\"itemListElement\":[{\"@type\":\"ListItem\",\"position\":1,\"name\":\"Accueil\",\"item\":\"https:\\\/\\\/www.vendee1.eu\\\/vendee\\\/\"},{\"@type\":\"ListItem\",\"position\":2,\"name\":\"Fonction air climatis\u00e9 AC prudence dans son utilisation\"}]},{\"@type\":\"WebSite\",\"@id\":\"https:\\\/\\\/www.vendee1.eu\\\/vendee\\\/#website\",\"url\":\"https:\\\/\\\/www.vendee1.eu\\\/vendee\\\/\",\"name\":\"Sorties en Vend\u00e9e, Tourisme\",\"description\":\"Vend\u00e9e1, les id\u00e9es Sorties en Vend\u00e9e Tourisme\",\"potentialAction\":[{\"@type\":\"SearchAction\",\"target\":{\"@type\":\"EntryPoint\",\"urlTemplate\":\"https:\\\/\\\/www.vendee1.eu\\\/vendee\\\/?s={search_term_string}\"},\"query-input\":{\"@type\":\"PropertyValueSpecification\",\"valueRequired\":true,\"valueName\":\"search_term_string\"}}],\"inLanguage\":\"fr-FR\"},{\"@type\":\"Person\",\"@id\":\"https:\\\/\\\/www.vendee1.eu\\\/vendee\\\/#\\\/schema\\\/person\\\/63e22c035c30bbdf6ae725e3b531afdc\",\"name\":\"Sorties Vend\u00e9e\",\"image\":{\"@type\":\"ImageObject\",\"inLanguage\":\"fr-FR\",\"@id\":\"https:\\\/\\\/secure.gravatar.com\\\/avatar\\\/61d1de7f953f29bb3f5b6457b62fb4b66f834c865f75a7d8ec767d557a808e20?s=96&d=mm&r=g\",\"url\":\"https:\\\/\\\/secure.gravatar.com\\\/avatar\\\/61d1de7f953f29bb3f5b6457b62fb4b66f834c865f75a7d8ec767d557a808e20?s=96&d=mm&r=g\",\"contentUrl\":\"https:\\\/\\\/secure.gravatar.com\\\/avatar\\\/61d1de7f953f29bb3f5b6457b62fb4b66f834c865f75a7d8ec767d557a808e20?s=96&d=mm&r=g\",\"caption\":\"Sorties Vend\u00e9e\"}},false]}<\/script>\n<!-- \/ Yoast SEO plugin. -->","yoast_head_json":{"title":"Fonction air climatis\u00e9 AC prudence dans son utilisation - Sorties en Vend\u00e9e, Tourisme","robots":{"index":"index","follow":"follow","max-snippet":"max-snippet:-1","max-image-preview":"max-image-preview:large","max-video-preview":"max-video-preview:-1"},"canonical":"https:\/\/www.vendee1.eu\/vendee\/fonction-air-climatise-ac-prudence-utilisation\/","og_locale":"fr_FR","og_type":"article","og_title":"Fonction air climatis\u00e9 AC prudence dans son utilisation - Sorties en Vend\u00e9e, Tourisme","og_description":"N&rsquo;activez jamais la fonction air climatis\u00e9\u00a0(A\/C)\u00a0au moment o\u00f9 vous entrez dans votre auto.\u00a0 Ouvrez les fen\u00eatres et attendez quelques minutes avant de le faire.\u00a0 Pourquoi ? :\u00a0 Selon une recherche, le tableau de bord,&#46;&#46;&#46;","og_url":"https:\/\/www.vendee1.eu\/vendee\/fonction-air-climatise-ac-prudence-utilisation\/","og_site_name":"Sorties en Vend\u00e9e, Tourisme","article_publisher":"https:\/\/www.facebook.com\/vendee.tourisme.7\/","article_published_time":"2017-03-14T18:04:43+00:00","article_modified_time":"2017-03-14T18:04:56+00:00","author":"Sorties Vend\u00e9e","twitter_card":"summary_large_image","twitter_misc":{"\u00c9crit par":"Sorties Vend\u00e9e","Dur\u00e9e de lecture estim\u00e9e":"1 minute"},"schema":{"@context":"https:\/\/schema.org","@graph":[{"@type":"Article","@id":"https:\/\/www.vendee1.eu\/vendee\/fonction-air-climatise-ac-prudence-utilisation\/#article","isPartOf":{"@id":"https:\/\/www.vendee1.eu\/vendee\/fonction-air-climatise-ac-prudence-utilisation\/"},"author":{"name":"Sorties Vend\u00e9e","@id":"https:\/\/www.vendee1.eu\/vendee\/#\/schema\/person\/63e22c035c30bbdf6ae725e3b531afdc"},"headline":"Fonction air climatis\u00e9 AC prudence dans son utilisation","datePublished":"2017-03-14T18:04:43+00:00","dateModified":"2017-03-14T18:04:56+00:00","mainEntityOfPage":{"@id":"https:\/\/www.vendee1.eu\/vendee\/fonction-air-climatise-ac-prudence-utilisation\/"},"wordCount":307,"inLanguage":"fr-FR"},{"@type":"WebPage","@id":"https:\/\/www.vendee1.eu\/vendee\/fonction-air-climatise-ac-prudence-utilisation\/","url":"https:\/\/www.vendee1.eu\/vendee\/fonction-air-climatise-ac-prudence-utilisation\/","name":"Fonction air climatis\u00e9 AC prudence dans son utilisation - Sorties en Vend\u00e9e, Tourisme","isPartOf":{"@id":"https:\/\/www.vendee1.eu\/vendee\/#website"},"datePublished":"2017-03-14T18:04:43+00:00","dateModified":"2017-03-14T18:04:56+00:00","author":{"@id":"https:\/\/www.vendee1.eu\/vendee\/#\/schema\/person\/63e22c035c30bbdf6ae725e3b531afdc"},"breadcrumb":{"@id":"https:\/\/www.vendee1.eu\/vendee\/fonction-air-climatise-ac-prudence-utilisation\/#breadcrumb"},"inLanguage":"fr-FR","potentialAction":[{"@type":"ReadAction","target":["https:\/\/www.vendee1.eu\/vendee\/fonction-air-climatise-ac-prudence-utilisation\/"]}]},{"@type":"BreadcrumbList","@id":"https:\/\/www.vendee1.eu\/vendee\/fonction-air-climatise-ac-prudence-utilisation\/#breadcrumb","itemListElement":[{"@type":"ListItem","position":1,"name":"Accueil","item":"https:\/\/www.vendee1.eu\/vendee\/"},{"@type":"ListItem","position":2,"name":"Fonction air climatis\u00e9 AC prudence dans son utilisation"}]},{"@type":"WebSite","@id":"https:\/\/www.vendee1.eu\/vendee\/#website","url":"https:\/\/www.vendee1.eu\/vendee\/","name":"Sorties en Vend\u00e9e, Tourisme","description":"Vend\u00e9e1, les id\u00e9es Sorties en Vend\u00e9e Tourisme","potentialAction":[{"@type":"SearchAction","target":{"@type":"EntryPoint","urlTemplate":"https:\/\/www.vendee1.eu\/vendee\/?s={search_term_string}"},"query-input":{"@type":"PropertyValueSpecification","valueRequired":true,"valueName":"search_term_string"}}],"inLanguage":"fr-FR"},{"@type":"Person","@id":"https:\/\/www.vendee1.eu\/vendee\/#\/schema\/person\/63e22c035c30bbdf6ae725e3b531afdc","name":"Sorties Vend\u00e9e","image":{"@type":"ImageObject","inLanguage":"fr-FR","@id":"https:\/\/secure.gravatar.com\/avatar\/61d1de7f953f29bb3f5b6457b62fb4b66f834c865f75a7d8ec767d557a808e20?s=96&d=mm&r=g","url":"https:\/\/secure.gravatar.com\/avatar\/61d1de7f953f29bb3f5b6457b62fb4b66f834c865f75a7d8ec767d557a808e20?s=96&d=mm&r=g","contentUrl":"https:\/\/secure.gravatar.com\/avatar\/61d1de7f953f29bb3f5b6457b62fb4b66f834c865f75a7d8ec767d557a808e20?s=96&d=mm&r=g","caption":"Sorties Vend\u00e9e"}},false]}},"_links":{"self":[{"href":"https:\/\/www.vendee1.eu\/vendee\/wp-json\/wp\/v2\/posts\/646","targetHints":{"allow":["GET"]}}],"collection":[{"href":"https:\/\/www.vendee1.eu\/vendee\/wp-json\/wp\/v2\/posts"}],"about":[{"href":"https:\/\/www.vendee1.eu\/vendee\/wp-json\/wp\/v2\/types\/post"}],"author":[{"embeddable":true,"href":"https:\/\/www.vendee1.eu\/vendee\/wp-json\/wp\/v2\/users\/1"}],"replies":[{"embeddable":true,"href":"https:\/\/www.vendee1.eu\/vendee\/wp-json\/wp\/v2\/comments?post=646"}],"version-history":[{"count":1,"href":"https:\/\/www.vendee1.eu\/vendee\/wp-json\/wp\/v2\/posts\/646\/revisions"}],"predecessor-version":[{"id":647,"href":"https:\/\/www.vendee1.eu\/vendee\/wp-json\/wp\/v2\/posts\/646\/revisions\/647"}],"wp:attachment":[{"href":"https:\/\/www.vendee1.eu\/vendee\/wp-json\/wp\/v2\/media?parent=646"}],"wp:term":[{"taxonomy":"category","embeddable":true,"href":"https:\/\/www.vendee1.eu\/vendee\/wp-json\/wp\/v2\/categories?post=646"},{"taxonomy":"post_tag","embeddable":true,"href":"https:\/\/www.vendee1.eu\/vendee\/wp-json\/wp\/v2\/tags?post=646"}],"curies":[{"name":"wp","href":"https:\/\/api.w.org\/{rel}","templated":true}]}}