{"id":640,"date":"2017-03-14T19:03:30","date_gmt":"2017-03-14T18:03:30","guid":{"rendered":"http:\/\/www.vendee1.eu\/vendee\/?p=640"},"modified":"2017-05-02T10:27:09","modified_gmt":"2017-05-02T08:27:09","slug":"chateau-de-greve-chateaux-vendee","status":"publish","type":"post","link":"https:\/\/www.vendee1.eu\/vendee\/chateau-de-greve-chateaux-vendee\/","title":{"rendered":"Ch\u00e2teau de la Gr\u00e8ve \u00e0 Saint Martin des Noyers &#8211; Ch\u00e2teaux en Vend\u00e9e"},"content":{"rendered":"<div id=\"vende-1100622083\" class=\"vende-ads-avant-contenu vende-entity-placement\"><div id=\"attachment_3409\" style=\"width: 810px\" class=\"wp-caption alignnone\"><a href=\"https:\/\/www.mediawakeup.fr\/nous-contacter-184-rue-joseph-gaillard-zone-dactivites-nord-et-gare-85600-montaigu-vendee-agence-crea-web-print\/\" target=\"_blank\" rel=\"Cr\u00e9ation logo Vend\u00e9e Montaigu site internet noopener\"><img loading=\"lazy\" decoding=\"async\" aria-describedby=\"caption-attachment-3409\" class=\"wp-image-3409 size-full\" title=\"Cr\u00e9ation logo Vend\u00e9e Montaigu site internet\" src=\"https:\/\/www.vendee1.eu\/wp-content\/uploads\/2018\/03\/creation-site-internet-vendee-graphistes.jpg\" alt=\"Cr\u00e9ation logo Vend\u00e9e Montaigu site internet - Agence de communication web print en Vend\u00e9e \" width=\"800\" height=\"283\" \/><\/a><p id=\"caption-attachment-3409\" class=\"wp-caption-text\">Cr\u00e9ation logo Vend\u00e9e Montaigu site internet &#8211; Agence de communication web print en Vend\u00e9e<\/p><\/div>\n<p>&nbsp;<\/p>\n<\/div><div id=\"attachment_180\" style=\"width: 390px\" class=\"wp-caption alignnone\"><img loading=\"lazy\" decoding=\"async\" aria-describedby=\"caption-attachment-180\" class=\"size-full wp-image-180\" src=\"http:\/\/www.vendee1.eu\/vendee\/wp-content\/uploads\/2017\/03\/chateau-de-la-greve-1.jpg\" alt=\"Ch\u00e2teau de la Gr\u00e8ve\" width=\"380\" height=\"286\" srcset=\"https:\/\/www.vendee1.eu\/vendee\/wp-content\/uploads\/2017\/03\/chateau-de-la-greve-1.jpg 380w, https:\/\/www.vendee1.eu\/vendee\/wp-content\/uploads\/2017\/03\/chateau-de-la-greve-1-300x226.jpg 300w\" sizes=\"auto, (max-width: 380px) 100vw, 380px\" \/><p id=\"caption-attachment-180\" class=\"wp-caption-text\">Ch\u00e2teau de la Gr\u00e8ve<\/p><\/div>\n<h1>Le Site touristique du Ch\u00e2teau de la Gr\u00e8ve \u00e0\u00a0Saint Martin des Noyers.<\/h1>\n<p>\n Le <strong>Ch\u00e2teau de la Gr\u00e8ve<\/strong> fut \u00e9difi\u00e9 au centre d\u2019un triangle o\u00f9 si\u00e9geaient \u00e0 l\u2019\u00e9poque de puissantes forteresses\u00a0: les ch\u00e2teaux des Essarts, Bournezeau et la Chaize-le-Vicomte. Le ch\u00e2teau servait alors de relais entre ces points forts. De nombreux vestiges t\u00e9moignent encore de r\u00f4le de place forte\u00a0: des tours de d\u00e9fense, des fen\u00eatres \u00e0 coussi\u00e8ges,\u00a0\u2026 La Gr\u00e8ve est l\u2019une des vingt baronnies qui relevaient \u00e0 foi et \u00e0 hommage du duch\u00e9 de Thouars o\u00f9 elle avait droit de haute justice. Elle est mentionn\u00e9e dans les \u00e9crits d\u00e8s le XII\u00e8me si\u00e8cle, \u00e9poque \u00e0 laquelle Agn\u00e8s, dame de la Rocheservi\u00e8re et de la Gr\u00e8ve \u00e9pouse S\u00e9brand Ier Chabot, passant ainsi et pour plus de trois cents ans dans les mains de cette famille. En 1446, la Gr\u00e8ve passe dans la famille Chastillon par mariage\u00a0; le ch\u00e2teau fut consolid\u00e9 et rendu plus habitable. Pendant les guerres de religion, il passe sans cesse des mains des catholiques \u00e0 celles des protestants: ce fut alors l\u2019apog\u00e9e de son histoire. En 1599, il fut vendu \u00e0 Pierre Durcot qui le r\u00e9para. Au XVII\u00e8me et XVIII\u00e8me si\u00e8cles, il perd son r\u00f4le militaire puis celui de r\u00e9sidence seigneuriale pour se transformer progressivement en centre agricole. En 1802, il fut rachet\u00e9 par les Batiot, propri\u00e9taires terriens, qui l\u2019am\u00e9nag\u00e8rent et le transform\u00e8rent en ferme agricole, ce qu\u2019il fut jusqu\u2019au milieu du XX\u00e8me si\u00e8cle. Vieillissant et se d\u00e9t\u00e9riorant, peu \u00e0 peu, dans les ann\u00e9es 70, il devenait urgent de prendre des mesures de sauvegarde.<\/p>\n<p>Les propri\u00e9taires actuels, descandants de la famille Batiot, ex\u00e9cut\u00e8rent des travaux de r\u00e9paration. Une digue fut \u00e9rig\u00e9e pour restaurer l\u2019\u00e9tang tel qu\u2019il \u00e9tait d\u00e9crit sur les documents du XVII\u00e8me si\u00e8cle et du XVIII\u00e8me si\u00e8cle. En 1984\u00a0, le ch\u00e2teau est inscrit \u00e0 l\u2019inventaire suppl\u00e9mentaire des Monuments Historiques. Sept ans apr\u00e8s, le ch\u00e2teau est ouvert aux premi\u00e8res visites et, en 1997, gr\u00e2ce \u00e0 la cr\u00e9ation de l&rsquo;Association des Amis du Ch\u00e2teau de la Gr\u00e8ve, les visites se multiplient. (1500 visiteurs par an).<\/p>\n<p>En 2000, en r\u00e9compense des efforts de sauvegarde entrepris, le ch\u00e2teau re\u00e7oit le prix des Vieilles Maisons Fran\u00e7aises, ce qui permet de continuer les travaux de restauration. Ainsi, depuis quelques ann\u00e9es, le ch\u00e2teau revit gr\u00e2ce \u00e0 la collaboration \u00e9troite entre l&rsquo;Association et les propri\u00e9taires , qui participent grandement \u00e0 la r\u00e9habilitation de ce patrimoine unique, t\u00e9moin de l\u2019histoire de la commune et du canton des Essarts.<\/p>\n<hr \/>\n<p><strong>Visites du Ch\u00e2teau de la Gr\u00e8ve :<\/strong> <br \/>\n Visite guid\u00e9e : Dur\u00e9e 1 heure<br \/>\n Visite libre : avec historique en fran\u00e7ais, anglais et allemand<br \/>\n Ateliers p\u00e9dagogiques : pour les enfants de 3 \u00e0 11 ans les apr\u00e8s-midi aux horaires d&rsquo;ouverture du Ch\u00e2teau<\/p>\n<hr \/>\n<p><strong>Pour en savoir plus sur le Ch\u00e2teau de la Gr\u00e8ve :<\/strong> <br \/>\n les animations estivales, les horaires et tarifs, sa situation g\u00e9ographique, les galeries photos, visitez le site : www.asso-chateau-greve.com<\/p>\n<hr \/>\n<p>La Gr\u00e8ve, 85140 Saint-Martin-des-Noyers<\/p>\n<p>&nbsp;<\/p>\n<p><iframe loading=\"lazy\" src=\"https:\/\/www.google.com\/maps\/embed?pb=!1m14!1m8!1m3!1d10941.976435021043!2d-1.211006!3d46.715715!3m2!1i1024!2i768!4f13.1!3m3!1m2!1s0x0%3A0xa85df41a0ab24751!2sAssociation+des+Amis+du+Ch%C3%A2teau+de+la+Gr%C3%A8ve!5e0!3m2!1sfr!2sfr!4v1493713587140\" width=\"100%\" height=\"450\" frameborder=\"0\" style=\"border:0\" allowfullscreen><\/iframe><\/p>\n<div style='text-align:left' class='yasr-auto-insert-visitor'><!--Yasr Visitor Votes Shortcode--><div id='yasr_visitor_votes_663f57e72ac29' class='yasr-visitor-votes'><div class=\"yasr-custom-text-vv-before yasr-custom-text-vv-before-640\">Avis visiteurs :<\/div><div id='yasr-vv-second-row-container-663f57e72ac29'\r\n                                        class='yasr-vv-second-row-container'><div id='yasr-visitor-votes-rater-663f57e72ac29'\r\n                                      class='yasr-rater-stars-vv'\r\n                                      data-rater-postid='640'\r\n                                      data-rating='5'\r\n                                      data-rater-starsize='16'\r\n                                      data-rater-readonly='false'\r\n                                      data-rater-nonce='d997243d22'\r\n                                      data-issingular='false'\r\n                                    ><\/div><div class=\"yasr-vv-stats-text-container\" id=\"yasr-vv-stats-text-container-663f57e72ac29\"><svg xmlns=\"https:\/\/www.w3.org\/2000\/svg\" width=\"20\" height=\"20\"\r\n                                   class=\"yasr-dashicons-visitor-stats\"\r\n                                   data-postid=\"640\"\r\n                                   id=\"yasr-stats-dashicon-663f57e72ac29\">\r\n                                   <path d=\"M18 18v-16h-4v16h4zM12 18v-11h-4v11h4zM6 18v-8h-4v8h4z\"><\/path>\r\n                               <\/svg><span id=\"yasr-vv-text-container-663f57e72ac29\" class=\"yasr-vv-text-container\">[Nbre : <span id=\"yasr-vv-votes-number-container-663f57e72ac29\">1<\/span>  Moyenne : <span id=\"yasr-vv-average-container-663f57e72ac29\">5<\/span>]<\/span><\/div><div id='yasr-vv-loader-663f57e72ac29' class='yasr-vv-container-loader'><\/div><\/div><div id='yasr-vv-bottom-container-663f57e72ac29' class='yasr-vv-bottom-container'><\/div><\/div><!--End Yasr Visitor Votes Shortcode--><\/div><div id=\"vende-2528365809\" class=\"vende-ads-apres-contenu vende-entity-placement\" style=\"margin-top: 10px;margin-bottom: 10px;margin-left: 10px;\"><p><a href=\"https:\/\/hellostickers.fr\" rel=\"stickers autocollants decoratifs personnalis\u00e9s regionaux\"><img loading=\"lazy\" decoding=\"async\" class=\"alignnone wp-image-2282 \" title=\"stickers autocollants decoratifs personnalis\u00e9s regionaux\" src=\"https:\/\/www.vendee1.eu\/vendee\/wp-content\/uploads\/2017\/05\/stickers_autocollants_decoratifs_regionaux-e1552677291609.png\" alt=\"stickers autocollants decoratifs personnalis\u00e9s regionaux\" width=\"654\" height=\"121\" \/><\/a><\/p>\n<\/div>","protected":false},"excerpt":{"rendered":"<p>Le Site touristique du Ch\u00e2teau de la Gr\u00e8ve \u00e0\u00a0Saint Martin des Noyers. Le Ch\u00e2teau de la Gr\u00e8ve fut \u00e9difi\u00e9 au centre d\u2019un triangle o\u00f9 si\u00e9geaient \u00e0 l\u2019\u00e9poque de puissantes forteresses\u00a0: les ch\u00e2teaux des Essarts,&#46;&#46;&#46;<\/p>\n","protected":false},"author":1,"featured_media":180,"comment_status":"closed","ping_status":"closed","sticky":false,"template":"","format":"standard","meta":{"yasr_overall_rating":0,"yasr_post_is_review":"","yasr_auto_insert_disabled":"","yasr_review_type":"","footnotes":""},"categories":[114],"tags":[28,30],"class_list":["post-640","post","type-post","status-publish","format-standard","has-post-thumbnail","hentry","category-chateaux-et-monuments-en-vendee","tag-chateaux","tag-visites"],"yasr_visitor_votes":{"stars_attributes":{"read_only":false,"span_bottom":false},"number_of_votes":1,"sum_votes":5},"yoast_head":"<!-- This site is optimized with the Yoast SEO plugin v27.5 - https:\/\/yoast.com\/product\/yoast-seo-wordpress\/ -->\n<title>Ch\u00e2teau de la Gr\u00e8ve \u00e0 Saint Martin des Noyers - Ch\u00e2teaux en Vend\u00e9e - Sorties en Vend\u00e9e, Tourisme<\/title>\n<meta name=\"robots\" content=\"index, follow, max-snippet:-1, max-image-preview:large, max-video-preview:-1\" \/>\n<link rel=\"canonical\" href=\"https:\/\/www.vendee1.eu\/vendee\/chateau-de-greve-chateaux-vendee\/\" \/>\n<meta property=\"og:locale\" content=\"fr_FR\" \/>\n<meta property=\"og:type\" content=\"article\" \/>\n<meta property=\"og:title\" content=\"Ch\u00e2teau de la Gr\u00e8ve \u00e0 Saint Martin des Noyers - Ch\u00e2teaux en Vend\u00e9e - Sorties en Vend\u00e9e, Tourisme\" \/>\n<meta property=\"og:description\" content=\"Le Site touristique du Ch\u00e2teau de la Gr\u00e8ve \u00e0\u00a0Saint Martin des Noyers. Le Ch\u00e2teau de la Gr\u00e8ve fut \u00e9difi\u00e9 au centre d\u2019un triangle o\u00f9 si\u00e9geaient \u00e0 l\u2019\u00e9poque de puissantes forteresses\u00a0: les ch\u00e2teaux des Essarts,&#046;&#046;&#046;\" \/>\n<meta property=\"og:url\" content=\"https:\/\/www.vendee1.eu\/vendee\/chateau-de-greve-chateaux-vendee\/\" \/>\n<meta property=\"og:site_name\" content=\"Sorties en Vend\u00e9e, Tourisme\" \/>\n<meta property=\"article:publisher\" content=\"https:\/\/www.facebook.com\/vendee.tourisme.7\/\" \/>\n<meta property=\"article:published_time\" content=\"2017-03-14T18:03:30+00:00\" \/>\n<meta property=\"article:modified_time\" content=\"2017-05-02T08:27:09+00:00\" \/>\n<meta property=\"og:image\" content=\"https:\/\/www.vendee1.eu\/vendee\/wp-content\/uploads\/2017\/03\/chateau-de-la-greve-1.jpg\" \/>\n\t<meta property=\"og:image:width\" content=\"380\" \/>\n\t<meta property=\"og:image:height\" content=\"286\" \/>\n\t<meta property=\"og:image:type\" content=\"image\/jpeg\" \/>\n<meta name=\"author\" content=\"Sorties Vend\u00e9e\" \/>\n<meta name=\"twitter:card\" content=\"summary_large_image\" \/>\n<meta name=\"twitter:label1\" content=\"\u00c9crit par\" \/>\n\t<meta name=\"twitter:data1\" content=\"Sorties Vend\u00e9e\" \/>\n\t<meta name=\"twitter:label2\" content=\"Dur\u00e9e de lecture estim\u00e9e\" \/>\n\t<meta name=\"twitter:data2\" content=\"3 minutes\" \/>\n<script type=\"application\/ld+json\" class=\"yoast-schema-graph\">{\"@context\":\"https:\\\/\\\/schema.org\",\"@graph\":[{\"@type\":\"Article\",\"@id\":\"https:\\\/\\\/www.vendee1.eu\\\/vendee\\\/chateau-de-greve-chateaux-vendee\\\/#article\",\"isPartOf\":{\"@id\":\"https:\\\/\\\/www.vendee1.eu\\\/vendee\\\/chateau-de-greve-chateaux-vendee\\\/\"},\"author\":{\"name\":\"Sorties Vend\u00e9e\",\"@id\":\"https:\\\/\\\/www.vendee1.eu\\\/vendee\\\/#\\\/schema\\\/person\\\/63e22c035c30bbdf6ae725e3b531afdc\"},\"headline\":\"Ch\u00e2teau de la Gr\u00e8ve \u00e0 Saint Martin des Noyers &#8211; Ch\u00e2teaux en Vend\u00e9e\",\"datePublished\":\"2017-03-14T18:03:30+00:00\",\"dateModified\":\"2017-05-02T08:27:09+00:00\",\"mainEntityOfPage\":{\"@id\":\"https:\\\/\\\/www.vendee1.eu\\\/vendee\\\/chateau-de-greve-chateaux-vendee\\\/\"},\"wordCount\":568,\"image\":{\"@id\":\"https:\\\/\\\/www.vendee1.eu\\\/vendee\\\/chateau-de-greve-chateaux-vendee\\\/#primaryimage\"},\"thumbnailUrl\":\"https:\\\/\\\/www.vendee1.eu\\\/vendee\\\/wp-content\\\/uploads\\\/2017\\\/03\\\/chateau-de-la-greve-1.jpg\",\"keywords\":[\"Ch\u00e2teaux\",\"visites\"],\"articleSection\":[\"Ch\u00e2teaux et Monuments en Vend\u00e9e\"],\"inLanguage\":\"fr-FR\"},{\"@type\":\"WebPage\",\"@id\":\"https:\\\/\\\/www.vendee1.eu\\\/vendee\\\/chateau-de-greve-chateaux-vendee\\\/\",\"url\":\"https:\\\/\\\/www.vendee1.eu\\\/vendee\\\/chateau-de-greve-chateaux-vendee\\\/\",\"name\":\"Ch\u00e2teau de la Gr\u00e8ve \u00e0 Saint Martin des Noyers - Ch\u00e2teaux en Vend\u00e9e - Sorties en Vend\u00e9e, Tourisme\",\"isPartOf\":{\"@id\":\"https:\\\/\\\/www.vendee1.eu\\\/vendee\\\/#website\"},\"primaryImageOfPage\":{\"@id\":\"https:\\\/\\\/www.vendee1.eu\\\/vendee\\\/chateau-de-greve-chateaux-vendee\\\/#primaryimage\"},\"image\":{\"@id\":\"https:\\\/\\\/www.vendee1.eu\\\/vendee\\\/chateau-de-greve-chateaux-vendee\\\/#primaryimage\"},\"thumbnailUrl\":\"https:\\\/\\\/www.vendee1.eu\\\/vendee\\\/wp-content\\\/uploads\\\/2017\\\/03\\\/chateau-de-la-greve-1.jpg\",\"datePublished\":\"2017-03-14T18:03:30+00:00\",\"dateModified\":\"2017-05-02T08:27:09+00:00\",\"author\":{\"@id\":\"https:\\\/\\\/www.vendee1.eu\\\/vendee\\\/#\\\/schema\\\/person\\\/63e22c035c30bbdf6ae725e3b531afdc\"},\"breadcrumb\":{\"@id\":\"https:\\\/\\\/www.vendee1.eu\\\/vendee\\\/chateau-de-greve-chateaux-vendee\\\/#breadcrumb\"},\"inLanguage\":\"fr-FR\",\"potentialAction\":[{\"@type\":\"ReadAction\",\"target\":[\"https:\\\/\\\/www.vendee1.eu\\\/vendee\\\/chateau-de-greve-chateaux-vendee\\\/\"]}]},{\"@type\":\"ImageObject\",\"inLanguage\":\"fr-FR\",\"@id\":\"https:\\\/\\\/www.vendee1.eu\\\/vendee\\\/chateau-de-greve-chateaux-vendee\\\/#primaryimage\",\"url\":\"https:\\\/\\\/www.vendee1.eu\\\/vendee\\\/wp-content\\\/uploads\\\/2017\\\/03\\\/chateau-de-la-greve-1.jpg\",\"contentUrl\":\"https:\\\/\\\/www.vendee1.eu\\\/vendee\\\/wp-content\\\/uploads\\\/2017\\\/03\\\/chateau-de-la-greve-1.jpg\",\"width\":380,\"height\":286,\"caption\":\"Ch\u00e2teau de la Gr\u00e8ve\"},{\"@type\":\"BreadcrumbList\",\"@id\":\"https:\\\/\\\/www.vendee1.eu\\\/vendee\\\/chateau-de-greve-chateaux-vendee\\\/#breadcrumb\",\"itemListElement\":[{\"@type\":\"ListItem\",\"position\":1,\"name\":\"Accueil\",\"item\":\"https:\\\/\\\/www.vendee1.eu\\\/vendee\\\/\"},{\"@type\":\"ListItem\",\"position\":2,\"name\":\"Ch\u00e2teau de la Gr\u00e8ve \u00e0 Saint Martin des Noyers &#8211; Ch\u00e2teaux en Vend\u00e9e\"}]},{\"@type\":\"WebSite\",\"@id\":\"https:\\\/\\\/www.vendee1.eu\\\/vendee\\\/#website\",\"url\":\"https:\\\/\\\/www.vendee1.eu\\\/vendee\\\/\",\"name\":\"Sorties en Vend\u00e9e, Tourisme\",\"description\":\"Vend\u00e9e1, les id\u00e9es Sorties en Vend\u00e9e Tourisme\",\"potentialAction\":[{\"@type\":\"SearchAction\",\"target\":{\"@type\":\"EntryPoint\",\"urlTemplate\":\"https:\\\/\\\/www.vendee1.eu\\\/vendee\\\/?s={search_term_string}\"},\"query-input\":{\"@type\":\"PropertyValueSpecification\",\"valueRequired\":true,\"valueName\":\"search_term_string\"}}],\"inLanguage\":\"fr-FR\"},{\"@type\":\"Person\",\"@id\":\"https:\\\/\\\/www.vendee1.eu\\\/vendee\\\/#\\\/schema\\\/person\\\/63e22c035c30bbdf6ae725e3b531afdc\",\"name\":\"Sorties Vend\u00e9e\",\"image\":{\"@type\":\"ImageObject\",\"inLanguage\":\"fr-FR\",\"@id\":\"https:\\\/\\\/secure.gravatar.com\\\/avatar\\\/61d1de7f953f29bb3f5b6457b62fb4b66f834c865f75a7d8ec767d557a808e20?s=96&d=mm&r=g\",\"url\":\"https:\\\/\\\/secure.gravatar.com\\\/avatar\\\/61d1de7f953f29bb3f5b6457b62fb4b66f834c865f75a7d8ec767d557a808e20?s=96&d=mm&r=g\",\"contentUrl\":\"https:\\\/\\\/secure.gravatar.com\\\/avatar\\\/61d1de7f953f29bb3f5b6457b62fb4b66f834c865f75a7d8ec767d557a808e20?s=96&d=mm&r=g\",\"caption\":\"Sorties Vend\u00e9e\"}},{\"@context\":\"https:\\\/\\\/schema.org\\\/\",\"@type\":\"Product\",\"name\":\"Ch\u00e2teau de la Gr\u00e8ve \u00e0 Saint Martin des Noyers - Ch\u00e2teaux en Vend\u00e9e\",\"description\":\"\",\"image\":{\"@type\":\"ImageObject\",\"url\":\"https:\\\/\\\/www.vendee1.eu\\\/vendee\\\/wp-content\\\/uploads\\\/2017\\\/03\\\/chateau-de-la-greve-1.jpg\",\"width\":380,\"height\":286},\"aggregateRating\":{\"@type\":\"AggregateRating\",\"ratingValue\":5,\"ratingCount\":1,\"bestRating\":5,\"worstRating\":1},\"brand\":{\"@type\":\"Brand\",\"name\":\"\"},\"sku\":\"\",\"\":\"\"}]}<\/script>\n<!-- \/ Yoast SEO plugin. -->","yoast_head_json":{"title":"Ch\u00e2teau de la Gr\u00e8ve \u00e0 Saint Martin des Noyers - Ch\u00e2teaux en Vend\u00e9e - Sorties en Vend\u00e9e, Tourisme","robots":{"index":"index","follow":"follow","max-snippet":"max-snippet:-1","max-image-preview":"max-image-preview:large","max-video-preview":"max-video-preview:-1"},"canonical":"https:\/\/www.vendee1.eu\/vendee\/chateau-de-greve-chateaux-vendee\/","og_locale":"fr_FR","og_type":"article","og_title":"Ch\u00e2teau de la Gr\u00e8ve \u00e0 Saint Martin des Noyers - Ch\u00e2teaux en Vend\u00e9e - Sorties en Vend\u00e9e, Tourisme","og_description":"Le Site touristique du Ch\u00e2teau de la Gr\u00e8ve \u00e0\u00a0Saint Martin des Noyers. Le Ch\u00e2teau de la Gr\u00e8ve fut \u00e9difi\u00e9 au centre d\u2019un triangle o\u00f9 si\u00e9geaient \u00e0 l\u2019\u00e9poque de puissantes forteresses\u00a0: les ch\u00e2teaux des Essarts,&#46;&#46;&#46;","og_url":"https:\/\/www.vendee1.eu\/vendee\/chateau-de-greve-chateaux-vendee\/","og_site_name":"Sorties en Vend\u00e9e, Tourisme","article_publisher":"https:\/\/www.facebook.com\/vendee.tourisme.7\/","article_published_time":"2017-03-14T18:03:30+00:00","article_modified_time":"2017-05-02T08:27:09+00:00","og_image":[{"width":380,"height":286,"url":"https:\/\/www.vendee1.eu\/vendee\/wp-content\/uploads\/2017\/03\/chateau-de-la-greve-1.jpg","type":"image\/jpeg"}],"author":"Sorties Vend\u00e9e","twitter_card":"summary_large_image","twitter_misc":{"\u00c9crit par":"Sorties Vend\u00e9e","Dur\u00e9e de lecture estim\u00e9e":"3 minutes"},"schema":{"@context":"https:\/\/schema.org","@graph":[{"@type":"Article","@id":"https:\/\/www.vendee1.eu\/vendee\/chateau-de-greve-chateaux-vendee\/#article","isPartOf":{"@id":"https:\/\/www.vendee1.eu\/vendee\/chateau-de-greve-chateaux-vendee\/"},"author":{"name":"Sorties Vend\u00e9e","@id":"https:\/\/www.vendee1.eu\/vendee\/#\/schema\/person\/63e22c035c30bbdf6ae725e3b531afdc"},"headline":"Ch\u00e2teau de la Gr\u00e8ve \u00e0 Saint Martin des Noyers &#8211; Ch\u00e2teaux en Vend\u00e9e","datePublished":"2017-03-14T18:03:30+00:00","dateModified":"2017-05-02T08:27:09+00:00","mainEntityOfPage":{"@id":"https:\/\/www.vendee1.eu\/vendee\/chateau-de-greve-chateaux-vendee\/"},"wordCount":568,"image":{"@id":"https:\/\/www.vendee1.eu\/vendee\/chateau-de-greve-chateaux-vendee\/#primaryimage"},"thumbnailUrl":"https:\/\/www.vendee1.eu\/vendee\/wp-content\/uploads\/2017\/03\/chateau-de-la-greve-1.jpg","keywords":["Ch\u00e2teaux","visites"],"articleSection":["Ch\u00e2teaux et Monuments en Vend\u00e9e"],"inLanguage":"fr-FR"},{"@type":"WebPage","@id":"https:\/\/www.vendee1.eu\/vendee\/chateau-de-greve-chateaux-vendee\/","url":"https:\/\/www.vendee1.eu\/vendee\/chateau-de-greve-chateaux-vendee\/","name":"Ch\u00e2teau de la Gr\u00e8ve \u00e0 Saint Martin des Noyers - Ch\u00e2teaux en Vend\u00e9e - Sorties en Vend\u00e9e, Tourisme","isPartOf":{"@id":"https:\/\/www.vendee1.eu\/vendee\/#website"},"primaryImageOfPage":{"@id":"https:\/\/www.vendee1.eu\/vendee\/chateau-de-greve-chateaux-vendee\/#primaryimage"},"image":{"@id":"https:\/\/www.vendee1.eu\/vendee\/chateau-de-greve-chateaux-vendee\/#primaryimage"},"thumbnailUrl":"https:\/\/www.vendee1.eu\/vendee\/wp-content\/uploads\/2017\/03\/chateau-de-la-greve-1.jpg","datePublished":"2017-03-14T18:03:30+00:00","dateModified":"2017-05-02T08:27:09+00:00","author":{"@id":"https:\/\/www.vendee1.eu\/vendee\/#\/schema\/person\/63e22c035c30bbdf6ae725e3b531afdc"},"breadcrumb":{"@id":"https:\/\/www.vendee1.eu\/vendee\/chateau-de-greve-chateaux-vendee\/#breadcrumb"},"inLanguage":"fr-FR","potentialAction":[{"@type":"ReadAction","target":["https:\/\/www.vendee1.eu\/vendee\/chateau-de-greve-chateaux-vendee\/"]}]},{"@type":"ImageObject","inLanguage":"fr-FR","@id":"https:\/\/www.vendee1.eu\/vendee\/chateau-de-greve-chateaux-vendee\/#primaryimage","url":"https:\/\/www.vendee1.eu\/vendee\/wp-content\/uploads\/2017\/03\/chateau-de-la-greve-1.jpg","contentUrl":"https:\/\/www.vendee1.eu\/vendee\/wp-content\/uploads\/2017\/03\/chateau-de-la-greve-1.jpg","width":380,"height":286,"caption":"Ch\u00e2teau de la Gr\u00e8ve"},{"@type":"BreadcrumbList","@id":"https:\/\/www.vendee1.eu\/vendee\/chateau-de-greve-chateaux-vendee\/#breadcrumb","itemListElement":[{"@type":"ListItem","position":1,"name":"Accueil","item":"https:\/\/www.vendee1.eu\/vendee\/"},{"@type":"ListItem","position":2,"name":"Ch\u00e2teau de la Gr\u00e8ve \u00e0 Saint Martin des Noyers &#8211; Ch\u00e2teaux en Vend\u00e9e"}]},{"@type":"WebSite","@id":"https:\/\/www.vendee1.eu\/vendee\/#website","url":"https:\/\/www.vendee1.eu\/vendee\/","name":"Sorties en Vend\u00e9e, Tourisme","description":"Vend\u00e9e1, les id\u00e9es Sorties en Vend\u00e9e Tourisme","potentialAction":[{"@type":"SearchAction","target":{"@type":"EntryPoint","urlTemplate":"https:\/\/www.vendee1.eu\/vendee\/?s={search_term_string}"},"query-input":{"@type":"PropertyValueSpecification","valueRequired":true,"valueName":"search_term_string"}}],"inLanguage":"fr-FR"},{"@type":"Person","@id":"https:\/\/www.vendee1.eu\/vendee\/#\/schema\/person\/63e22c035c30bbdf6ae725e3b531afdc","name":"Sorties Vend\u00e9e","image":{"@type":"ImageObject","inLanguage":"fr-FR","@id":"https:\/\/secure.gravatar.com\/avatar\/61d1de7f953f29bb3f5b6457b62fb4b66f834c865f75a7d8ec767d557a808e20?s=96&d=mm&r=g","url":"https:\/\/secure.gravatar.com\/avatar\/61d1de7f953f29bb3f5b6457b62fb4b66f834c865f75a7d8ec767d557a808e20?s=96&d=mm&r=g","contentUrl":"https:\/\/secure.gravatar.com\/avatar\/61d1de7f953f29bb3f5b6457b62fb4b66f834c865f75a7d8ec767d557a808e20?s=96&d=mm&r=g","caption":"Sorties Vend\u00e9e"}},{"@context":"https:\/\/schema.org\/","@type":"Product","name":"Ch\u00e2teau de la Gr\u00e8ve \u00e0 Saint Martin des Noyers - Ch\u00e2teaux en Vend\u00e9e","description":"","image":{"@type":"ImageObject","url":"https:\/\/www.vendee1.eu\/vendee\/wp-content\/uploads\/2017\/03\/chateau-de-la-greve-1.jpg","width":380,"height":286},"aggregateRating":{"@type":"AggregateRating","ratingValue":5,"ratingCount":1,"bestRating":5,"worstRating":1},"brand":{"@type":"Brand","name":""},"sku":"","":""}]}},"_links":{"self":[{"href":"https:\/\/www.vendee1.eu\/vendee\/wp-json\/wp\/v2\/posts\/640","targetHints":{"allow":["GET"]}}],"collection":[{"href":"https:\/\/www.vendee1.eu\/vendee\/wp-json\/wp\/v2\/posts"}],"about":[{"href":"https:\/\/www.vendee1.eu\/vendee\/wp-json\/wp\/v2\/types\/post"}],"author":[{"embeddable":true,"href":"https:\/\/www.vendee1.eu\/vendee\/wp-json\/wp\/v2\/users\/1"}],"replies":[{"embeddable":true,"href":"https:\/\/www.vendee1.eu\/vendee\/wp-json\/wp\/v2\/comments?post=640"}],"version-history":[{"count":5,"href":"https:\/\/www.vendee1.eu\/vendee\/wp-json\/wp\/v2\/posts\/640\/revisions"}],"predecessor-version":[{"id":1917,"href":"https:\/\/www.vendee1.eu\/vendee\/wp-json\/wp\/v2\/posts\/640\/revisions\/1917"}],"wp:featuredmedia":[{"embeddable":true,"href":"https:\/\/www.vendee1.eu\/vendee\/wp-json\/wp\/v2\/media\/180"}],"wp:attachment":[{"href":"https:\/\/www.vendee1.eu\/vendee\/wp-json\/wp\/v2\/media?parent=640"}],"wp:term":[{"taxonomy":"category","embeddable":true,"href":"https:\/\/www.vendee1.eu\/vendee\/wp-json\/wp\/v2\/categories?post=640"},{"taxonomy":"post_tag","embeddable":true,"href":"https:\/\/www.vendee1.eu\/vendee\/wp-json\/wp\/v2\/tags?post=640"}],"curies":[{"name":"wp","href":"https:\/\/api.w.org\/{rel}","templated":true}]}}