{"id":530,"date":"2017-03-13T20:54:46","date_gmt":"2017-03-13T19:54:46","guid":{"rendered":"http:\/\/www.vendee1.eu\/vendee\/?p=530"},"modified":"2017-05-02T08:49:52","modified_gmt":"2017-05-02T06:49:52","slug":"chateau-de-montaigu-chateaux-vendee","status":"publish","type":"post","link":"https:\/\/www.vendee1.eu\/vendee\/chateau-de-montaigu-chateaux-vendee\/","title":{"rendered":"Le ch\u00e2teau de Montaigu &#8211; Ch\u00e2teaux en vendee"},"content":{"rendered":"<div id=\"vende-2338227930\" class=\"vende-ads-avant-contenu vende-entity-placement\"><div id=\"attachment_3409\" style=\"width: 810px\" class=\"wp-caption alignnone\"><a href=\"https:\/\/www.mediawakeup.fr\/nous-contacter-184-rue-joseph-gaillard-zone-dactivites-nord-et-gare-85600-montaigu-vendee-agence-crea-web-print\/\" target=\"_blank\" rel=\"Cr\u00e9ation logo Vend\u00e9e Montaigu site internet noopener\"><img loading=\"lazy\" decoding=\"async\" aria-describedby=\"caption-attachment-3409\" class=\"wp-image-3409 size-full\" title=\"Cr\u00e9ation logo Vend\u00e9e Montaigu site internet\" src=\"https:\/\/www.vendee1.eu\/wp-content\/uploads\/2018\/03\/creation-site-internet-vendee-graphistes.jpg\" alt=\"Cr\u00e9ation logo Vend\u00e9e Montaigu site internet - Agence de communication web print en Vend\u00e9e \" width=\"800\" height=\"283\" \/><\/a><p id=\"caption-attachment-3409\" class=\"wp-caption-text\">Cr\u00e9ation logo Vend\u00e9e Montaigu site internet &#8211; Agence de communication web print en Vend\u00e9e<\/p><\/div>\n<p>&nbsp;<\/p>\n<\/div><h1 style=\"text-align: left;\"><span style=\"font-size: 18pt;\">Avant toute balade au pied du Ch\u00e2teau de Montaigu, <\/span><span style=\"font-size: 18pt;\">un peu d&rsquo;histoire s&rsquo;impose<\/span><\/h1>\n<div id=\"attachment_1920\" style=\"width: 280px\" class=\"wp-caption alignright\"><img loading=\"lazy\" decoding=\"async\" aria-describedby=\"caption-attachment-1920\" class=\"size-full wp-image-1920\" src=\"http:\/\/www.vendee1.eu\/vendee\/wp-content\/uploads\/2017\/03\/vendee-montaigu-1.jpg\" alt=\"Ch\u00e2teau de Montaigu\" width=\"270\" height=\"203\" srcset=\"https:\/\/www.vendee1.eu\/vendee\/wp-content\/uploads\/2017\/03\/vendee-montaigu-1.jpg 270w, https:\/\/www.vendee1.eu\/vendee\/wp-content\/uploads\/2017\/03\/vendee-montaigu-1-146x110.jpg 146w\" sizes=\"auto, (max-width: 270px) 100vw, 270px\" \/><p id=\"caption-attachment-1920\" class=\"wp-caption-text\">Ch\u00e2teau de Montaigu<\/p><\/div>\n<p style=\"text-align: justify;\">Il faut rendre hommage \u00e0 la municipalit\u00e9 de Montaigu d&rsquo;avoir non seulement sauv\u00e9 de ses ruines ce qui restait de l&rsquo;ancien ch\u00e2teau f\u00e9odal, mais aussi d&rsquo;avoir donn\u00e9 \u00e0 celles-ci un relief qui remet en int\u00e9r\u00eat ces magnifiques vestiges burin\u00e9s d&rsquo;histoire.<br \/>\n Au centre des guerres de religion et de la r\u00e9volution, cette ville, aux marches de la Bretagne, apr\u00e8s avoir fait face aux premi\u00e8res invasions, eut \u00e0 souffrir de nombreux conflits et son chateau d\u00e9mantel\u00e9 \u00e0 l&rsquo;\u00e9poque de la r\u00e9forme, \u00e9tait d\u00e8j\u00e0 appel\u00e9 \u00e0 une compl\u00e8te disparition. C&rsquo;est ainsi que d\u00e9crit Montbail, lors de ses promenades \u00e0 travers la Vend\u00e9e, au dernier si\u00e8cle. \u00ab\u00a0Le ch\u00e2teau de Montaigu est bien silencieux aujourd&rsquo;hui, les vieilles tours qui furent d\u00e9molies et reb\u00e2ties si souvent : ces vieux escaliers qui virent monter Henri IV et ses compagnons d&rsquo;armes ; ces pans de murs o\u00f9 se firent entendre les couleuvrines des catholiques et des r\u00e9form\u00e9s, ne sont plus troubl\u00e9s aujourd&rsquo;hui que par le pas lent de quelques vaches qui, du cot\u00e9 de la riv\u00e8re, paissent l&rsquo;herbe des ruines et les fleurs sauvages. Et ce silence durera tant que les si\u00e8cles n&rsquo;auront pas fait dispara\u00eetre ses vieilles pierres, \u00e0 moins que quelques bandes noires, jalouses des souvenirs de notre histoire, n&rsquo;en fassent prochainement justice &#8230;\u00a0\u00bb<br \/>\n Sombre proph\u00e9tie du po\u00e8te de notre campagne vend\u00e9enne. Lorsque, en 1844, Jacques Leclerc, marquis de Juign\u00e9, vendit le ch\u00e2teau et ses d\u00e9pendances \u00e0 la municipalit\u00e9, c&rsquo;\u00e9tait d\u00e9j\u00e0 un premier sauvetage. L&rsquo;oeuvre allait se continuer, car non seulement on allait consolider les antiques murailles et panser leur meurtrissures, mais on leur fit un d\u00e9cor de pelouses vertes parterres et de parterres fleuris, offrant aux visiteurs un havre accueillant, mais aussi un rappel d&rsquo;histoire qui donne tout son caract\u00e8re \u00e0 cette vieille cit\u00e9, bastion de la Vend\u00e9e aux fronti\u00e8res des provinces voisines.<\/p>\n<p>L&rsquo;h\u00f4tel de ville de Montaigu se dresse sur la plate-forme qui domine la vall\u00e9e, bien assis sur les antiques enceintes fortifi\u00e9es. Un mus\u00e9e y est ouvert tout proche. Une visite s&rsquo;impose, comme \u00e9galement une promenade en bordure de rivi\u00e8re, o\u00f9 l&rsquo;importance des murs de fortification sont d&rsquo;un effet impressionnant. C&rsquo;est aussi pourquoi chaque ann\u00e9e les feux d&rsquo;artifices de Montaigu sont tir\u00e9s au pied du ch\u00e2teau.<\/p>\n<div id=\"attachment_1921\" style=\"width: 280px\" class=\"wp-caption alignnone\"><img loading=\"lazy\" decoding=\"async\" aria-describedby=\"caption-attachment-1921\" class=\"wp-image-1921 size-full\" title=\"h\u00f4tel de ville de Montaigu\" src=\"http:\/\/www.vendee1.eu\/vendee\/wp-content\/uploads\/2017\/03\/vendee-montaigu-2.jpg\" alt=\"h\u00f4tel de ville de Montaigu\" width=\"270\" height=\"203\" srcset=\"https:\/\/www.vendee1.eu\/vendee\/wp-content\/uploads\/2017\/03\/vendee-montaigu-2.jpg 270w, https:\/\/www.vendee1.eu\/vendee\/wp-content\/uploads\/2017\/03\/vendee-montaigu-2-146x110.jpg 146w\" sizes=\"auto, (max-width: 270px) 100vw, 270px\" \/><p id=\"caption-attachment-1921\" class=\"wp-caption-text\">h\u00f4tel de ville de Montaigu<\/p><\/div>\n<div style='text-align:left' class='yasr-auto-insert-visitor'><!--Yasr Visitor Votes Shortcode--><div id='yasr_visitor_votes_f711782986b57' class='yasr-visitor-votes'><div class=\"yasr-custom-text-vv-before yasr-custom-text-vv-before-530\">Avis visiteurs :<\/div><div id='yasr-vv-second-row-container-f711782986b57'\r\n                                        class='yasr-vv-second-row-container'><div id='yasr-visitor-votes-rater-f711782986b57'\r\n                                      class='yasr-rater-stars-vv'\r\n                                      data-rater-postid='530'\r\n                                      data-rating='5'\r\n                                      data-rater-starsize='16'\r\n                                      data-rater-readonly='false'\r\n                                      data-rater-nonce='d997243d22'\r\n                                      data-issingular='false'\r\n                                    ><\/div><div class=\"yasr-vv-stats-text-container\" id=\"yasr-vv-stats-text-container-f711782986b57\"><svg xmlns=\"https:\/\/www.w3.org\/2000\/svg\" width=\"20\" height=\"20\"\r\n                                   class=\"yasr-dashicons-visitor-stats\"\r\n                                   data-postid=\"530\"\r\n                                   id=\"yasr-stats-dashicon-f711782986b57\">\r\n                                   <path d=\"M18 18v-16h-4v16h4zM12 18v-11h-4v11h4zM6 18v-8h-4v8h4z\"><\/path>\r\n                               <\/svg><span id=\"yasr-vv-text-container-f711782986b57\" class=\"yasr-vv-text-container\">[Nbre : <span id=\"yasr-vv-votes-number-container-f711782986b57\">1<\/span>  Moyenne : <span id=\"yasr-vv-average-container-f711782986b57\">5<\/span>]<\/span><\/div><div id='yasr-vv-loader-f711782986b57' class='yasr-vv-container-loader'><\/div><\/div><div id='yasr-vv-bottom-container-f711782986b57' class='yasr-vv-bottom-container'><\/div><\/div><!--End Yasr Visitor Votes Shortcode--><\/div><div id=\"vende-487747234\" class=\"vende-ads-apres-contenu vende-entity-placement\" style=\"margin-top: 10px;margin-bottom: 10px;margin-left: 10px;\"><p><a href=\"https:\/\/hellostickers.fr\" rel=\"stickers autocollants decoratifs personnalis\u00e9s regionaux\"><img loading=\"lazy\" decoding=\"async\" class=\"alignnone wp-image-2282 \" title=\"stickers autocollants decoratifs personnalis\u00e9s regionaux\" src=\"https:\/\/www.vendee1.eu\/vendee\/wp-content\/uploads\/2017\/05\/stickers_autocollants_decoratifs_regionaux-e1552677291609.png\" alt=\"stickers autocollants decoratifs personnalis\u00e9s regionaux\" width=\"654\" height=\"121\" \/><\/a><\/p>\n<\/div>","protected":false},"excerpt":{"rendered":"<p>Avant toute balade au pied du Ch\u00e2teau de Montaigu, un peu d&rsquo;histoire s&rsquo;impose Il faut rendre hommage \u00e0 la municipalit\u00e9 de Montaigu d&rsquo;avoir non seulement sauv\u00e9 de ses ruines ce qui restait de l&rsquo;ancien&#46;&#46;&#46;<\/p>\n","protected":false},"author":1,"featured_media":1920,"comment_status":"closed","ping_status":"closed","sticky":false,"template":"","format":"standard","meta":{"yasr_overall_rating":0,"yasr_post_is_review":"","yasr_auto_insert_disabled":"","yasr_review_type":"","footnotes":""},"categories":[114],"tags":[28],"class_list":["post-530","post","type-post","status-publish","format-standard","has-post-thumbnail","hentry","category-chateaux-et-monuments-en-vendee","tag-chateaux"],"yasr_visitor_votes":{"stars_attributes":{"read_only":false,"span_bottom":false},"number_of_votes":1,"sum_votes":5},"yoast_head":"<!-- This site is optimized with the Yoast SEO plugin v27.5 - https:\/\/yoast.com\/product\/yoast-seo-wordpress\/ -->\n<title>Le ch\u00e2teau de Montaigu - Ch\u00e2teaux en vendee - Sorties en Vend\u00e9e, Tourisme<\/title>\n<meta name=\"robots\" content=\"index, follow, max-snippet:-1, max-image-preview:large, max-video-preview:-1\" \/>\n<link rel=\"canonical\" href=\"https:\/\/www.vendee1.eu\/vendee\/chateau-de-montaigu-chateaux-vendee\/\" \/>\n<meta property=\"og:locale\" content=\"fr_FR\" \/>\n<meta property=\"og:type\" content=\"article\" \/>\n<meta property=\"og:title\" content=\"Le ch\u00e2teau de Montaigu - Ch\u00e2teaux en vendee - Sorties en Vend\u00e9e, Tourisme\" \/>\n<meta property=\"og:description\" content=\"Avant toute balade au pied du Ch\u00e2teau de Montaigu, un peu d&rsquo;histoire s&rsquo;impose Il faut rendre hommage \u00e0 la municipalit\u00e9 de Montaigu d&rsquo;avoir non seulement sauv\u00e9 de ses ruines ce qui restait de l&rsquo;ancien&#046;&#046;&#046;\" \/>\n<meta property=\"og:url\" content=\"https:\/\/www.vendee1.eu\/vendee\/chateau-de-montaigu-chateaux-vendee\/\" \/>\n<meta property=\"og:site_name\" content=\"Sorties en Vend\u00e9e, Tourisme\" \/>\n<meta property=\"article:publisher\" content=\"https:\/\/www.facebook.com\/vendee.tourisme.7\/\" \/>\n<meta property=\"article:published_time\" content=\"2017-03-13T19:54:46+00:00\" \/>\n<meta property=\"article:modified_time\" content=\"2017-05-02T06:49:52+00:00\" \/>\n<meta property=\"og:image\" content=\"https:\/\/www.vendee1.eu\/vendee\/wp-content\/uploads\/2017\/03\/vendee-montaigu-1.jpg\" \/>\n\t<meta property=\"og:image:width\" content=\"270\" \/>\n\t<meta property=\"og:image:height\" content=\"203\" \/>\n\t<meta property=\"og:image:type\" content=\"image\/jpeg\" \/>\n<meta name=\"author\" content=\"Sorties Vend\u00e9e\" \/>\n<meta name=\"twitter:card\" content=\"summary_large_image\" \/>\n<meta name=\"twitter:label1\" content=\"\u00c9crit par\" \/>\n\t<meta name=\"twitter:data1\" content=\"Sorties Vend\u00e9e\" \/>\n\t<meta name=\"twitter:label2\" content=\"Dur\u00e9e de lecture estim\u00e9e\" \/>\n\t<meta name=\"twitter:data2\" content=\"2 minutes\" \/>\n<script type=\"application\/ld+json\" class=\"yoast-schema-graph\">{\"@context\":\"https:\\\/\\\/schema.org\",\"@graph\":[{\"@type\":\"Article\",\"@id\":\"https:\\\/\\\/www.vendee1.eu\\\/vendee\\\/chateau-de-montaigu-chateaux-vendee\\\/#article\",\"isPartOf\":{\"@id\":\"https:\\\/\\\/www.vendee1.eu\\\/vendee\\\/chateau-de-montaigu-chateaux-vendee\\\/\"},\"author\":{\"name\":\"Sorties Vend\u00e9e\",\"@id\":\"https:\\\/\\\/www.vendee1.eu\\\/vendee\\\/#\\\/schema\\\/person\\\/63e22c035c30bbdf6ae725e3b531afdc\"},\"headline\":\"Le ch\u00e2teau de Montaigu &#8211; Ch\u00e2teaux en vendee\",\"datePublished\":\"2017-03-13T19:54:46+00:00\",\"dateModified\":\"2017-05-02T06:49:52+00:00\",\"mainEntityOfPage\":{\"@id\":\"https:\\\/\\\/www.vendee1.eu\\\/vendee\\\/chateau-de-montaigu-chateaux-vendee\\\/\"},\"wordCount\":463,\"image\":{\"@id\":\"https:\\\/\\\/www.vendee1.eu\\\/vendee\\\/chateau-de-montaigu-chateaux-vendee\\\/#primaryimage\"},\"thumbnailUrl\":\"https:\\\/\\\/www.vendee1.eu\\\/vendee\\\/wp-content\\\/uploads\\\/2017\\\/03\\\/vendee-montaigu-1.jpg\",\"keywords\":[\"Ch\u00e2teaux\"],\"articleSection\":[\"Ch\u00e2teaux et Monuments en Vend\u00e9e\"],\"inLanguage\":\"fr-FR\"},{\"@type\":\"WebPage\",\"@id\":\"https:\\\/\\\/www.vendee1.eu\\\/vendee\\\/chateau-de-montaigu-chateaux-vendee\\\/\",\"url\":\"https:\\\/\\\/www.vendee1.eu\\\/vendee\\\/chateau-de-montaigu-chateaux-vendee\\\/\",\"name\":\"Le ch\u00e2teau de Montaigu - Ch\u00e2teaux en vendee - Sorties en Vend\u00e9e, Tourisme\",\"isPartOf\":{\"@id\":\"https:\\\/\\\/www.vendee1.eu\\\/vendee\\\/#website\"},\"primaryImageOfPage\":{\"@id\":\"https:\\\/\\\/www.vendee1.eu\\\/vendee\\\/chateau-de-montaigu-chateaux-vendee\\\/#primaryimage\"},\"image\":{\"@id\":\"https:\\\/\\\/www.vendee1.eu\\\/vendee\\\/chateau-de-montaigu-chateaux-vendee\\\/#primaryimage\"},\"thumbnailUrl\":\"https:\\\/\\\/www.vendee1.eu\\\/vendee\\\/wp-content\\\/uploads\\\/2017\\\/03\\\/vendee-montaigu-1.jpg\",\"datePublished\":\"2017-03-13T19:54:46+00:00\",\"dateModified\":\"2017-05-02T06:49:52+00:00\",\"author\":{\"@id\":\"https:\\\/\\\/www.vendee1.eu\\\/vendee\\\/#\\\/schema\\\/person\\\/63e22c035c30bbdf6ae725e3b531afdc\"},\"breadcrumb\":{\"@id\":\"https:\\\/\\\/www.vendee1.eu\\\/vendee\\\/chateau-de-montaigu-chateaux-vendee\\\/#breadcrumb\"},\"inLanguage\":\"fr-FR\",\"potentialAction\":[{\"@type\":\"ReadAction\",\"target\":[\"https:\\\/\\\/www.vendee1.eu\\\/vendee\\\/chateau-de-montaigu-chateaux-vendee\\\/\"]}]},{\"@type\":\"ImageObject\",\"inLanguage\":\"fr-FR\",\"@id\":\"https:\\\/\\\/www.vendee1.eu\\\/vendee\\\/chateau-de-montaigu-chateaux-vendee\\\/#primaryimage\",\"url\":\"https:\\\/\\\/www.vendee1.eu\\\/vendee\\\/wp-content\\\/uploads\\\/2017\\\/03\\\/vendee-montaigu-1.jpg\",\"contentUrl\":\"https:\\\/\\\/www.vendee1.eu\\\/vendee\\\/wp-content\\\/uploads\\\/2017\\\/03\\\/vendee-montaigu-1.jpg\",\"width\":270,\"height\":203,\"caption\":\"Ch\u00e2teau de Montaigu\"},{\"@type\":\"BreadcrumbList\",\"@id\":\"https:\\\/\\\/www.vendee1.eu\\\/vendee\\\/chateau-de-montaigu-chateaux-vendee\\\/#breadcrumb\",\"itemListElement\":[{\"@type\":\"ListItem\",\"position\":1,\"name\":\"Accueil\",\"item\":\"https:\\\/\\\/www.vendee1.eu\\\/vendee\\\/\"},{\"@type\":\"ListItem\",\"position\":2,\"name\":\"Le ch\u00e2teau de Montaigu &#8211; Ch\u00e2teaux en vendee\"}]},{\"@type\":\"WebSite\",\"@id\":\"https:\\\/\\\/www.vendee1.eu\\\/vendee\\\/#website\",\"url\":\"https:\\\/\\\/www.vendee1.eu\\\/vendee\\\/\",\"name\":\"Sorties en Vend\u00e9e, Tourisme\",\"description\":\"Vend\u00e9e1, les id\u00e9es Sorties en Vend\u00e9e Tourisme\",\"potentialAction\":[{\"@type\":\"SearchAction\",\"target\":{\"@type\":\"EntryPoint\",\"urlTemplate\":\"https:\\\/\\\/www.vendee1.eu\\\/vendee\\\/?s={search_term_string}\"},\"query-input\":{\"@type\":\"PropertyValueSpecification\",\"valueRequired\":true,\"valueName\":\"search_term_string\"}}],\"inLanguage\":\"fr-FR\"},{\"@type\":\"Person\",\"@id\":\"https:\\\/\\\/www.vendee1.eu\\\/vendee\\\/#\\\/schema\\\/person\\\/63e22c035c30bbdf6ae725e3b531afdc\",\"name\":\"Sorties Vend\u00e9e\",\"image\":{\"@type\":\"ImageObject\",\"inLanguage\":\"fr-FR\",\"@id\":\"https:\\\/\\\/secure.gravatar.com\\\/avatar\\\/61d1de7f953f29bb3f5b6457b62fb4b66f834c865f75a7d8ec767d557a808e20?s=96&d=mm&r=g\",\"url\":\"https:\\\/\\\/secure.gravatar.com\\\/avatar\\\/61d1de7f953f29bb3f5b6457b62fb4b66f834c865f75a7d8ec767d557a808e20?s=96&d=mm&r=g\",\"contentUrl\":\"https:\\\/\\\/secure.gravatar.com\\\/avatar\\\/61d1de7f953f29bb3f5b6457b62fb4b66f834c865f75a7d8ec767d557a808e20?s=96&d=mm&r=g\",\"caption\":\"Sorties Vend\u00e9e\"}},{\"@context\":\"https:\\\/\\\/schema.org\\\/\",\"@type\":\"Product\",\"name\":\"Le ch\u00e2teau de Montaigu - Ch\u00e2teaux en vendee\",\"description\":\"\",\"image\":{\"@type\":\"ImageObject\",\"url\":\"https:\\\/\\\/www.vendee1.eu\\\/vendee\\\/wp-content\\\/uploads\\\/2017\\\/03\\\/vendee-montaigu-1.jpg\",\"width\":270,\"height\":203},\"aggregateRating\":{\"@type\":\"AggregateRating\",\"ratingValue\":5,\"ratingCount\":1,\"bestRating\":5,\"worstRating\":1},\"brand\":{\"@type\":\"Brand\",\"name\":\"\"},\"sku\":\"\",\"\":\"\"}]}<\/script>\n<!-- \/ Yoast SEO plugin. -->","yoast_head_json":{"title":"Le ch\u00e2teau de Montaigu - Ch\u00e2teaux en vendee - Sorties en Vend\u00e9e, Tourisme","robots":{"index":"index","follow":"follow","max-snippet":"max-snippet:-1","max-image-preview":"max-image-preview:large","max-video-preview":"max-video-preview:-1"},"canonical":"https:\/\/www.vendee1.eu\/vendee\/chateau-de-montaigu-chateaux-vendee\/","og_locale":"fr_FR","og_type":"article","og_title":"Le ch\u00e2teau de Montaigu - Ch\u00e2teaux en vendee - Sorties en Vend\u00e9e, Tourisme","og_description":"Avant toute balade au pied du Ch\u00e2teau de Montaigu, un peu d&rsquo;histoire s&rsquo;impose Il faut rendre hommage \u00e0 la municipalit\u00e9 de Montaigu d&rsquo;avoir non seulement sauv\u00e9 de ses ruines ce qui restait de l&rsquo;ancien&#46;&#46;&#46;","og_url":"https:\/\/www.vendee1.eu\/vendee\/chateau-de-montaigu-chateaux-vendee\/","og_site_name":"Sorties en Vend\u00e9e, Tourisme","article_publisher":"https:\/\/www.facebook.com\/vendee.tourisme.7\/","article_published_time":"2017-03-13T19:54:46+00:00","article_modified_time":"2017-05-02T06:49:52+00:00","og_image":[{"width":270,"height":203,"url":"https:\/\/www.vendee1.eu\/vendee\/wp-content\/uploads\/2017\/03\/vendee-montaigu-1.jpg","type":"image\/jpeg"}],"author":"Sorties Vend\u00e9e","twitter_card":"summary_large_image","twitter_misc":{"\u00c9crit par":"Sorties Vend\u00e9e","Dur\u00e9e de lecture estim\u00e9e":"2 minutes"},"schema":{"@context":"https:\/\/schema.org","@graph":[{"@type":"Article","@id":"https:\/\/www.vendee1.eu\/vendee\/chateau-de-montaigu-chateaux-vendee\/#article","isPartOf":{"@id":"https:\/\/www.vendee1.eu\/vendee\/chateau-de-montaigu-chateaux-vendee\/"},"author":{"name":"Sorties Vend\u00e9e","@id":"https:\/\/www.vendee1.eu\/vendee\/#\/schema\/person\/63e22c035c30bbdf6ae725e3b531afdc"},"headline":"Le ch\u00e2teau de Montaigu &#8211; Ch\u00e2teaux en vendee","datePublished":"2017-03-13T19:54:46+00:00","dateModified":"2017-05-02T06:49:52+00:00","mainEntityOfPage":{"@id":"https:\/\/www.vendee1.eu\/vendee\/chateau-de-montaigu-chateaux-vendee\/"},"wordCount":463,"image":{"@id":"https:\/\/www.vendee1.eu\/vendee\/chateau-de-montaigu-chateaux-vendee\/#primaryimage"},"thumbnailUrl":"https:\/\/www.vendee1.eu\/vendee\/wp-content\/uploads\/2017\/03\/vendee-montaigu-1.jpg","keywords":["Ch\u00e2teaux"],"articleSection":["Ch\u00e2teaux et Monuments en Vend\u00e9e"],"inLanguage":"fr-FR"},{"@type":"WebPage","@id":"https:\/\/www.vendee1.eu\/vendee\/chateau-de-montaigu-chateaux-vendee\/","url":"https:\/\/www.vendee1.eu\/vendee\/chateau-de-montaigu-chateaux-vendee\/","name":"Le ch\u00e2teau de Montaigu - Ch\u00e2teaux en vendee - Sorties en Vend\u00e9e, Tourisme","isPartOf":{"@id":"https:\/\/www.vendee1.eu\/vendee\/#website"},"primaryImageOfPage":{"@id":"https:\/\/www.vendee1.eu\/vendee\/chateau-de-montaigu-chateaux-vendee\/#primaryimage"},"image":{"@id":"https:\/\/www.vendee1.eu\/vendee\/chateau-de-montaigu-chateaux-vendee\/#primaryimage"},"thumbnailUrl":"https:\/\/www.vendee1.eu\/vendee\/wp-content\/uploads\/2017\/03\/vendee-montaigu-1.jpg","datePublished":"2017-03-13T19:54:46+00:00","dateModified":"2017-05-02T06:49:52+00:00","author":{"@id":"https:\/\/www.vendee1.eu\/vendee\/#\/schema\/person\/63e22c035c30bbdf6ae725e3b531afdc"},"breadcrumb":{"@id":"https:\/\/www.vendee1.eu\/vendee\/chateau-de-montaigu-chateaux-vendee\/#breadcrumb"},"inLanguage":"fr-FR","potentialAction":[{"@type":"ReadAction","target":["https:\/\/www.vendee1.eu\/vendee\/chateau-de-montaigu-chateaux-vendee\/"]}]},{"@type":"ImageObject","inLanguage":"fr-FR","@id":"https:\/\/www.vendee1.eu\/vendee\/chateau-de-montaigu-chateaux-vendee\/#primaryimage","url":"https:\/\/www.vendee1.eu\/vendee\/wp-content\/uploads\/2017\/03\/vendee-montaigu-1.jpg","contentUrl":"https:\/\/www.vendee1.eu\/vendee\/wp-content\/uploads\/2017\/03\/vendee-montaigu-1.jpg","width":270,"height":203,"caption":"Ch\u00e2teau de Montaigu"},{"@type":"BreadcrumbList","@id":"https:\/\/www.vendee1.eu\/vendee\/chateau-de-montaigu-chateaux-vendee\/#breadcrumb","itemListElement":[{"@type":"ListItem","position":1,"name":"Accueil","item":"https:\/\/www.vendee1.eu\/vendee\/"},{"@type":"ListItem","position":2,"name":"Le ch\u00e2teau de Montaigu &#8211; Ch\u00e2teaux en vendee"}]},{"@type":"WebSite","@id":"https:\/\/www.vendee1.eu\/vendee\/#website","url":"https:\/\/www.vendee1.eu\/vendee\/","name":"Sorties en Vend\u00e9e, Tourisme","description":"Vend\u00e9e1, les id\u00e9es Sorties en Vend\u00e9e Tourisme","potentialAction":[{"@type":"SearchAction","target":{"@type":"EntryPoint","urlTemplate":"https:\/\/www.vendee1.eu\/vendee\/?s={search_term_string}"},"query-input":{"@type":"PropertyValueSpecification","valueRequired":true,"valueName":"search_term_string"}}],"inLanguage":"fr-FR"},{"@type":"Person","@id":"https:\/\/www.vendee1.eu\/vendee\/#\/schema\/person\/63e22c035c30bbdf6ae725e3b531afdc","name":"Sorties Vend\u00e9e","image":{"@type":"ImageObject","inLanguage":"fr-FR","@id":"https:\/\/secure.gravatar.com\/avatar\/61d1de7f953f29bb3f5b6457b62fb4b66f834c865f75a7d8ec767d557a808e20?s=96&d=mm&r=g","url":"https:\/\/secure.gravatar.com\/avatar\/61d1de7f953f29bb3f5b6457b62fb4b66f834c865f75a7d8ec767d557a808e20?s=96&d=mm&r=g","contentUrl":"https:\/\/secure.gravatar.com\/avatar\/61d1de7f953f29bb3f5b6457b62fb4b66f834c865f75a7d8ec767d557a808e20?s=96&d=mm&r=g","caption":"Sorties Vend\u00e9e"}},{"@context":"https:\/\/schema.org\/","@type":"Product","name":"Le ch\u00e2teau de Montaigu - Ch\u00e2teaux en vendee","description":"","image":{"@type":"ImageObject","url":"https:\/\/www.vendee1.eu\/vendee\/wp-content\/uploads\/2017\/03\/vendee-montaigu-1.jpg","width":270,"height":203},"aggregateRating":{"@type":"AggregateRating","ratingValue":5,"ratingCount":1,"bestRating":5,"worstRating":1},"brand":{"@type":"Brand","name":""},"sku":"","":""}]}},"_links":{"self":[{"href":"https:\/\/www.vendee1.eu\/vendee\/wp-json\/wp\/v2\/posts\/530","targetHints":{"allow":["GET"]}}],"collection":[{"href":"https:\/\/www.vendee1.eu\/vendee\/wp-json\/wp\/v2\/posts"}],"about":[{"href":"https:\/\/www.vendee1.eu\/vendee\/wp-json\/wp\/v2\/types\/post"}],"author":[{"embeddable":true,"href":"https:\/\/www.vendee1.eu\/vendee\/wp-json\/wp\/v2\/users\/1"}],"replies":[{"embeddable":true,"href":"https:\/\/www.vendee1.eu\/vendee\/wp-json\/wp\/v2\/comments?post=530"}],"version-history":[{"count":5,"href":"https:\/\/www.vendee1.eu\/vendee\/wp-json\/wp\/v2\/posts\/530\/revisions"}],"predecessor-version":[{"id":1919,"href":"https:\/\/www.vendee1.eu\/vendee\/wp-json\/wp\/v2\/posts\/530\/revisions\/1919"}],"wp:featuredmedia":[{"embeddable":true,"href":"https:\/\/www.vendee1.eu\/vendee\/wp-json\/wp\/v2\/media\/1920"}],"wp:attachment":[{"href":"https:\/\/www.vendee1.eu\/vendee\/wp-json\/wp\/v2\/media?parent=530"}],"wp:term":[{"taxonomy":"category","embeddable":true,"href":"https:\/\/www.vendee1.eu\/vendee\/wp-json\/wp\/v2\/categories?post=530"},{"taxonomy":"post_tag","embeddable":true,"href":"https:\/\/www.vendee1.eu\/vendee\/wp-json\/wp\/v2\/tags?post=530"}],"curies":[{"name":"wp","href":"https:\/\/api.w.org\/{rel}","templated":true}]}}