{"id":512,"date":"2017-03-13T20:50:25","date_gmt":"2017-03-13T19:50:25","guid":{"rendered":"http:\/\/www.vendee1.eu\/vendee\/?p=512"},"modified":"2017-03-18T13:25:23","modified_gmt":"2017-03-18T12:25:23","slug":"association-vendee-objectif-mali","status":"publish","type":"post","link":"https:\/\/www.vendee1.eu\/vendee\/association-vendee-objectif-mali\/","title":{"rendered":"Association Vendee Objectif Mali"},"content":{"rendered":"<div id=\"vende-1371194281\" class=\"vende-ads-avant-contenu vende-entity-placement\"><div id=\"attachment_3409\" style=\"width: 810px\" class=\"wp-caption alignnone\"><a href=\"https:\/\/www.mediawakeup.fr\/nous-contacter-184-rue-joseph-gaillard-zone-dactivites-nord-et-gare-85600-montaigu-vendee-agence-crea-web-print\/\" target=\"_blank\" rel=\"Cr\u00e9ation logo Vend\u00e9e Montaigu site internet noopener\"><img loading=\"lazy\" decoding=\"async\" aria-describedby=\"caption-attachment-3409\" class=\"wp-image-3409 size-full\" title=\"Cr\u00e9ation logo Vend\u00e9e Montaigu site internet\" src=\"https:\/\/www.vendee1.eu\/wp-content\/uploads\/2018\/03\/creation-site-internet-vendee-graphistes.jpg\" alt=\"Cr\u00e9ation logo Vend\u00e9e Montaigu site internet - Agence de communication web print en Vend\u00e9e \" width=\"800\" height=\"283\" \/><\/a><p id=\"caption-attachment-3409\" class=\"wp-caption-text\">Cr\u00e9ation logo Vend\u00e9e Montaigu site internet &#8211; Agence de communication web print en Vend\u00e9e<\/p><\/div>\n<p>&nbsp;<\/p>\n<\/div><p style=\"text-align: justify;\">\u00a0<\/p>\n<p style=\"text-align: justify;\">L&rsquo;association Objectif Mali doit son origine au d\u00e9part d\u2019un couple franco-malien qui est parti vivre au Mali avec leurs enfants et souhaitent participer \u00e0 son d\u00e9veloppement. Claire Traor\u00e9 \u00e9tait professeur des \u00e9coles sp\u00e9cialis\u00e9e en p\u00e9dagogie aupr\u00e8s des enfants en difficult\u00e9 d\u2019apprentissage en France. Yamadou Traor\u00e9, ancien professeur d\u2019histoire travaille actuellement dans le domaine pharmaceutique.\u00a0 L&rsquo;association Objectif Mali a pour but la construction d&rsquo;une \u00e9cole primaire et maternelle au Mali \u00e0 Bamako. L&rsquo;objectif est que cette \u00e9cole devienne tr\u00e8s vite autonome et soit un p\u00f4le de dynamisme dans son quartier, mais aussi et surtout pour l&rsquo;enseignement Malien. Vous pouvez avoir plus de renseignement en consultant les rubriques Projet et P\u00e9dagogie . Le financement se fait \u00e0 l&rsquo;aide de manifestations sportives et culturelles mais aussi par des dons. N&rsquo;h\u00e9sitez pas \u00e0 les contacter pour toutes remarques et subjections, ainsi que pour plus d&rsquo;informations si le projet vous int\u00e9resse.<\/p>\n<p style=\"text-align: justify;\">Aujourd\u2019hui l\u2019association Objectif Mali est pr\u00e9sente dans diff\u00e9rentes r\u00e9gions de France. Les acteurs qui la font vivre sont issus de milieux professionnels divers et tr\u00e8s compl\u00e9mentaires : l\u2019enseignement, l\u2019animation, la banque, le commerce, l\u2019\u00e9dition, l\u2019architecture, la m\u00e9decine et les travaux publics.<\/p>\n<p style=\"text-align: justify;\">Pour en savoir plus sur Objectif Mali, visitez le site internet de l&rsquo;association http:\/\/objectif.mali.ecole.free.fr<\/p>\n<div style='text-align:left' class='yasr-auto-insert-visitor'><!--Yasr Visitor Votes Shortcode--><div id='yasr_visitor_votes_36fb14a6746e9' class='yasr-visitor-votes'><div class=\"yasr-custom-text-vv-before yasr-custom-text-vv-before-512\">Avis visiteurs :<\/div><div id='yasr-vv-second-row-container-36fb14a6746e9'\r\n                                        class='yasr-vv-second-row-container'><div id='yasr-visitor-votes-rater-36fb14a6746e9'\r\n                                      class='yasr-rater-stars-vv'\r\n                                      data-rater-postid='512'\r\n                                      data-rating='0'\r\n                                      data-rater-starsize='16'\r\n                                      data-rater-readonly='false'\r\n                                      data-rater-nonce='aefc8ee853'\r\n                                      data-issingular='false'\r\n                                    ><\/div><div class=\"yasr-vv-stats-text-container\" id=\"yasr-vv-stats-text-container-36fb14a6746e9\"><svg xmlns=\"https:\/\/www.w3.org\/2000\/svg\" width=\"20\" height=\"20\"\r\n                                   class=\"yasr-dashicons-visitor-stats\"\r\n                                   data-postid=\"512\"\r\n                                   id=\"yasr-stats-dashicon-36fb14a6746e9\">\r\n                                   <path d=\"M18 18v-16h-4v16h4zM12 18v-11h-4v11h4zM6 18v-8h-4v8h4z\"><\/path>\r\n                               <\/svg><span id=\"yasr-vv-text-container-36fb14a6746e9\" class=\"yasr-vv-text-container\">[Nbre : <span id=\"yasr-vv-votes-number-container-36fb14a6746e9\">0<\/span>  Moyenne : <span id=\"yasr-vv-average-container-36fb14a6746e9\">0<\/span>]<\/span><\/div><div id='yasr-vv-loader-36fb14a6746e9' class='yasr-vv-container-loader'><\/div><\/div><div id='yasr-vv-bottom-container-36fb14a6746e9' class='yasr-vv-bottom-container'><\/div><\/div><!--End Yasr Visitor Votes Shortcode--><\/div><div id=\"vende-3202518229\" class=\"vende-ads-apres-contenu vende-entity-placement\" style=\"margin-top: 10px;margin-bottom: 10px;margin-left: 10px;\"><p><a href=\"https:\/\/hellostickers.fr\" rel=\"stickers autocollants decoratifs personnalis\u00e9s regionaux\"><img loading=\"lazy\" decoding=\"async\" class=\"alignnone wp-image-2282 \" title=\"stickers autocollants decoratifs personnalis\u00e9s regionaux\" src=\"https:\/\/www.vendee1.eu\/vendee\/wp-content\/uploads\/2017\/05\/stickers_autocollants_decoratifs_regionaux-e1552677291609.png\" alt=\"stickers autocollants decoratifs personnalis\u00e9s regionaux\" width=\"654\" height=\"121\" \/><\/a><\/p>\n<\/div>","protected":false},"excerpt":{"rendered":"<p>\u00a0 L&rsquo;association Objectif Mali doit son origine au d\u00e9part d\u2019un couple franco-malien qui est parti vivre au Mali avec leurs enfants et souhaitent participer \u00e0 son d\u00e9veloppement. Claire Traor\u00e9 \u00e9tait professeur des \u00e9coles sp\u00e9cialis\u00e9e&#46;&#46;&#46;<\/p>\n","protected":false},"author":1,"featured_media":0,"comment_status":"closed","ping_status":"closed","sticky":false,"template":"","format":"standard","meta":{"yasr_overall_rating":0,"yasr_post_is_review":"","yasr_auto_insert_disabled":"","yasr_review_type":"","footnotes":""},"categories":[40,1],"tags":[],"class_list":["post-512","post","type-post","status-publish","format-standard","hentry","category-associations-en-vendee","category-non-classe"],"yasr_visitor_votes":{"stars_attributes":{"read_only":false,"span_bottom":false},"number_of_votes":0,"sum_votes":0},"yoast_head":"<!-- This site is optimized with the Yoast SEO plugin v27.5 - https:\/\/yoast.com\/product\/yoast-seo-wordpress\/ -->\n<title>Association Vendee Objectif Mali - Sorties en Vend\u00e9e, Tourisme<\/title>\n<meta name=\"robots\" content=\"index, follow, max-snippet:-1, max-image-preview:large, max-video-preview:-1\" \/>\n<link rel=\"canonical\" href=\"https:\/\/www.vendee1.eu\/vendee\/association-vendee-objectif-mali\/\" \/>\n<meta property=\"og:locale\" content=\"fr_FR\" \/>\n<meta property=\"og:type\" content=\"article\" \/>\n<meta property=\"og:title\" content=\"Association Vendee Objectif Mali - Sorties en Vend\u00e9e, Tourisme\" \/>\n<meta property=\"og:description\" content=\"\u00a0 L&rsquo;association Objectif Mali doit son origine au d\u00e9part d\u2019un couple franco-malien qui est parti vivre au Mali avec leurs enfants et souhaitent participer \u00e0 son d\u00e9veloppement. Claire Traor\u00e9 \u00e9tait professeur des \u00e9coles sp\u00e9cialis\u00e9e&#046;&#046;&#046;\" \/>\n<meta property=\"og:url\" content=\"https:\/\/www.vendee1.eu\/vendee\/association-vendee-objectif-mali\/\" \/>\n<meta property=\"og:site_name\" content=\"Sorties en Vend\u00e9e, Tourisme\" \/>\n<meta property=\"article:publisher\" content=\"https:\/\/www.facebook.com\/vendee.tourisme.7\/\" \/>\n<meta property=\"article:published_time\" content=\"2017-03-13T19:50:25+00:00\" \/>\n<meta property=\"article:modified_time\" content=\"2017-03-18T12:25:23+00:00\" \/>\n<meta name=\"author\" content=\"Sorties Vend\u00e9e\" \/>\n<meta name=\"twitter:card\" content=\"summary_large_image\" \/>\n<meta name=\"twitter:label1\" content=\"\u00c9crit par\" \/>\n\t<meta name=\"twitter:data1\" content=\"Sorties Vend\u00e9e\" \/>\n\t<meta name=\"twitter:label2\" content=\"Dur\u00e9e de lecture estim\u00e9e\" \/>\n\t<meta name=\"twitter:data2\" content=\"1 minute\" \/>\n<script type=\"application\/ld+json\" class=\"yoast-schema-graph\">{\"@context\":\"https:\\\/\\\/schema.org\",\"@graph\":[{\"@type\":\"Article\",\"@id\":\"https:\\\/\\\/www.vendee1.eu\\\/vendee\\\/association-vendee-objectif-mali\\\/#article\",\"isPartOf\":{\"@id\":\"https:\\\/\\\/www.vendee1.eu\\\/vendee\\\/association-vendee-objectif-mali\\\/\"},\"author\":{\"name\":\"Sorties Vend\u00e9e\",\"@id\":\"https:\\\/\\\/www.vendee1.eu\\\/vendee\\\/#\\\/schema\\\/person\\\/63e22c035c30bbdf6ae725e3b531afdc\"},\"headline\":\"Association Vendee Objectif Mali\",\"datePublished\":\"2017-03-13T19:50:25+00:00\",\"dateModified\":\"2017-03-18T12:25:23+00:00\",\"mainEntityOfPage\":{\"@id\":\"https:\\\/\\\/www.vendee1.eu\\\/vendee\\\/association-vendee-objectif-mali\\\/\"},\"wordCount\":239,\"articleSection\":[\"Associations en Vend\u00e9e\"],\"inLanguage\":\"fr-FR\"},{\"@type\":\"WebPage\",\"@id\":\"https:\\\/\\\/www.vendee1.eu\\\/vendee\\\/association-vendee-objectif-mali\\\/\",\"url\":\"https:\\\/\\\/www.vendee1.eu\\\/vendee\\\/association-vendee-objectif-mali\\\/\",\"name\":\"Association Vendee Objectif Mali - Sorties en Vend\u00e9e, Tourisme\",\"isPartOf\":{\"@id\":\"https:\\\/\\\/www.vendee1.eu\\\/vendee\\\/#website\"},\"datePublished\":\"2017-03-13T19:50:25+00:00\",\"dateModified\":\"2017-03-18T12:25:23+00:00\",\"author\":{\"@id\":\"https:\\\/\\\/www.vendee1.eu\\\/vendee\\\/#\\\/schema\\\/person\\\/63e22c035c30bbdf6ae725e3b531afdc\"},\"breadcrumb\":{\"@id\":\"https:\\\/\\\/www.vendee1.eu\\\/vendee\\\/association-vendee-objectif-mali\\\/#breadcrumb\"},\"inLanguage\":\"fr-FR\",\"potentialAction\":[{\"@type\":\"ReadAction\",\"target\":[\"https:\\\/\\\/www.vendee1.eu\\\/vendee\\\/association-vendee-objectif-mali\\\/\"]}]},{\"@type\":\"BreadcrumbList\",\"@id\":\"https:\\\/\\\/www.vendee1.eu\\\/vendee\\\/association-vendee-objectif-mali\\\/#breadcrumb\",\"itemListElement\":[{\"@type\":\"ListItem\",\"position\":1,\"name\":\"Accueil\",\"item\":\"https:\\\/\\\/www.vendee1.eu\\\/vendee\\\/\"},{\"@type\":\"ListItem\",\"position\":2,\"name\":\"Association Vendee Objectif Mali\"}]},{\"@type\":\"WebSite\",\"@id\":\"https:\\\/\\\/www.vendee1.eu\\\/vendee\\\/#website\",\"url\":\"https:\\\/\\\/www.vendee1.eu\\\/vendee\\\/\",\"name\":\"Sorties en Vend\u00e9e, Tourisme\",\"description\":\"Vend\u00e9e1, les id\u00e9es Sorties en Vend\u00e9e Tourisme\",\"potentialAction\":[{\"@type\":\"SearchAction\",\"target\":{\"@type\":\"EntryPoint\",\"urlTemplate\":\"https:\\\/\\\/www.vendee1.eu\\\/vendee\\\/?s={search_term_string}\"},\"query-input\":{\"@type\":\"PropertyValueSpecification\",\"valueRequired\":true,\"valueName\":\"search_term_string\"}}],\"inLanguage\":\"fr-FR\"},{\"@type\":\"Person\",\"@id\":\"https:\\\/\\\/www.vendee1.eu\\\/vendee\\\/#\\\/schema\\\/person\\\/63e22c035c30bbdf6ae725e3b531afdc\",\"name\":\"Sorties Vend\u00e9e\",\"image\":{\"@type\":\"ImageObject\",\"inLanguage\":\"fr-FR\",\"@id\":\"https:\\\/\\\/secure.gravatar.com\\\/avatar\\\/61d1de7f953f29bb3f5b6457b62fb4b66f834c865f75a7d8ec767d557a808e20?s=96&d=mm&r=g\",\"url\":\"https:\\\/\\\/secure.gravatar.com\\\/avatar\\\/61d1de7f953f29bb3f5b6457b62fb4b66f834c865f75a7d8ec767d557a808e20?s=96&d=mm&r=g\",\"contentUrl\":\"https:\\\/\\\/secure.gravatar.com\\\/avatar\\\/61d1de7f953f29bb3f5b6457b62fb4b66f834c865f75a7d8ec767d557a808e20?s=96&d=mm&r=g\",\"caption\":\"Sorties Vend\u00e9e\"}},false]}<\/script>\n<!-- \/ Yoast SEO plugin. -->","yoast_head_json":{"title":"Association Vendee Objectif Mali - Sorties en Vend\u00e9e, Tourisme","robots":{"index":"index","follow":"follow","max-snippet":"max-snippet:-1","max-image-preview":"max-image-preview:large","max-video-preview":"max-video-preview:-1"},"canonical":"https:\/\/www.vendee1.eu\/vendee\/association-vendee-objectif-mali\/","og_locale":"fr_FR","og_type":"article","og_title":"Association Vendee Objectif Mali - Sorties en Vend\u00e9e, Tourisme","og_description":"\u00a0 L&rsquo;association Objectif Mali doit son origine au d\u00e9part d\u2019un couple franco-malien qui est parti vivre au Mali avec leurs enfants et souhaitent participer \u00e0 son d\u00e9veloppement. Claire Traor\u00e9 \u00e9tait professeur des \u00e9coles sp\u00e9cialis\u00e9e&#46;&#46;&#46;","og_url":"https:\/\/www.vendee1.eu\/vendee\/association-vendee-objectif-mali\/","og_site_name":"Sorties en Vend\u00e9e, Tourisme","article_publisher":"https:\/\/www.facebook.com\/vendee.tourisme.7\/","article_published_time":"2017-03-13T19:50:25+00:00","article_modified_time":"2017-03-18T12:25:23+00:00","author":"Sorties Vend\u00e9e","twitter_card":"summary_large_image","twitter_misc":{"\u00c9crit par":"Sorties Vend\u00e9e","Dur\u00e9e de lecture estim\u00e9e":"1 minute"},"schema":{"@context":"https:\/\/schema.org","@graph":[{"@type":"Article","@id":"https:\/\/www.vendee1.eu\/vendee\/association-vendee-objectif-mali\/#article","isPartOf":{"@id":"https:\/\/www.vendee1.eu\/vendee\/association-vendee-objectif-mali\/"},"author":{"name":"Sorties Vend\u00e9e","@id":"https:\/\/www.vendee1.eu\/vendee\/#\/schema\/person\/63e22c035c30bbdf6ae725e3b531afdc"},"headline":"Association Vendee Objectif Mali","datePublished":"2017-03-13T19:50:25+00:00","dateModified":"2017-03-18T12:25:23+00:00","mainEntityOfPage":{"@id":"https:\/\/www.vendee1.eu\/vendee\/association-vendee-objectif-mali\/"},"wordCount":239,"articleSection":["Associations en Vend\u00e9e"],"inLanguage":"fr-FR"},{"@type":"WebPage","@id":"https:\/\/www.vendee1.eu\/vendee\/association-vendee-objectif-mali\/","url":"https:\/\/www.vendee1.eu\/vendee\/association-vendee-objectif-mali\/","name":"Association Vendee Objectif Mali - Sorties en Vend\u00e9e, Tourisme","isPartOf":{"@id":"https:\/\/www.vendee1.eu\/vendee\/#website"},"datePublished":"2017-03-13T19:50:25+00:00","dateModified":"2017-03-18T12:25:23+00:00","author":{"@id":"https:\/\/www.vendee1.eu\/vendee\/#\/schema\/person\/63e22c035c30bbdf6ae725e3b531afdc"},"breadcrumb":{"@id":"https:\/\/www.vendee1.eu\/vendee\/association-vendee-objectif-mali\/#breadcrumb"},"inLanguage":"fr-FR","potentialAction":[{"@type":"ReadAction","target":["https:\/\/www.vendee1.eu\/vendee\/association-vendee-objectif-mali\/"]}]},{"@type":"BreadcrumbList","@id":"https:\/\/www.vendee1.eu\/vendee\/association-vendee-objectif-mali\/#breadcrumb","itemListElement":[{"@type":"ListItem","position":1,"name":"Accueil","item":"https:\/\/www.vendee1.eu\/vendee\/"},{"@type":"ListItem","position":2,"name":"Association Vendee Objectif Mali"}]},{"@type":"WebSite","@id":"https:\/\/www.vendee1.eu\/vendee\/#website","url":"https:\/\/www.vendee1.eu\/vendee\/","name":"Sorties en Vend\u00e9e, Tourisme","description":"Vend\u00e9e1, les id\u00e9es Sorties en Vend\u00e9e Tourisme","potentialAction":[{"@type":"SearchAction","target":{"@type":"EntryPoint","urlTemplate":"https:\/\/www.vendee1.eu\/vendee\/?s={search_term_string}"},"query-input":{"@type":"PropertyValueSpecification","valueRequired":true,"valueName":"search_term_string"}}],"inLanguage":"fr-FR"},{"@type":"Person","@id":"https:\/\/www.vendee1.eu\/vendee\/#\/schema\/person\/63e22c035c30bbdf6ae725e3b531afdc","name":"Sorties Vend\u00e9e","image":{"@type":"ImageObject","inLanguage":"fr-FR","@id":"https:\/\/secure.gravatar.com\/avatar\/61d1de7f953f29bb3f5b6457b62fb4b66f834c865f75a7d8ec767d557a808e20?s=96&d=mm&r=g","url":"https:\/\/secure.gravatar.com\/avatar\/61d1de7f953f29bb3f5b6457b62fb4b66f834c865f75a7d8ec767d557a808e20?s=96&d=mm&r=g","contentUrl":"https:\/\/secure.gravatar.com\/avatar\/61d1de7f953f29bb3f5b6457b62fb4b66f834c865f75a7d8ec767d557a808e20?s=96&d=mm&r=g","caption":"Sorties Vend\u00e9e"}},false]}},"_links":{"self":[{"href":"https:\/\/www.vendee1.eu\/vendee\/wp-json\/wp\/v2\/posts\/512","targetHints":{"allow":["GET"]}}],"collection":[{"href":"https:\/\/www.vendee1.eu\/vendee\/wp-json\/wp\/v2\/posts"}],"about":[{"href":"https:\/\/www.vendee1.eu\/vendee\/wp-json\/wp\/v2\/types\/post"}],"author":[{"embeddable":true,"href":"https:\/\/www.vendee1.eu\/vendee\/wp-json\/wp\/v2\/users\/1"}],"replies":[{"embeddable":true,"href":"https:\/\/www.vendee1.eu\/vendee\/wp-json\/wp\/v2\/comments?post=512"}],"version-history":[{"count":1,"href":"https:\/\/www.vendee1.eu\/vendee\/wp-json\/wp\/v2\/posts\/512\/revisions"}],"predecessor-version":[{"id":513,"href":"https:\/\/www.vendee1.eu\/vendee\/wp-json\/wp\/v2\/posts\/512\/revisions\/513"}],"wp:attachment":[{"href":"https:\/\/www.vendee1.eu\/vendee\/wp-json\/wp\/v2\/media?parent=512"}],"wp:term":[{"taxonomy":"category","embeddable":true,"href":"https:\/\/www.vendee1.eu\/vendee\/wp-json\/wp\/v2\/categories?post=512"},{"taxonomy":"post_tag","embeddable":true,"href":"https:\/\/www.vendee1.eu\/vendee\/wp-json\/wp\/v2\/tags?post=512"}],"curies":[{"name":"wp","href":"https:\/\/api.w.org\/{rel}","templated":true}]}}