{"id":418,"date":"2017-03-13T19:26:56","date_gmt":"2017-03-13T18:26:56","guid":{"rendered":"http:\/\/www.vendee1.eu\/vendee\/?p=418"},"modified":"2017-03-13T19:26:56","modified_gmt":"2017-03-13T18:26:56","slug":"gestes-simples-proteger-capital-solaire-enfants","status":"publish","type":"post","link":"https:\/\/www.vendee1.eu\/vendee\/gestes-simples-proteger-capital-solaire-enfants\/","title":{"rendered":"Les gestes simples pour prot\u00e9ger le capital solaire des enfants"},"content":{"rendered":"<div id=\"vende-273475422\" class=\"vende-ads-avant-contenu vende-entity-placement\"><div id=\"attachment_3409\" style=\"width: 810px\" class=\"wp-caption alignnone\"><a href=\"https:\/\/www.mediawakeup.fr\/nous-contacter-184-rue-joseph-gaillard-zone-dactivites-nord-et-gare-85600-montaigu-vendee-agence-crea-web-print\/\" target=\"_blank\" rel=\"Cr\u00e9ation logo Vend\u00e9e Montaigu site internet noopener\"><img loading=\"lazy\" decoding=\"async\" aria-describedby=\"caption-attachment-3409\" class=\"wp-image-3409 size-full\" title=\"Cr\u00e9ation logo Vend\u00e9e Montaigu site internet\" src=\"https:\/\/www.vendee1.eu\/wp-content\/uploads\/2018\/03\/creation-site-internet-vendee-graphistes.jpg\" alt=\"Cr\u00e9ation logo Vend\u00e9e Montaigu site internet - Agence de communication web print en Vend\u00e9e \" width=\"800\" height=\"283\" \/><\/a><p id=\"caption-attachment-3409\" class=\"wp-caption-text\">Cr\u00e9ation logo Vend\u00e9e Montaigu site internet &#8211; Agence de communication web print en Vend\u00e9e<\/p><\/div>\n<p>&nbsp;<\/p>\n<\/div><p><img loading=\"lazy\" decoding=\"async\" style=\"float: right; margin: 5px; border: 0pt none;\" title=\"conseils de protection solaire en vendee\" src=\"..\/images\/bon-a-savoir\/lunettes-soleil.jpg\" alt=\"les conseils de protection du soleil en vendee\" width=\"160\" height=\"160\" border=\"0\" \/>Prot\u00e9ger les enfants du soleil est un geste indispensable. <br \/>\nvoici quelques recommandations.<\/p>\n<p>\n<span style=\"color: #ff6600;\">1 &#8211; L&rsquo;exposition au soleil<\/span><\/p>\n<p>Il ne faut pas exposer les b\u00e9b\u00e9s et les jeunes enfants au soleil. Par cons\u00e9quent, recherchez syst\u00e9matiquement l&rsquo;ombre et \u00e9vitez toute exposition de 12h \u00e0 16h.<\/p>\n<p><span style=\"color: #ff6600;\">2 &#8211; Protecion cosm\u00e9tique<\/span><\/p>\n<p>Avant de les exposer au soleil, enduisez la peau des enfants avec une cr\u00e8me solaire tr\u00e8s haute protection<br \/>\n(indice 50+) et renouvelez fr\u00e9quemment et g\u00e9n\u00e9reusement l&rsquo;application surtout apr\u00e8s qu&rsquo;ils aient nag\u00e9, transpir\u00e9 ou les avoir essuy\u00e9s.<\/p>\n<p>Soyez vigilant : l&#8217;emploi d&rsquo;une cr\u00e8me ne doit en aucun cas conduire \u00e0 prolonger la dur\u00e9e de l&rsquo;exposition !<\/p>\n<p><span style=\"color: #ff6600;\">3 &#8211; Protection vestimentaire<\/span><\/p>\n<p>Le v\u00eatement, le chapeau \u00e0 bord large et les lunettes en veloppantes sont indispensables pour pr\u00e9server le capital solaire des enfants et pr\u00e9venir l&rsquo;apparition de cancers cutan\u00e9s plus tard.<\/p>\n<p>\n<span style=\"color: #ff6600;\">Pourquoi faut-il prot\u00e9ger la peau des enfants des UV ?<\/span><\/p>\n<p>La peau des jeunes doit \u00eatre tout particuli\u00e8rement prot\u00e9g\u00e9e car elle est plus fine et plus sensible.<br \/>\nPar cons\u00e9quent, les coups de soleil sont tr\u00e8s dangereux chez l&rsquo;enfant. En effet, ils alt\u00e8rent son capital solaire et peuvent \u00eatre \u00e0 long terme responsables de certains cancer de la peau.<\/p>\n<p>\nRecommandations du laboratoire \u00ab\u00a0La Roche Posay\u00a0\u00bb<\/p>\n<div style='text-align:left' class='yasr-auto-insert-visitor'><!--Yasr Visitor Votes Shortcode--><div id='yasr_visitor_votes_63c6836ca29f2' class='yasr-visitor-votes'><div class=\"yasr-custom-text-vv-before yasr-custom-text-vv-before-418\">Avis visiteurs :<\/div><div id='yasr-vv-second-row-container-63c6836ca29f2'\r\n                                        class='yasr-vv-second-row-container'><div id='yasr-visitor-votes-rater-63c6836ca29f2'\r\n                                      class='yasr-rater-stars-vv'\r\n                                      data-rater-postid='418'\r\n                                      data-rating='0'\r\n                                      data-rater-starsize='16'\r\n                                      data-rater-readonly='false'\r\n                                      data-rater-nonce='2cff1b6c54'\r\n                                      data-issingular='false'\r\n                                    ><\/div><div class=\"yasr-vv-stats-text-container\" id=\"yasr-vv-stats-text-container-63c6836ca29f2\"><svg xmlns=\"https:\/\/www.w3.org\/2000\/svg\" width=\"20\" height=\"20\"\r\n                                   class=\"yasr-dashicons-visitor-stats\"\r\n                                   data-postid=\"418\"\r\n                                   id=\"yasr-stats-dashicon-63c6836ca29f2\">\r\n                                   <path d=\"M18 18v-16h-4v16h4zM12 18v-11h-4v11h4zM6 18v-8h-4v8h4z\"><\/path>\r\n                               <\/svg><span id=\"yasr-vv-text-container-63c6836ca29f2\" class=\"yasr-vv-text-container\">[Nbre : <span id=\"yasr-vv-votes-number-container-63c6836ca29f2\">0<\/span>  Moyenne : <span id=\"yasr-vv-average-container-63c6836ca29f2\">0<\/span>]<\/span><\/div><div id='yasr-vv-loader-63c6836ca29f2' class='yasr-vv-container-loader'><\/div><\/div><div id='yasr-vv-bottom-container-63c6836ca29f2' class='yasr-vv-bottom-container'><\/div><\/div><!--End Yasr Visitor Votes Shortcode--><\/div><div id=\"vende-2027505616\" class=\"vende-ads-apres-contenu vende-entity-placement\" style=\"margin-top: 10px;margin-bottom: 10px;margin-left: 10px;\"><p><a href=\"https:\/\/hellostickers.fr\" rel=\"stickers autocollants decoratifs personnalis\u00e9s regionaux\"><img loading=\"lazy\" decoding=\"async\" class=\"alignnone wp-image-2282 \" title=\"stickers autocollants decoratifs personnalis\u00e9s regionaux\" src=\"https:\/\/www.vendee1.eu\/vendee\/wp-content\/uploads\/2017\/05\/stickers_autocollants_decoratifs_regionaux-e1552677291609.png\" alt=\"stickers autocollants decoratifs personnalis\u00e9s regionaux\" width=\"654\" height=\"121\" \/><\/a><\/p>\n<\/div>","protected":false},"excerpt":{"rendered":"<p>Prot\u00e9ger les enfants du soleil est un geste indispensable. voici quelques recommandations. 1 &#8211; L&rsquo;exposition au soleil Il ne faut pas exposer les b\u00e9b\u00e9s et les jeunes enfants au soleil. Par cons\u00e9quent, recherchez syst\u00e9matiquement&#46;&#46;&#46;<\/p>\n","protected":false},"author":1,"featured_media":0,"comment_status":"closed","ping_status":"closed","sticky":false,"template":"","format":"standard","meta":{"yasr_overall_rating":0,"yasr_post_is_review":"","yasr_auto_insert_disabled":"","yasr_review_type":"","footnotes":""},"categories":[1],"tags":[],"class_list":["post-418","post","type-post","status-publish","format-standard","hentry","category-non-classe"],"yasr_visitor_votes":{"stars_attributes":{"read_only":false,"span_bottom":false},"number_of_votes":0,"sum_votes":0},"yoast_head":"<!-- This site is optimized with the Yoast SEO plugin v27.5 - https:\/\/yoast.com\/product\/yoast-seo-wordpress\/ -->\n<title>Les gestes simples pour prot\u00e9ger le capital solaire des enfants - Sorties en Vend\u00e9e, Tourisme<\/title>\n<meta name=\"robots\" content=\"index, follow, max-snippet:-1, max-image-preview:large, max-video-preview:-1\" \/>\n<link rel=\"canonical\" href=\"https:\/\/www.vendee1.eu\/vendee\/gestes-simples-proteger-capital-solaire-enfants\/\" \/>\n<meta property=\"og:locale\" content=\"fr_FR\" \/>\n<meta property=\"og:type\" content=\"article\" \/>\n<meta property=\"og:title\" content=\"Les gestes simples pour prot\u00e9ger le capital solaire des enfants - Sorties en Vend\u00e9e, Tourisme\" \/>\n<meta property=\"og:description\" content=\"Prot\u00e9ger les enfants du soleil est un geste indispensable. voici quelques recommandations. 1 &#8211; L&rsquo;exposition au soleil Il ne faut pas exposer les b\u00e9b\u00e9s et les jeunes enfants au soleil. Par cons\u00e9quent, recherchez syst\u00e9matiquement&#046;&#046;&#046;\" \/>\n<meta property=\"og:url\" content=\"https:\/\/www.vendee1.eu\/vendee\/gestes-simples-proteger-capital-solaire-enfants\/\" \/>\n<meta property=\"og:site_name\" content=\"Sorties en Vend\u00e9e, Tourisme\" \/>\n<meta property=\"article:publisher\" content=\"https:\/\/www.facebook.com\/vendee.tourisme.7\/\" \/>\n<meta property=\"article:published_time\" content=\"2017-03-13T18:26:56+00:00\" \/>\n<meta property=\"og:image\" content=\"http:\/\/..\/images\/bon-a-savoir\/lunettes-soleil.jpg\" \/>\n<meta name=\"author\" content=\"Sorties Vend\u00e9e\" \/>\n<meta name=\"twitter:card\" content=\"summary_large_image\" \/>\n<meta name=\"twitter:label1\" content=\"\u00c9crit par\" \/>\n\t<meta name=\"twitter:data1\" content=\"Sorties Vend\u00e9e\" \/>\n\t<meta name=\"twitter:label2\" content=\"Dur\u00e9e de lecture estim\u00e9e\" \/>\n\t<meta name=\"twitter:data2\" content=\"1 minute\" \/>\n<script type=\"application\/ld+json\" class=\"yoast-schema-graph\">{\"@context\":\"https:\\\/\\\/schema.org\",\"@graph\":[{\"@type\":\"Article\",\"@id\":\"https:\\\/\\\/www.vendee1.eu\\\/vendee\\\/gestes-simples-proteger-capital-solaire-enfants\\\/#article\",\"isPartOf\":{\"@id\":\"https:\\\/\\\/www.vendee1.eu\\\/vendee\\\/gestes-simples-proteger-capital-solaire-enfants\\\/\"},\"author\":{\"name\":\"Sorties Vend\u00e9e\",\"@id\":\"https:\\\/\\\/www.vendee1.eu\\\/vendee\\\/#\\\/schema\\\/person\\\/63e22c035c30bbdf6ae725e3b531afdc\"},\"headline\":\"Les gestes simples pour prot\u00e9ger le capital solaire des enfants\",\"datePublished\":\"2017-03-13T18:26:56+00:00\",\"mainEntityOfPage\":{\"@id\":\"https:\\\/\\\/www.vendee1.eu\\\/vendee\\\/gestes-simples-proteger-capital-solaire-enfants\\\/\"},\"wordCount\":234,\"inLanguage\":\"fr-FR\"},{\"@type\":\"WebPage\",\"@id\":\"https:\\\/\\\/www.vendee1.eu\\\/vendee\\\/gestes-simples-proteger-capital-solaire-enfants\\\/\",\"url\":\"https:\\\/\\\/www.vendee1.eu\\\/vendee\\\/gestes-simples-proteger-capital-solaire-enfants\\\/\",\"name\":\"Les gestes simples pour prot\u00e9ger le capital solaire des enfants - Sorties en Vend\u00e9e, Tourisme\",\"isPartOf\":{\"@id\":\"https:\\\/\\\/www.vendee1.eu\\\/vendee\\\/#website\"},\"datePublished\":\"2017-03-13T18:26:56+00:00\",\"author\":{\"@id\":\"https:\\\/\\\/www.vendee1.eu\\\/vendee\\\/#\\\/schema\\\/person\\\/63e22c035c30bbdf6ae725e3b531afdc\"},\"breadcrumb\":{\"@id\":\"https:\\\/\\\/www.vendee1.eu\\\/vendee\\\/gestes-simples-proteger-capital-solaire-enfants\\\/#breadcrumb\"},\"inLanguage\":\"fr-FR\",\"potentialAction\":[{\"@type\":\"ReadAction\",\"target\":[\"https:\\\/\\\/www.vendee1.eu\\\/vendee\\\/gestes-simples-proteger-capital-solaire-enfants\\\/\"]}]},{\"@type\":\"BreadcrumbList\",\"@id\":\"https:\\\/\\\/www.vendee1.eu\\\/vendee\\\/gestes-simples-proteger-capital-solaire-enfants\\\/#breadcrumb\",\"itemListElement\":[{\"@type\":\"ListItem\",\"position\":1,\"name\":\"Accueil\",\"item\":\"https:\\\/\\\/www.vendee1.eu\\\/vendee\\\/\"},{\"@type\":\"ListItem\",\"position\":2,\"name\":\"Les gestes simples pour prot\u00e9ger le capital solaire des enfants\"}]},{\"@type\":\"WebSite\",\"@id\":\"https:\\\/\\\/www.vendee1.eu\\\/vendee\\\/#website\",\"url\":\"https:\\\/\\\/www.vendee1.eu\\\/vendee\\\/\",\"name\":\"Sorties en Vend\u00e9e, Tourisme\",\"description\":\"Vend\u00e9e1, les id\u00e9es Sorties en Vend\u00e9e Tourisme\",\"potentialAction\":[{\"@type\":\"SearchAction\",\"target\":{\"@type\":\"EntryPoint\",\"urlTemplate\":\"https:\\\/\\\/www.vendee1.eu\\\/vendee\\\/?s={search_term_string}\"},\"query-input\":{\"@type\":\"PropertyValueSpecification\",\"valueRequired\":true,\"valueName\":\"search_term_string\"}}],\"inLanguage\":\"fr-FR\"},{\"@type\":\"Person\",\"@id\":\"https:\\\/\\\/www.vendee1.eu\\\/vendee\\\/#\\\/schema\\\/person\\\/63e22c035c30bbdf6ae725e3b531afdc\",\"name\":\"Sorties Vend\u00e9e\",\"image\":{\"@type\":\"ImageObject\",\"inLanguage\":\"fr-FR\",\"@id\":\"https:\\\/\\\/secure.gravatar.com\\\/avatar\\\/61d1de7f953f29bb3f5b6457b62fb4b66f834c865f75a7d8ec767d557a808e20?s=96&d=mm&r=g\",\"url\":\"https:\\\/\\\/secure.gravatar.com\\\/avatar\\\/61d1de7f953f29bb3f5b6457b62fb4b66f834c865f75a7d8ec767d557a808e20?s=96&d=mm&r=g\",\"contentUrl\":\"https:\\\/\\\/secure.gravatar.com\\\/avatar\\\/61d1de7f953f29bb3f5b6457b62fb4b66f834c865f75a7d8ec767d557a808e20?s=96&d=mm&r=g\",\"caption\":\"Sorties Vend\u00e9e\"}},false]}<\/script>\n<!-- \/ Yoast SEO plugin. -->","yoast_head_json":{"title":"Les gestes simples pour prot\u00e9ger le capital solaire des enfants - Sorties en Vend\u00e9e, Tourisme","robots":{"index":"index","follow":"follow","max-snippet":"max-snippet:-1","max-image-preview":"max-image-preview:large","max-video-preview":"max-video-preview:-1"},"canonical":"https:\/\/www.vendee1.eu\/vendee\/gestes-simples-proteger-capital-solaire-enfants\/","og_locale":"fr_FR","og_type":"article","og_title":"Les gestes simples pour prot\u00e9ger le capital solaire des enfants - Sorties en Vend\u00e9e, Tourisme","og_description":"Prot\u00e9ger les enfants du soleil est un geste indispensable. voici quelques recommandations. 1 &#8211; L&rsquo;exposition au soleil Il ne faut pas exposer les b\u00e9b\u00e9s et les jeunes enfants au soleil. Par cons\u00e9quent, recherchez syst\u00e9matiquement&#46;&#46;&#46;","og_url":"https:\/\/www.vendee1.eu\/vendee\/gestes-simples-proteger-capital-solaire-enfants\/","og_site_name":"Sorties en Vend\u00e9e, Tourisme","article_publisher":"https:\/\/www.facebook.com\/vendee.tourisme.7\/","article_published_time":"2017-03-13T18:26:56+00:00","og_image":[{"url":"..\/images\/bon-a-savoir\/lunettes-soleil.jpg","type":"","width":"","height":""}],"author":"Sorties Vend\u00e9e","twitter_card":"summary_large_image","twitter_misc":{"\u00c9crit par":"Sorties Vend\u00e9e","Dur\u00e9e de lecture estim\u00e9e":"1 minute"},"schema":{"@context":"https:\/\/schema.org","@graph":[{"@type":"Article","@id":"https:\/\/www.vendee1.eu\/vendee\/gestes-simples-proteger-capital-solaire-enfants\/#article","isPartOf":{"@id":"https:\/\/www.vendee1.eu\/vendee\/gestes-simples-proteger-capital-solaire-enfants\/"},"author":{"name":"Sorties Vend\u00e9e","@id":"https:\/\/www.vendee1.eu\/vendee\/#\/schema\/person\/63e22c035c30bbdf6ae725e3b531afdc"},"headline":"Les gestes simples pour prot\u00e9ger le capital solaire des enfants","datePublished":"2017-03-13T18:26:56+00:00","mainEntityOfPage":{"@id":"https:\/\/www.vendee1.eu\/vendee\/gestes-simples-proteger-capital-solaire-enfants\/"},"wordCount":234,"inLanguage":"fr-FR"},{"@type":"WebPage","@id":"https:\/\/www.vendee1.eu\/vendee\/gestes-simples-proteger-capital-solaire-enfants\/","url":"https:\/\/www.vendee1.eu\/vendee\/gestes-simples-proteger-capital-solaire-enfants\/","name":"Les gestes simples pour prot\u00e9ger le capital solaire des enfants - Sorties en Vend\u00e9e, Tourisme","isPartOf":{"@id":"https:\/\/www.vendee1.eu\/vendee\/#website"},"datePublished":"2017-03-13T18:26:56+00:00","author":{"@id":"https:\/\/www.vendee1.eu\/vendee\/#\/schema\/person\/63e22c035c30bbdf6ae725e3b531afdc"},"breadcrumb":{"@id":"https:\/\/www.vendee1.eu\/vendee\/gestes-simples-proteger-capital-solaire-enfants\/#breadcrumb"},"inLanguage":"fr-FR","potentialAction":[{"@type":"ReadAction","target":["https:\/\/www.vendee1.eu\/vendee\/gestes-simples-proteger-capital-solaire-enfants\/"]}]},{"@type":"BreadcrumbList","@id":"https:\/\/www.vendee1.eu\/vendee\/gestes-simples-proteger-capital-solaire-enfants\/#breadcrumb","itemListElement":[{"@type":"ListItem","position":1,"name":"Accueil","item":"https:\/\/www.vendee1.eu\/vendee\/"},{"@type":"ListItem","position":2,"name":"Les gestes simples pour prot\u00e9ger le capital solaire des enfants"}]},{"@type":"WebSite","@id":"https:\/\/www.vendee1.eu\/vendee\/#website","url":"https:\/\/www.vendee1.eu\/vendee\/","name":"Sorties en Vend\u00e9e, Tourisme","description":"Vend\u00e9e1, les id\u00e9es Sorties en Vend\u00e9e Tourisme","potentialAction":[{"@type":"SearchAction","target":{"@type":"EntryPoint","urlTemplate":"https:\/\/www.vendee1.eu\/vendee\/?s={search_term_string}"},"query-input":{"@type":"PropertyValueSpecification","valueRequired":true,"valueName":"search_term_string"}}],"inLanguage":"fr-FR"},{"@type":"Person","@id":"https:\/\/www.vendee1.eu\/vendee\/#\/schema\/person\/63e22c035c30bbdf6ae725e3b531afdc","name":"Sorties Vend\u00e9e","image":{"@type":"ImageObject","inLanguage":"fr-FR","@id":"https:\/\/secure.gravatar.com\/avatar\/61d1de7f953f29bb3f5b6457b62fb4b66f834c865f75a7d8ec767d557a808e20?s=96&d=mm&r=g","url":"https:\/\/secure.gravatar.com\/avatar\/61d1de7f953f29bb3f5b6457b62fb4b66f834c865f75a7d8ec767d557a808e20?s=96&d=mm&r=g","contentUrl":"https:\/\/secure.gravatar.com\/avatar\/61d1de7f953f29bb3f5b6457b62fb4b66f834c865f75a7d8ec767d557a808e20?s=96&d=mm&r=g","caption":"Sorties Vend\u00e9e"}},false]}},"_links":{"self":[{"href":"https:\/\/www.vendee1.eu\/vendee\/wp-json\/wp\/v2\/posts\/418","targetHints":{"allow":["GET"]}}],"collection":[{"href":"https:\/\/www.vendee1.eu\/vendee\/wp-json\/wp\/v2\/posts"}],"about":[{"href":"https:\/\/www.vendee1.eu\/vendee\/wp-json\/wp\/v2\/types\/post"}],"author":[{"embeddable":true,"href":"https:\/\/www.vendee1.eu\/vendee\/wp-json\/wp\/v2\/users\/1"}],"replies":[{"embeddable":true,"href":"https:\/\/www.vendee1.eu\/vendee\/wp-json\/wp\/v2\/comments?post=418"}],"version-history":[{"count":1,"href":"https:\/\/www.vendee1.eu\/vendee\/wp-json\/wp\/v2\/posts\/418\/revisions"}],"predecessor-version":[{"id":419,"href":"https:\/\/www.vendee1.eu\/vendee\/wp-json\/wp\/v2\/posts\/418\/revisions\/419"}],"wp:attachment":[{"href":"https:\/\/www.vendee1.eu\/vendee\/wp-json\/wp\/v2\/media?parent=418"}],"wp:term":[{"taxonomy":"category","embeddable":true,"href":"https:\/\/www.vendee1.eu\/vendee\/wp-json\/wp\/v2\/categories?post=418"},{"taxonomy":"post_tag","embeddable":true,"href":"https:\/\/www.vendee1.eu\/vendee\/wp-json\/wp\/v2\/tags?post=418"}],"curies":[{"name":"wp","href":"https:\/\/api.w.org\/{rel}","templated":true}]}}