{"id":39,"date":"2017-03-07T08:18:42","date_gmt":"2017-03-07T07:18:42","guid":{"rendered":"http:\/\/www.vendee1.eu\/vendee\/?p=39"},"modified":"2019-07-11T18:49:45","modified_gmt":"2019-07-11T16:49:45","slug":"le-pesan-bouge-felix-moreau","status":"publish","type":"post","link":"https:\/\/www.vendee1.eu\/vendee\/le-pesan-bouge-felix-moreau\/","title":{"rendered":"Le p\u00e9san bouge &#8211; F\u00e9lix Moreau"},"content":{"rendered":"<div id=\"vende-4124027153\" class=\"vende-ads-avant-contenu vende-entity-placement\"><div id=\"attachment_3409\" style=\"width: 810px\" class=\"wp-caption alignnone\"><a href=\"https:\/\/www.mediawakeup.fr\/nous-contacter-184-rue-joseph-gaillard-zone-dactivites-nord-et-gare-85600-montaigu-vendee-agence-crea-web-print\/\" target=\"_blank\" rel=\"Cr\u00e9ation logo Vend\u00e9e Montaigu site internet noopener\"><img loading=\"lazy\" decoding=\"async\" aria-describedby=\"caption-attachment-3409\" class=\"wp-image-3409 size-full\" title=\"Cr\u00e9ation logo Vend\u00e9e Montaigu site internet\" src=\"https:\/\/www.vendee1.eu\/wp-content\/uploads\/2018\/03\/creation-site-internet-vendee-graphistes.jpg\" alt=\"Cr\u00e9ation logo Vend\u00e9e Montaigu site internet - Agence de communication web print en Vend\u00e9e \" width=\"800\" height=\"283\" \/><\/a><p id=\"caption-attachment-3409\" class=\"wp-caption-text\">Cr\u00e9ation logo Vend\u00e9e Montaigu site internet &#8211; Agence de communication web print en Vend\u00e9e<\/p><\/div>\n<p>&nbsp;<\/p>\n<\/div><h1>Po\u00e8me \u00ab\u00a0Le p\u00e9san Bouge\u00a0\u00bb<span style=\"font-size: small;\"><span style=\"font-size: x-small;\"><br \/>\n <\/span><\/span><\/h1>\n<div id=\"attachment_62\" style=\"width: 127px\" class=\"wp-caption alignnone\"><img loading=\"lazy\" decoding=\"async\" aria-describedby=\"caption-attachment-62\" class=\"wp-image-62 size-full\" src=\"http:\/\/www.vendee1.eu\/vendee\/wp-content\/uploads\/2017\/03\/felix_moreau.jpg\" alt=\"F\u00e9lix Moreau, Artiste Vend\u00e9en, Treize-Septiers\" width=\"117\" height=\"145\" \/><p id=\"caption-attachment-62\" class=\"wp-caption-text\">F\u00e9lix Moreau, Artiste Vend\u00e9en, Treize-Septiers<\/p><\/div>\n<p>Depuis longtemps \u00f4 l&rsquo;allait pus,<br \/>\n O pouvait s&rsquo;ment pus vendre les ufs<br \/>\n l&rsquo;\u00e9tiant chers quand \u00f4 l&rsquo;en a peurtout<br \/>\n B\u00e9 dame ! le valant pus ren du tout<br \/>\n Y avons ps qu&rsquo;\u00e0 teser mout&rsquo;go\u00fble<br \/>\n O-n&rsquo;\u00e0 qu&rsquo;avont f\u00e9 dos poulets<br \/>\n Le baissant tot comme les gorets<br \/>\n Les p\u00e9sans ont chang\u00e9 d&rsquo;mani\u00e8re<br \/>\n L&rsquo;avons dit au gouvernement<br \/>\n qu&rsquo;l&rsquo;alliant s&rsquo;facher avant longtemps<br \/>\n Et qu&rsquo;t\u00f4t l&rsquo;monde \u00e9tet en col\u00e8re.<\/p>\n<p>Et l&rsquo;deux Octobre \u00e0 Parthenay<br \/>\n Les Pouet&rsquo;vins et les charentais<br \/>\n Dos p\u00e9sans d&rsquo;la piaine et do bocage<br \/>\n L&rsquo;avant pris vou\u00e9tures et tracturs<br \/>\n Autobus et v\u00e9lomoturs<br \/>\n Et quitt\u00e9s teurtous leurs villages<br \/>\n L&rsquo;\u00e9tiant dic-mille \u00e0 St Hermine<br \/>\n Avec dos pancartes sur l&rsquo;\u00e9chine<br \/>\n Disant : Faut virer la Cresson<br \/>\n O cr\u00e8ve de faim en pienne moisson<br \/>\n Edith&#8230; Finie la rigolade<br \/>\n Et-temps d&rsquo;arr\u00eater tes salades<\/p>\n<p>Y&rsquo;avet dos gars qui causiant ben<br \/>\n Marcel Chiron, pis Guste Robin<br \/>\n Le disiant teurous le m\u00eame chouse<br \/>\n Occupez-vous dos viroux d&rsquo;bouses<br \/>\n Vous nous peurnez peur dos couillons<br \/>\n Faut augmenter les subventions<br \/>\n A bas Edith&#8230; criait Pilard<br \/>\n Un gars qu&rsquo;est b\u00e9 pus fin qu&rsquo;un r&rsquo;nard<br \/>\n Vu qu&rsquo;l&rsquo;avet f\u00e9 les grandes \u00e9coles<br \/>\n Y avons raison d&rsquo;avou\u00e8re raison<br \/>\n Parc qu&rsquo;\u00f4 l&rsquo;est nous qu&rsquo;avons raison<br \/>\n Enfin vouel\u00e0 une bounne parole<\/p>\n<p><img loading=\"lazy\" decoding=\"async\" class=\"alignnone size-medium wp-image-177\" src=\"http:\/\/www.vendee1.eu\/vendee\/wp-content\/uploads\/2017\/03\/attelage-boeufs-autrefois-300x208.jpg\" alt=\"attelage boeufs vend\u00e9e\" width=\"300\" height=\"208\" srcset=\"https:\/\/www.vendee1.eu\/vendee\/wp-content\/uploads\/2017\/03\/attelage-boeufs-autrefois-300x208.jpg 300w, https:\/\/www.vendee1.eu\/vendee\/wp-content\/uploads\/2017\/03\/attelage-boeufs-autrefois.jpg 500w\" sizes=\"auto, (max-width: 300px) 100vw, 300px\" \/><\/p>\n<p>A la Roche et dans l&rsquo;Maine et Loire<br \/>\n Dame \u00f4 l&rsquo;\u00e9tet ine autre histoire<br \/>\n Les gendarmes faisiant pou\u00e9 d&rsquo;\u00e9pates<br \/>\n Les ufs pourris et les patates<br \/>\n L&rsquo;en balanciant un p&rsquo;tit partout<br \/>\n Devant, darr\u00e8re \u00e0 tous les bouts<br \/>\n Per boucher la go\u00fble au Pr\u00e9fet<br \/>\n Le l&rsquo;y ont dounn\u00e9 un p&rsquo;tit goret<br \/>\n Pouss\u00e9 peur dessus la muraille<br \/>\n La Pr\u00e9f\u00e8te a dit : tout va ben !<br \/>\n B\u00e9&#8230; o va nous faire dos boudins<br \/>\n Et y&rsquo;allons manger d&rsquo;la goraille.<\/p>\n<p>Est-chez nous que l&rsquo;sont l&rsquo;moins meuchants<br \/>\n L&rsquo;avons tap\u00e9 su l&rsquo;gouvernement<br \/>\n Mais seul&rsquo;ment avec dos paroles<br \/>\n De leurs emmerdements agricoles<br \/>\n En gueulan, l&rsquo;avant d\u00e9fil\u00e9<br \/>\n D&rsquo;la gare \u00e0 la piace do march\u00e9<br \/>\n Pis l&rsquo;on dit &#8230; : Faut s&rsquo;rincer la gorge<br \/>\n Et pis barrer la route de Sain-Georges<br \/>\n Tos les gars se vont mis \u00e0 trinquer<br \/>\n Avec dos verres de muscadet<br \/>\n Dret d&rsquo;vant un fourgon d&rsquo;la police<br \/>\n Mais \u00f4 mouillait comme vache qui pisse<\/p>\n<p>Y raconte tcheu en rigolant<br \/>\n Mais tot l&rsquo;monde en dit pouet autant<br \/>\n Surtout les j\u00e8nes qui v&rsquo;lant la piace<br \/>\n L&rsquo;parlant d&rsquo;pays sous-d\u00e9v&rsquo;lopp\u00e9s<br \/>\n L&rsquo;s&rsquo;en avant d\u00e9j\u00e0 occup\u00e9s<br \/>\n Y pourrions p&rsquo;etre ben prendr&rsquo;la piace<br \/>\n Parc&rsquo;qu&rsquo;\u00f4 l&rsquo;est teuryon d&rsquo;meime chez nous<br \/>\n Y-a longtemps qu&rsquo;y pr\u00e9tons dos sous<br \/>\n A tch\u00e9s-l\u00e0 qu&rsquo;en avont pas besoin<br \/>\n Mais faudra pas s&rsquo;\u00e9tounner si \u00f4 vint<br \/>\n Dans nout cinqui\u00e8me R\u00e9publique<br \/>\n Que les p\u00e9sans peurniant dos triques<\/p>\n<p><strong style=\"color: #b23204;\">F\u00e9lix Moreau &#8211; 1985 &#8211; Treize-Septiers (85600)<br \/>\n <\/strong><\/p>\n<p>&nbsp;<\/p>\n<div class=\"mceItemVisualAid mceItemLayer\" style=\"position: absolute; left: 251px; top: 70px; width: 100px; height: 100px;\">\u00a0<\/div>\n<div style='text-align:left' class='yasr-auto-insert-visitor'><!--Yasr Visitor Votes Shortcode--><div id='yasr_visitor_votes_be45df1296114' class='yasr-visitor-votes'><div class=\"yasr-custom-text-vv-before yasr-custom-text-vv-before-39\">Avis visiteurs :<\/div><div id='yasr-vv-second-row-container-be45df1296114'\r\n                                        class='yasr-vv-second-row-container'><div id='yasr-visitor-votes-rater-be45df1296114'\r\n                                      class='yasr-rater-stars-vv'\r\n                                      data-rater-postid='39'\r\n                                      data-rating='4.3'\r\n                                      data-rater-starsize='16'\r\n                                      data-rater-readonly='false'\r\n                                      data-rater-nonce='aefc8ee853'\r\n                                      data-issingular='false'\r\n                                    ><\/div><div class=\"yasr-vv-stats-text-container\" id=\"yasr-vv-stats-text-container-be45df1296114\"><svg xmlns=\"https:\/\/www.w3.org\/2000\/svg\" width=\"20\" height=\"20\"\r\n                                   class=\"yasr-dashicons-visitor-stats\"\r\n                                   data-postid=\"39\"\r\n                                   id=\"yasr-stats-dashicon-be45df1296114\">\r\n                                   <path d=\"M18 18v-16h-4v16h4zM12 18v-11h-4v11h4zM6 18v-8h-4v8h4z\"><\/path>\r\n                               <\/svg><span id=\"yasr-vv-text-container-be45df1296114\" class=\"yasr-vv-text-container\">[Nbre : <span id=\"yasr-vv-votes-number-container-be45df1296114\">3<\/span>  Moyenne : <span id=\"yasr-vv-average-container-be45df1296114\">4.3<\/span>]<\/span><\/div><div id='yasr-vv-loader-be45df1296114' class='yasr-vv-container-loader'><\/div><\/div><div id='yasr-vv-bottom-container-be45df1296114' class='yasr-vv-bottom-container'><\/div><\/div><!--End Yasr Visitor Votes Shortcode--><\/div><div id=\"vende-3926706485\" class=\"vende-ads-apres-contenu vende-entity-placement\" style=\"margin-top: 10px;margin-bottom: 10px;margin-left: 10px;\"><p><a href=\"https:\/\/hellostickers.fr\" rel=\"stickers autocollants decoratifs personnalis\u00e9s regionaux\"><img loading=\"lazy\" decoding=\"async\" class=\"alignnone wp-image-2282 \" title=\"stickers autocollants decoratifs personnalis\u00e9s regionaux\" src=\"https:\/\/www.vendee1.eu\/vendee\/wp-content\/uploads\/2017\/05\/stickers_autocollants_decoratifs_regionaux-e1552677291609.png\" alt=\"stickers autocollants decoratifs personnalis\u00e9s regionaux\" width=\"654\" height=\"121\" \/><\/a><\/p>\n<\/div>","protected":false},"excerpt":{"rendered":"<p>Po\u00e8me \u00ab\u00a0Le p\u00e9san Bouge\u00a0\u00bb Depuis longtemps \u00f4 l&rsquo;allait pus, O pouvait s&rsquo;ment pus vendre les ufs l&rsquo;\u00e9tiant chers quand \u00f4 l&rsquo;en a peurtout B\u00e9 dame ! le valant pus ren du tout Y avons&#46;&#46;&#46;<\/p>\n","protected":false},"author":1,"featured_media":177,"comment_status":"closed","ping_status":"closed","sticky":false,"template":"","format":"standard","meta":{"yasr_overall_rating":0,"yasr_post_is_review":"","yasr_auto_insert_disabled":"","yasr_review_type":"","footnotes":""},"categories":[45,46],"tags":[24,25,26,27],"class_list":["post-39","post","type-post","status-publish","format-standard","has-post-thumbnail","hentry","category-artistes-vendeens","category-patois-vendeen","tag-ecrivains-vendeens","tag-patois-vendeen","tag-poemes","tag-treize-septiers"],"yasr_visitor_votes":{"stars_attributes":{"read_only":false,"span_bottom":false},"number_of_votes":3,"sum_votes":13},"yoast_head":"<!-- This site is optimized with the Yoast SEO plugin v27.5 - https:\/\/yoast.com\/product\/yoast-seo-wordpress\/ -->\n<title>Le p\u00e9san bouge - F\u00e9lix Moreau - Sorties en Vend\u00e9e, Tourisme<\/title>\n<meta name=\"robots\" content=\"index, follow, max-snippet:-1, max-image-preview:large, max-video-preview:-1\" \/>\n<link rel=\"canonical\" href=\"https:\/\/www.vendee1.eu\/vendee\/le-pesan-bouge-felix-moreau\/\" \/>\n<meta property=\"og:locale\" content=\"fr_FR\" \/>\n<meta property=\"og:type\" content=\"article\" \/>\n<meta property=\"og:title\" content=\"Le p\u00e9san bouge - F\u00e9lix Moreau - Sorties en Vend\u00e9e, Tourisme\" \/>\n<meta property=\"og:description\" content=\"Po\u00e8me \u00ab\u00a0Le p\u00e9san Bouge\u00a0\u00bb Depuis longtemps \u00f4 l&rsquo;allait pus, O pouvait s&rsquo;ment pus vendre les ufs l&rsquo;\u00e9tiant chers quand \u00f4 l&rsquo;en a peurtout B\u00e9 dame ! le valant pus ren du tout Y avons&#046;&#046;&#046;\" \/>\n<meta property=\"og:url\" content=\"https:\/\/www.vendee1.eu\/vendee\/le-pesan-bouge-felix-moreau\/\" \/>\n<meta property=\"og:site_name\" content=\"Sorties en Vend\u00e9e, Tourisme\" \/>\n<meta property=\"article:publisher\" content=\"https:\/\/www.facebook.com\/vendee.tourisme.7\/\" \/>\n<meta property=\"article:published_time\" content=\"2017-03-07T07:18:42+00:00\" \/>\n<meta property=\"article:modified_time\" content=\"2019-07-11T16:49:45+00:00\" \/>\n<meta property=\"og:image\" content=\"https:\/\/www.vendee1.eu\/vendee\/wp-content\/uploads\/2017\/03\/attelage-boeufs-autrefois.jpg\" \/>\n\t<meta property=\"og:image:width\" content=\"500\" \/>\n\t<meta property=\"og:image:height\" content=\"346\" \/>\n\t<meta property=\"og:image:type\" content=\"image\/jpeg\" \/>\n<meta name=\"author\" content=\"Sorties Vend\u00e9e\" \/>\n<meta name=\"twitter:card\" content=\"summary_large_image\" \/>\n<meta name=\"twitter:label1\" content=\"\u00c9crit par\" \/>\n\t<meta name=\"twitter:data1\" content=\"Sorties Vend\u00e9e\" \/>\n\t<meta name=\"twitter:label2\" content=\"Dur\u00e9e de lecture estim\u00e9e\" \/>\n\t<meta name=\"twitter:data2\" content=\"2 minutes\" \/>\n<script type=\"application\/ld+json\" class=\"yoast-schema-graph\">{\"@context\":\"https:\\\/\\\/schema.org\",\"@graph\":[{\"@type\":\"Article\",\"@id\":\"https:\\\/\\\/www.vendee1.eu\\\/vendee\\\/le-pesan-bouge-felix-moreau\\\/#article\",\"isPartOf\":{\"@id\":\"https:\\\/\\\/www.vendee1.eu\\\/vendee\\\/le-pesan-bouge-felix-moreau\\\/\"},\"author\":{\"name\":\"Sorties Vend\u00e9e\",\"@id\":\"https:\\\/\\\/www.vendee1.eu\\\/vendee\\\/#\\\/schema\\\/person\\\/63e22c035c30bbdf6ae725e3b531afdc\"},\"headline\":\"Le p\u00e9san bouge &#8211; F\u00e9lix Moreau\",\"datePublished\":\"2017-03-07T07:18:42+00:00\",\"dateModified\":\"2019-07-11T16:49:45+00:00\",\"mainEntityOfPage\":{\"@id\":\"https:\\\/\\\/www.vendee1.eu\\\/vendee\\\/le-pesan-bouge-felix-moreau\\\/\"},\"wordCount\":518,\"image\":{\"@id\":\"https:\\\/\\\/www.vendee1.eu\\\/vendee\\\/le-pesan-bouge-felix-moreau\\\/#primaryimage\"},\"thumbnailUrl\":\"https:\\\/\\\/www.vendee1.eu\\\/vendee\\\/wp-content\\\/uploads\\\/2017\\\/03\\\/attelage-boeufs-autrefois.jpg\",\"keywords\":[\"\u00e9crivains vend\u00e9ens\",\"patois vend\u00e9en\",\"po\u00e8mes\",\"Treize-Septiers\"],\"articleSection\":[\"Artistes vend\u00e9ens\",\"Patois vend\u00e9en\"],\"inLanguage\":\"fr-FR\"},{\"@type\":\"WebPage\",\"@id\":\"https:\\\/\\\/www.vendee1.eu\\\/vendee\\\/le-pesan-bouge-felix-moreau\\\/\",\"url\":\"https:\\\/\\\/www.vendee1.eu\\\/vendee\\\/le-pesan-bouge-felix-moreau\\\/\",\"name\":\"Le p\u00e9san bouge - F\u00e9lix Moreau - Sorties en Vend\u00e9e, Tourisme\",\"isPartOf\":{\"@id\":\"https:\\\/\\\/www.vendee1.eu\\\/vendee\\\/#website\"},\"primaryImageOfPage\":{\"@id\":\"https:\\\/\\\/www.vendee1.eu\\\/vendee\\\/le-pesan-bouge-felix-moreau\\\/#primaryimage\"},\"image\":{\"@id\":\"https:\\\/\\\/www.vendee1.eu\\\/vendee\\\/le-pesan-bouge-felix-moreau\\\/#primaryimage\"},\"thumbnailUrl\":\"https:\\\/\\\/www.vendee1.eu\\\/vendee\\\/wp-content\\\/uploads\\\/2017\\\/03\\\/attelage-boeufs-autrefois.jpg\",\"datePublished\":\"2017-03-07T07:18:42+00:00\",\"dateModified\":\"2019-07-11T16:49:45+00:00\",\"author\":{\"@id\":\"https:\\\/\\\/www.vendee1.eu\\\/vendee\\\/#\\\/schema\\\/person\\\/63e22c035c30bbdf6ae725e3b531afdc\"},\"breadcrumb\":{\"@id\":\"https:\\\/\\\/www.vendee1.eu\\\/vendee\\\/le-pesan-bouge-felix-moreau\\\/#breadcrumb\"},\"inLanguage\":\"fr-FR\",\"potentialAction\":[{\"@type\":\"ReadAction\",\"target\":[\"https:\\\/\\\/www.vendee1.eu\\\/vendee\\\/le-pesan-bouge-felix-moreau\\\/\"]}]},{\"@type\":\"ImageObject\",\"inLanguage\":\"fr-FR\",\"@id\":\"https:\\\/\\\/www.vendee1.eu\\\/vendee\\\/le-pesan-bouge-felix-moreau\\\/#primaryimage\",\"url\":\"https:\\\/\\\/www.vendee1.eu\\\/vendee\\\/wp-content\\\/uploads\\\/2017\\\/03\\\/attelage-boeufs-autrefois.jpg\",\"contentUrl\":\"https:\\\/\\\/www.vendee1.eu\\\/vendee\\\/wp-content\\\/uploads\\\/2017\\\/03\\\/attelage-boeufs-autrefois.jpg\",\"width\":500,\"height\":346,\"caption\":\"attelage boeufs vend\u00e9e\"},{\"@type\":\"BreadcrumbList\",\"@id\":\"https:\\\/\\\/www.vendee1.eu\\\/vendee\\\/le-pesan-bouge-felix-moreau\\\/#breadcrumb\",\"itemListElement\":[{\"@type\":\"ListItem\",\"position\":1,\"name\":\"Accueil\",\"item\":\"https:\\\/\\\/www.vendee1.eu\\\/vendee\\\/\"},{\"@type\":\"ListItem\",\"position\":2,\"name\":\"Le p\u00e9san bouge &#8211; F\u00e9lix Moreau\"}]},{\"@type\":\"WebSite\",\"@id\":\"https:\\\/\\\/www.vendee1.eu\\\/vendee\\\/#website\",\"url\":\"https:\\\/\\\/www.vendee1.eu\\\/vendee\\\/\",\"name\":\"Sorties en Vend\u00e9e, Tourisme\",\"description\":\"Vend\u00e9e1, les id\u00e9es Sorties en Vend\u00e9e Tourisme\",\"potentialAction\":[{\"@type\":\"SearchAction\",\"target\":{\"@type\":\"EntryPoint\",\"urlTemplate\":\"https:\\\/\\\/www.vendee1.eu\\\/vendee\\\/?s={search_term_string}\"},\"query-input\":{\"@type\":\"PropertyValueSpecification\",\"valueRequired\":true,\"valueName\":\"search_term_string\"}}],\"inLanguage\":\"fr-FR\"},{\"@type\":\"Person\",\"@id\":\"https:\\\/\\\/www.vendee1.eu\\\/vendee\\\/#\\\/schema\\\/person\\\/63e22c035c30bbdf6ae725e3b531afdc\",\"name\":\"Sorties Vend\u00e9e\",\"image\":{\"@type\":\"ImageObject\",\"inLanguage\":\"fr-FR\",\"@id\":\"https:\\\/\\\/secure.gravatar.com\\\/avatar\\\/61d1de7f953f29bb3f5b6457b62fb4b66f834c865f75a7d8ec767d557a808e20?s=96&d=mm&r=g\",\"url\":\"https:\\\/\\\/secure.gravatar.com\\\/avatar\\\/61d1de7f953f29bb3f5b6457b62fb4b66f834c865f75a7d8ec767d557a808e20?s=96&d=mm&r=g\",\"contentUrl\":\"https:\\\/\\\/secure.gravatar.com\\\/avatar\\\/61d1de7f953f29bb3f5b6457b62fb4b66f834c865f75a7d8ec767d557a808e20?s=96&d=mm&r=g\",\"caption\":\"Sorties Vend\u00e9e\"}},{\"@context\":\"https:\\\/\\\/schema.org\\\/\",\"@type\":\"Product\",\"name\":\"Le p\u00e9san bouge - F\u00e9lix Moreau\",\"description\":\"\",\"image\":{\"@type\":\"ImageObject\",\"url\":\"https:\\\/\\\/www.vendee1.eu\\\/vendee\\\/wp-content\\\/uploads\\\/2017\\\/03\\\/attelage-boeufs-autrefois.jpg\",\"width\":500,\"height\":346},\"aggregateRating\":{\"@type\":\"AggregateRating\",\"ratingValue\":4.3,\"ratingCount\":3,\"bestRating\":5,\"worstRating\":1},\"brand\":{\"@type\":\"Brand\",\"name\":\"\"},\"sku\":\"\",\"\":\"\"}]}<\/script>\n<!-- \/ Yoast SEO plugin. -->","yoast_head_json":{"title":"Le p\u00e9san bouge - F\u00e9lix Moreau - Sorties en Vend\u00e9e, Tourisme","robots":{"index":"index","follow":"follow","max-snippet":"max-snippet:-1","max-image-preview":"max-image-preview:large","max-video-preview":"max-video-preview:-1"},"canonical":"https:\/\/www.vendee1.eu\/vendee\/le-pesan-bouge-felix-moreau\/","og_locale":"fr_FR","og_type":"article","og_title":"Le p\u00e9san bouge - F\u00e9lix Moreau - Sorties en Vend\u00e9e, Tourisme","og_description":"Po\u00e8me \u00ab\u00a0Le p\u00e9san Bouge\u00a0\u00bb Depuis longtemps \u00f4 l&rsquo;allait pus, O pouvait s&rsquo;ment pus vendre les ufs l&rsquo;\u00e9tiant chers quand \u00f4 l&rsquo;en a peurtout B\u00e9 dame ! le valant pus ren du tout Y avons&#46;&#46;&#46;","og_url":"https:\/\/www.vendee1.eu\/vendee\/le-pesan-bouge-felix-moreau\/","og_site_name":"Sorties en Vend\u00e9e, Tourisme","article_publisher":"https:\/\/www.facebook.com\/vendee.tourisme.7\/","article_published_time":"2017-03-07T07:18:42+00:00","article_modified_time":"2019-07-11T16:49:45+00:00","og_image":[{"width":500,"height":346,"url":"https:\/\/www.vendee1.eu\/vendee\/wp-content\/uploads\/2017\/03\/attelage-boeufs-autrefois.jpg","type":"image\/jpeg"}],"author":"Sorties Vend\u00e9e","twitter_card":"summary_large_image","twitter_misc":{"\u00c9crit par":"Sorties Vend\u00e9e","Dur\u00e9e de lecture estim\u00e9e":"2 minutes"},"schema":{"@context":"https:\/\/schema.org","@graph":[{"@type":"Article","@id":"https:\/\/www.vendee1.eu\/vendee\/le-pesan-bouge-felix-moreau\/#article","isPartOf":{"@id":"https:\/\/www.vendee1.eu\/vendee\/le-pesan-bouge-felix-moreau\/"},"author":{"name":"Sorties Vend\u00e9e","@id":"https:\/\/www.vendee1.eu\/vendee\/#\/schema\/person\/63e22c035c30bbdf6ae725e3b531afdc"},"headline":"Le p\u00e9san bouge &#8211; F\u00e9lix Moreau","datePublished":"2017-03-07T07:18:42+00:00","dateModified":"2019-07-11T16:49:45+00:00","mainEntityOfPage":{"@id":"https:\/\/www.vendee1.eu\/vendee\/le-pesan-bouge-felix-moreau\/"},"wordCount":518,"image":{"@id":"https:\/\/www.vendee1.eu\/vendee\/le-pesan-bouge-felix-moreau\/#primaryimage"},"thumbnailUrl":"https:\/\/www.vendee1.eu\/vendee\/wp-content\/uploads\/2017\/03\/attelage-boeufs-autrefois.jpg","keywords":["\u00e9crivains vend\u00e9ens","patois vend\u00e9en","po\u00e8mes","Treize-Septiers"],"articleSection":["Artistes vend\u00e9ens","Patois vend\u00e9en"],"inLanguage":"fr-FR"},{"@type":"WebPage","@id":"https:\/\/www.vendee1.eu\/vendee\/le-pesan-bouge-felix-moreau\/","url":"https:\/\/www.vendee1.eu\/vendee\/le-pesan-bouge-felix-moreau\/","name":"Le p\u00e9san bouge - F\u00e9lix Moreau - Sorties en Vend\u00e9e, Tourisme","isPartOf":{"@id":"https:\/\/www.vendee1.eu\/vendee\/#website"},"primaryImageOfPage":{"@id":"https:\/\/www.vendee1.eu\/vendee\/le-pesan-bouge-felix-moreau\/#primaryimage"},"image":{"@id":"https:\/\/www.vendee1.eu\/vendee\/le-pesan-bouge-felix-moreau\/#primaryimage"},"thumbnailUrl":"https:\/\/www.vendee1.eu\/vendee\/wp-content\/uploads\/2017\/03\/attelage-boeufs-autrefois.jpg","datePublished":"2017-03-07T07:18:42+00:00","dateModified":"2019-07-11T16:49:45+00:00","author":{"@id":"https:\/\/www.vendee1.eu\/vendee\/#\/schema\/person\/63e22c035c30bbdf6ae725e3b531afdc"},"breadcrumb":{"@id":"https:\/\/www.vendee1.eu\/vendee\/le-pesan-bouge-felix-moreau\/#breadcrumb"},"inLanguage":"fr-FR","potentialAction":[{"@type":"ReadAction","target":["https:\/\/www.vendee1.eu\/vendee\/le-pesan-bouge-felix-moreau\/"]}]},{"@type":"ImageObject","inLanguage":"fr-FR","@id":"https:\/\/www.vendee1.eu\/vendee\/le-pesan-bouge-felix-moreau\/#primaryimage","url":"https:\/\/www.vendee1.eu\/vendee\/wp-content\/uploads\/2017\/03\/attelage-boeufs-autrefois.jpg","contentUrl":"https:\/\/www.vendee1.eu\/vendee\/wp-content\/uploads\/2017\/03\/attelage-boeufs-autrefois.jpg","width":500,"height":346,"caption":"attelage boeufs vend\u00e9e"},{"@type":"BreadcrumbList","@id":"https:\/\/www.vendee1.eu\/vendee\/le-pesan-bouge-felix-moreau\/#breadcrumb","itemListElement":[{"@type":"ListItem","position":1,"name":"Accueil","item":"https:\/\/www.vendee1.eu\/vendee\/"},{"@type":"ListItem","position":2,"name":"Le p\u00e9san bouge &#8211; F\u00e9lix Moreau"}]},{"@type":"WebSite","@id":"https:\/\/www.vendee1.eu\/vendee\/#website","url":"https:\/\/www.vendee1.eu\/vendee\/","name":"Sorties en Vend\u00e9e, Tourisme","description":"Vend\u00e9e1, les id\u00e9es Sorties en Vend\u00e9e Tourisme","potentialAction":[{"@type":"SearchAction","target":{"@type":"EntryPoint","urlTemplate":"https:\/\/www.vendee1.eu\/vendee\/?s={search_term_string}"},"query-input":{"@type":"PropertyValueSpecification","valueRequired":true,"valueName":"search_term_string"}}],"inLanguage":"fr-FR"},{"@type":"Person","@id":"https:\/\/www.vendee1.eu\/vendee\/#\/schema\/person\/63e22c035c30bbdf6ae725e3b531afdc","name":"Sorties Vend\u00e9e","image":{"@type":"ImageObject","inLanguage":"fr-FR","@id":"https:\/\/secure.gravatar.com\/avatar\/61d1de7f953f29bb3f5b6457b62fb4b66f834c865f75a7d8ec767d557a808e20?s=96&d=mm&r=g","url":"https:\/\/secure.gravatar.com\/avatar\/61d1de7f953f29bb3f5b6457b62fb4b66f834c865f75a7d8ec767d557a808e20?s=96&d=mm&r=g","contentUrl":"https:\/\/secure.gravatar.com\/avatar\/61d1de7f953f29bb3f5b6457b62fb4b66f834c865f75a7d8ec767d557a808e20?s=96&d=mm&r=g","caption":"Sorties Vend\u00e9e"}},{"@context":"https:\/\/schema.org\/","@type":"Product","name":"Le p\u00e9san bouge - F\u00e9lix Moreau","description":"","image":{"@type":"ImageObject","url":"https:\/\/www.vendee1.eu\/vendee\/wp-content\/uploads\/2017\/03\/attelage-boeufs-autrefois.jpg","width":500,"height":346},"aggregateRating":{"@type":"AggregateRating","ratingValue":4.3,"ratingCount":3,"bestRating":5,"worstRating":1},"brand":{"@type":"Brand","name":""},"sku":"","":""}]}},"_links":{"self":[{"href":"https:\/\/www.vendee1.eu\/vendee\/wp-json\/wp\/v2\/posts\/39","targetHints":{"allow":["GET"]}}],"collection":[{"href":"https:\/\/www.vendee1.eu\/vendee\/wp-json\/wp\/v2\/posts"}],"about":[{"href":"https:\/\/www.vendee1.eu\/vendee\/wp-json\/wp\/v2\/types\/post"}],"author":[{"embeddable":true,"href":"https:\/\/www.vendee1.eu\/vendee\/wp-json\/wp\/v2\/users\/1"}],"replies":[{"embeddable":true,"href":"https:\/\/www.vendee1.eu\/vendee\/wp-json\/wp\/v2\/comments?post=39"}],"version-history":[{"count":4,"href":"https:\/\/www.vendee1.eu\/vendee\/wp-json\/wp\/v2\/posts\/39\/revisions"}],"predecessor-version":[{"id":1625,"href":"https:\/\/www.vendee1.eu\/vendee\/wp-json\/wp\/v2\/posts\/39\/revisions\/1625"}],"wp:featuredmedia":[{"embeddable":true,"href":"https:\/\/www.vendee1.eu\/vendee\/wp-json\/wp\/v2\/media\/177"}],"wp:attachment":[{"href":"https:\/\/www.vendee1.eu\/vendee\/wp-json\/wp\/v2\/media?parent=39"}],"wp:term":[{"taxonomy":"category","embeddable":true,"href":"https:\/\/www.vendee1.eu\/vendee\/wp-json\/wp\/v2\/categories?post=39"},{"taxonomy":"post_tag","embeddable":true,"href":"https:\/\/www.vendee1.eu\/vendee\/wp-json\/wp\/v2\/tags?post=39"}],"curies":[{"name":"wp","href":"https:\/\/api.w.org\/{rel}","templated":true}]}}