{"id":328,"date":"2017-03-10T14:47:51","date_gmt":"2017-03-10T13:47:51","guid":{"rendered":"http:\/\/www.vendee1.eu\/vendee\/?p=328"},"modified":"2017-04-22T18:56:27","modified_gmt":"2017-04-22T16:56:27","slug":"jours-de-marche-vendee","status":"publish","type":"post","link":"https:\/\/www.vendee1.eu\/vendee\/jours-de-marche-vendee\/","title":{"rendered":"Jours de March\u00e9 en Vend\u00e9e"},"content":{"rendered":"<div id=\"vende-1507484508\" class=\"vende-ads-avant-contenu vende-entity-placement\"><div id=\"attachment_3409\" style=\"width: 810px\" class=\"wp-caption alignnone\"><a href=\"https:\/\/www.mediawakeup.fr\/nous-contacter-184-rue-joseph-gaillard-zone-dactivites-nord-et-gare-85600-montaigu-vendee-agence-crea-web-print\/\" target=\"_blank\" rel=\"Cr\u00e9ation logo Vend\u00e9e Montaigu site internet noopener\"><img loading=\"lazy\" decoding=\"async\" aria-describedby=\"caption-attachment-3409\" class=\"wp-image-3409 size-full\" title=\"Cr\u00e9ation logo Vend\u00e9e Montaigu site internet\" src=\"https:\/\/www.vendee1.eu\/wp-content\/uploads\/2018\/03\/creation-site-internet-vendee-graphistes.jpg\" alt=\"Cr\u00e9ation logo Vend\u00e9e Montaigu site internet - Agence de communication web print en Vend\u00e9e \" width=\"800\" height=\"283\" \/><\/a><p id=\"caption-attachment-3409\" class=\"wp-caption-text\">Cr\u00e9ation logo Vend\u00e9e Montaigu site internet &#8211; Agence de communication web print en Vend\u00e9e<\/p><\/div>\n<p>&nbsp;<\/p>\n<\/div><p><img decoding=\"async\" class=\"size-full wp-image-186\" src=\"http:\/\/www.vendee1.eu\/vendee\/wp-content\/uploads\/2017\/03\/marches-en-vendee.jpg\" alt=\"March\u00e9s en Vend\u00e9e\" width=\"100%\" height=\"\" srcset=\"https:\/\/www.vendee1.eu\/vendee\/wp-content\/uploads\/2017\/03\/marches-en-vendee.jpg 480w, https:\/\/www.vendee1.eu\/vendee\/wp-content\/uploads\/2017\/03\/marches-en-vendee-300x80.jpg 300w\" sizes=\"(max-width: 480px) 100vw, 480px\" \/> March\u00e9s en Vend\u00e9e<\/p>\n<h1>March\u00e9s le lundi en Vend\u00e9e<\/h1>\n<p>Benet &#8211; lundi matin<br \/>\n Le Ch\u00e2teau d\u2019Olonne \u2013 Place des Acacias<br \/>\n L\u2019Herbaudi\u00e8re \u2013 Le Port<br \/>\n L\u2019Ile d\u2019Yeu \u2013 Port Joinville et St Sauveur<br \/>\n L\u2019Ile d\u2019Olonne \u2013 Place de l\u2019\u00c9glise<br \/>\n Jard sur Mer \u2013 Place des Ormeaux<br \/>\n Longeville sur Mer<br \/>\n Les Sables d\u2019Olonne \u2013 Les Halles Centrales<br \/>\n Les Sables d\u2019Olonne \u2013 March\u00e9 couvert Arago<br \/>\n Olonne sur Mer \u2013 Toute l&rsquo;ann\u00e9e de 9h \u00e0 13h &#8211; Centre-ville, autour de l&rsquo;\u00e9glise <br \/>\n Saint Hilaire de Riez \u2013 Aux Mouettes<br \/>\n Saint Jean de Monts \u2013 Place Jean Yole<br \/>\n Saint Jean de Monts \u2013 March\u00e9 couvert de la Plage<\/p>\n<h1>March\u00e9s le mardi en Vend\u00e9e<\/h1>\n<p>L\u2019Aiguillon sur Mer \u2013 Place de la Mairie<br \/>\n Brem sur Mer \u2013 Rue de l\u2019Oc\u00e9an<br \/>\n Br\u00e9tignolles sur Mer &#8211; Place de l&rsquo;Eglise<br \/>\n Challans \u2013 Les Halles<br \/>\n Chantonnay<br \/>\n Le Ch\u00e2teau d\u2019Olonne \u2013 Place des Acacias<br \/>\n L\u2019Ile d\u2019Yeu \u2013 Port Joinville et St Sauveur<br \/>\n Mortagne sur S\u00e8vre \u2013 Place Hulin<br \/>\n Moutiers les Mauxfaits<br \/>\n Nalliers<br \/>\n Noirmoutier en l\u2019Ile \u2013 Place de la R\u00e9publique<br \/>\n La Roche sur Yon \u2013 Les Halles<br \/>\n Les Sables d\u2019Olonne \u2013 Arago et son march\u00e9 couvert<br \/>\n Les Sables d\u2019Olonne \u2013 Les Halles Centrales<br \/>\n Saint Gilles Croix de Vie \u2013 Place du Vieux Port et Place de March\u00e9 aux Herbes<br \/>\n Saint Hilaire de Riez \u2013 Place Burgaud \u00e0 Sion<br \/>\n Saint Jean de Monts \u2013 Place Jean Yole<br \/>\n Saint Jean de Monts \u2013 March\u00e9 couvert de la Plage<br \/>\n La Tranche sur Mer \u2013 Place de la Libert\u00e9<\/p>\n<h1>March\u00e9s le mercredi en Vend\u00e9e<\/h1>\n<p>Angles \u2013 Place de l\u2019Eglise (juillet et ao\u00fbt)<br \/>\n Barb\u00e2tre \u2013 Place du March\u00e9<br \/>\n Jard sur Mer \u2013 March\u00e9 gourmand (alimentaire) &#8211; Rue pi\u00e9tonne (Juillet et ao\u00fbt)<br \/>\n Le Boup\u00e8re<br \/>\n Champagn\u00e9 les Marais \u2013 Place de la Mairie<br \/>\n Le Ch\u00e2teau d\u2019Olonne \u2013 Place des Acacias<br \/>\n Chavagnes en Paillers<br \/>\n Commequiers<br \/>\n Les Essarts<br \/>\n Foussais Payr\u00e9<br \/>\n La Gri\u00e8re \u2013 La Tranche sur Mer &#8211; Parking de la Gri\u00e8re<br \/>\n L\u2019Hermenault<br \/>\n L\u2019Ile d\u2019Yeu \u2013 Port Joinville et St Sauveur<br \/>\n Lu\u00e7on<br \/>\n Nieul le Dolent (sauf lendemain de foire)<br \/>\n Rocheservi\u00e8re \u2013 Place de la Mairie (2\u00e8me du mois)<br \/>\n La Roche sur Yon \u2013 Les Halles<br \/>\n La Roche sur Yon \u2013 La Garenne<br \/>\n La Roche sur Yon \u2013 Les Jaulni\u00e8res<br \/>\n Les Sables d\u2019Olonne \u2013 Cours Dupont<br \/>\n Les Sables d\u2019Olonne \u2013 Les Halles Centrales<br \/>\n Les Sables d\u2019Olonne \u2013 March\u00e9 couvert Arago<br \/>\n Saint Gilles Croix de Vie \u2013 Place Kergoustin<br \/>\n Saint Hilaire de Riez \u2013 Aux Mouettes<br \/>\n Saint Jean de Monts \u2013 Place Jean Yole<br \/>\n Saint Jean de Monts \u2013 March\u00e9 couvert de la Plage<\/p>\n<h1>March\u00e9s le jeudi en Vend\u00e9e<\/h1>\n<p>Beauvoir sur Mer<br \/>\n Br\u00e9tignolles sur Mer &#8211; Place de l&rsquo;Eglise<br \/>\n Chaill\u00e9 les Marais \u2013 Place de l\u2019Eglise<br \/>\n Le Champ Saint P\u00e8re<br \/>\n Chantonnay<br \/>\n Jard sur Mer \u2013 March\u00e9 nocturne (artisanal) &#8211; Port de Plaisance Juillet et ao\u00fbt<br \/>\n Le Ch\u00e2teau d\u2019Olonne \u2013 Place des Acacias<br \/>\n La Faute sur Mer \u2013 Place de la Mairie<br \/>\n La Tranche sur Mer &#8211; La Gri\u00e8re \u2013 Parking de la Gri\u00e8re<br \/>\n La Gu\u00e9rini\u00e8re \u2013 Place des Lauriers<br \/>\n Les Herbiers<br \/>\n L\u2019Ile d\u2019Yeu \u2013 Port Joinville et St Sauveur<br \/>\n Maillezais \u2013 le matin (2-3 commer\u00e7ants)<br \/>\n Mareuil sur Lay \u2013 Place des Halles<br \/>\n Le Poir\u00e9 sur Vie<br \/>\n Pouzauges \u2013 Les Halles<br \/>\n La Roche sur Yon \u2013 Les Halles<br \/>\n Les Sables d\u2019Olonne \u2013 Les Halles Centrales<br \/>\n Les Sables d\u2019Olonne \u2013 March\u00e9 couvert Arago<br \/>\n Saint Gilles Croix de Vie \u2013 Place du Vieux Port et Place de March\u00e9 aux Herbes<br \/>\n Saint Hilaire de Riez \u2013 Centre Ville<br \/>\n Saint Jean de Monts \u2013 Place Jean Yole<br \/>\n Saint Jean de Monts \u2013 March\u00e9 couvert de la Plage<br \/>\n Saint Jean de Monts \u2013 March\u00e9 des Demoiselles<br \/>\n Saint Michel en l\u2019Herm<br \/>\n Sainte Rad\u00e9gonde des Noyers \u2013 Place de la Mairie<\/p>\n<h1>March\u00e9s le vendredi en Vend\u00e9e<\/h1>\n<p>L\u2019Aiguillon sur Mer \u2013 Place de la Mairie<br \/>\n Bournezeau<br \/>\n Brem sur Mer \u2013 Rue de l\u2019Oc\u00e9an<br \/>\n Br\u00e9tignolles sur Mer<br \/>\n Challans \u2013 Les Halles<br \/>\n Le Ch\u00e2teau d\u2019Olonne \u2013 Place des Acacias<br \/>\n Clisson<br \/>\n Les Epesses<br \/>\n L\u2019Ile d\u2019Elle \u2013 Place du 8 Mai<br \/>\n L\u2019Ile d\u2019Yeu \u2013 Port Joinville et St Sauveur<br \/>\n Longeville sur Mer<br \/>\n Maillezais<br \/>\n La Mothe Achard (les 2,3 et 4\u00e8me du mois)<br \/>\n Mouchamps<br \/>\n Moutiers les Mauxfaits<br \/>\n Noirmoutier en l\u2019Ile \u2013 Place de la R\u00e9publique<br \/>\n La Roche sur Yon \u2013 Les Halles<br \/>\n Les Sables d\u2019Olonne \u2013 Arago et son march\u00e9 couvert<br \/>\n Les Sables d\u2019Olonne \u2013 Les Halles Centrales<br \/>\n Saint Florent des Bois<br \/>\n Saint Fulgent<br \/>\n Saint Hilaire de Riez \u2013 Place Burgaud \u00e0 Sion<br \/>\n Saint Hilaire des Loges \u2013 le matin<br \/>\n Saint Jean de Monts \u2013 Place Jean Yole<br \/>\n Saint Jean de Monts \u2013 March\u00e9 couvert de la Plage<br \/>\n Vix<\/p>\n<h1>March\u00e9s le samedi en Vend\u00e9e<\/h1>\n<p>La Barre de Monts \u2013 Fromentine<br \/>\n Bouin \u2013 Cour du Pavillon<br \/>\n Challans \u2013 Les Halles<br \/>\n Chantonnay<br \/>\n La Ch\u00e2taigneraie<br \/>\n Le Ch\u00e2teau d\u2019Olonne \u2013 Place des Acacias<br \/>\n Chavagnes en Paillers<br \/>\n Co\u00ebx<br \/>\n Commequiers<br \/>\n L\u2019Epine \u2013 Place de l\u2019Eglise<br \/>\n Les Essarts<br \/>\n Fontenay le Comte<br \/>\n Les Herbiers<br \/>\n L\u2019Ile d\u2019Yeu \u2013 Port Joinville et St Sauveur<br \/>\n Lu\u00e7on<br \/>\n Montaigu \u2013 Place du Pont Jarlet<br \/>\n La Tranche sur Mer \u2013 Place de la Libert\u00e9<br \/>\n Mouilleron en Pareds \u2013 Place de la R\u00e9publique<br \/>\n Nieul le Dolent<br \/>\n Le Poir\u00e9 sur Vie<br \/>\n Pouzauges \u2013 Les Halles<br \/>\n La Roche sur Yon \u2013 Les Halles<br \/>\n La Roche sur Yon \u2013 La Garenne<br \/>\n Les Sables d\u2019Olonne \u2013 Cours Dupont<br \/>\n Les Sables d\u2019Olonne \u2013 Les Halles Centrales<br \/>\n Les Sables d\u2019Olonne \u2013 March\u00e9 couvert Arago<br \/>\n Saint Gilles Croix de Vie \u2013 Place Kergoustin<br \/>\n Saint Hilaire de Riez \u2013 Aux Mouettes<br \/>\n Saint Jean de Monts \u2013 Place Jean Yole<br \/>\n Saint Jean de Monts \u2013 March\u00e9 couvert de la Plage<br \/>\n Talmont Saint Hilaire \u2013 Rue du Centre<br \/>\n La Tranche sur Mer \u2013 Place de la Libert\u00e9<\/p>\n<h1>March\u00e9s le dimanche en Vend\u00e9e<\/h1>\n<p>Aizenay\u2013 \u00ab\u00a0March\u00e9 du dimanche matin\u00a0\u00bb March\u00e9 alimentaire de 8h30 \u00e0 13h.<br \/>\n Angles \u2013 Place de l\u2019Eglise (juillet et ao\u00fbt)<br \/>\n Br\u00e9tignolles sur Mer<br \/>\n Le Ch\u00e2teau d\u2019Olonne \u2013 Place des Acacias<br \/>\n La Faute sur Mer \u2013 Place de la Mairie<br \/>\n L\u2019Ile d\u2019Yeu \u2013 Port Joinville et St Sauveur<br \/>\n Maill\u00e9<br \/>\n Noirmoutier en l\u2019Ile \u2013 Place de la R\u00e9publique<br \/>\n Notre Dame de Monts \u2013 Place du March\u00e9<br \/>\n La Roche sur Yon \u2013 Les Jaulni\u00e8res<br \/>\n Les Sables d\u2019Olonne \u2013 Arago et son march\u00e9 couvert<br \/>\n Les Sables d\u2019Olonne \u2013 Les Halles Centrales<br \/>\n Saint Gilles Croix de Vie \u2013 Place du Vieux Port et Place de March\u00e9 aux Herbes<br \/>\n Saint Hilaire de Riez \u2013 Centre Ville<br \/>\n Saint Jean de Monts \u2013 Place Jean Yole<br \/>\n Saint Jean de Monts \u2013 March\u00e9 couvert de la Plage<br \/>\n Saint Juire Champgillon<br \/>\n Saint Vincent sur Jard \u2013 Place de la Mairie (Juillet et Ao\u00fbt)<br \/>\n Soullans \u2013 Place Jean Yole<br \/>\n La Terri\u00e8re \u2013 Rue du Commerce (Juillet et Ao\u00fbt) <br \/>\n La Tranche sur Mer &#8211; La Terri\u00e8re \u2013 Place de l\u2019\u00c9glise<\/p>\n<p>&nbsp;<\/p>\n<div style='text-align:left' class='yasr-auto-insert-visitor'><!--Yasr Visitor Votes Shortcode--><div id='yasr_visitor_votes_980f297802796' class='yasr-visitor-votes'><div class=\"yasr-custom-text-vv-before yasr-custom-text-vv-before-328\">Avis visiteurs :<\/div><div id='yasr-vv-second-row-container-980f297802796'\r\n                                        class='yasr-vv-second-row-container'><div id='yasr-visitor-votes-rater-980f297802796'\r\n                                      class='yasr-rater-stars-vv'\r\n                                      data-rater-postid='328'\r\n                                      data-rating='5'\r\n                                      data-rater-starsize='16'\r\n                                      data-rater-readonly='false'\r\n                                      data-rater-nonce='d997243d22'\r\n                                      data-issingular='false'\r\n                                    ><\/div><div class=\"yasr-vv-stats-text-container\" id=\"yasr-vv-stats-text-container-980f297802796\"><svg xmlns=\"https:\/\/www.w3.org\/2000\/svg\" width=\"20\" height=\"20\"\r\n                                   class=\"yasr-dashicons-visitor-stats\"\r\n                                   data-postid=\"328\"\r\n                                   id=\"yasr-stats-dashicon-980f297802796\">\r\n                                   <path d=\"M18 18v-16h-4v16h4zM12 18v-11h-4v11h4zM6 18v-8h-4v8h4z\"><\/path>\r\n                               <\/svg><span id=\"yasr-vv-text-container-980f297802796\" class=\"yasr-vv-text-container\">[Nbre : <span id=\"yasr-vv-votes-number-container-980f297802796\">2<\/span>  Moyenne : <span id=\"yasr-vv-average-container-980f297802796\">5<\/span>]<\/span><\/div><div id='yasr-vv-loader-980f297802796' class='yasr-vv-container-loader'><\/div><\/div><div id='yasr-vv-bottom-container-980f297802796' class='yasr-vv-bottom-container'><\/div><\/div><!--End Yasr Visitor Votes Shortcode--><\/div><div id=\"vende-3317061602\" class=\"vende-ads-apres-contenu vende-entity-placement\" style=\"margin-top: 10px;margin-bottom: 10px;margin-left: 10px;\"><p><a href=\"https:\/\/hellostickers.fr\" rel=\"stickers autocollants decoratifs personnalis\u00e9s regionaux\"><img loading=\"lazy\" decoding=\"async\" class=\"alignnone wp-image-2282 \" title=\"stickers autocollants decoratifs personnalis\u00e9s regionaux\" src=\"https:\/\/www.vendee1.eu\/vendee\/wp-content\/uploads\/2017\/05\/stickers_autocollants_decoratifs_regionaux-e1552677291609.png\" alt=\"stickers autocollants decoratifs personnalis\u00e9s regionaux\" width=\"654\" height=\"121\" \/><\/a><\/p>\n<\/div>","protected":false},"excerpt":{"rendered":"<p>March\u00e9s en Vend\u00e9e March\u00e9s le lundi en Vend\u00e9e Benet &#8211; lundi matin Le Ch\u00e2teau d\u2019Olonne \u2013 Place des Acacias L\u2019Herbaudi\u00e8re \u2013 Le Port L\u2019Ile d\u2019Yeu \u2013 Port Joinville et St Sauveur L\u2019Ile d\u2019Olonne \u2013&#46;&#46;&#46;<\/p>\n","protected":false},"author":1,"featured_media":186,"comment_status":"closed","ping_status":"closed","sticky":false,"template":"","format":"standard","meta":{"yasr_overall_rating":0,"yasr_post_is_review":"","yasr_auto_insert_disabled":"","yasr_review_type":"","footnotes":""},"categories":[39,74],"tags":[72,73],"class_list":["post-328","post","type-post","status-publish","format-standard","has-post-thumbnail","hentry","category-balades-en-vendee","category-sorties-en-vendee","tag-marches-en-vendee","tag-sorties"],"yasr_visitor_votes":{"stars_attributes":{"read_only":false,"span_bottom":false},"number_of_votes":2,"sum_votes":10},"yoast_head":"<!-- This site is optimized with the Yoast SEO plugin v27.5 - https:\/\/yoast.com\/product\/yoast-seo-wordpress\/ -->\n<title>Jours de March\u00e9 en Vend\u00e9e - Sorties en Vend\u00e9e, Tourisme<\/title>\n<meta name=\"robots\" content=\"index, follow, max-snippet:-1, max-image-preview:large, max-video-preview:-1\" \/>\n<link rel=\"canonical\" href=\"https:\/\/www.vendee1.eu\/vendee\/jours-de-marche-vendee\/\" \/>\n<meta property=\"og:locale\" content=\"fr_FR\" \/>\n<meta property=\"og:type\" content=\"article\" \/>\n<meta property=\"og:title\" content=\"Jours de March\u00e9 en Vend\u00e9e - Sorties en Vend\u00e9e, Tourisme\" \/>\n<meta property=\"og:description\" content=\"March\u00e9s en Vend\u00e9e March\u00e9s le lundi en Vend\u00e9e Benet &#8211; lundi matin Le Ch\u00e2teau d\u2019Olonne \u2013 Place des Acacias L\u2019Herbaudi\u00e8re \u2013 Le Port L\u2019Ile d\u2019Yeu \u2013 Port Joinville et St Sauveur L\u2019Ile d\u2019Olonne \u2013&#046;&#046;&#046;\" \/>\n<meta property=\"og:url\" content=\"https:\/\/www.vendee1.eu\/vendee\/jours-de-marche-vendee\/\" \/>\n<meta property=\"og:site_name\" content=\"Sorties en Vend\u00e9e, Tourisme\" \/>\n<meta property=\"article:publisher\" content=\"https:\/\/www.facebook.com\/vendee.tourisme.7\/\" \/>\n<meta property=\"article:published_time\" content=\"2017-03-10T13:47:51+00:00\" \/>\n<meta property=\"article:modified_time\" content=\"2017-04-22T16:56:27+00:00\" \/>\n<meta property=\"og:image\" content=\"https:\/\/www.vendee1.eu\/vendee\/wp-content\/uploads\/2017\/03\/marches-en-vendee.jpg\" \/>\n\t<meta property=\"og:image:width\" content=\"480\" \/>\n\t<meta property=\"og:image:height\" content=\"128\" \/>\n\t<meta property=\"og:image:type\" content=\"image\/jpeg\" \/>\n<meta name=\"author\" content=\"Sorties Vend\u00e9e\" \/>\n<meta name=\"twitter:card\" content=\"summary_large_image\" \/>\n<meta name=\"twitter:label1\" content=\"\u00c9crit par\" \/>\n\t<meta name=\"twitter:data1\" content=\"Sorties Vend\u00e9e\" \/>\n\t<meta name=\"twitter:label2\" content=\"Dur\u00e9e de lecture estim\u00e9e\" \/>\n\t<meta name=\"twitter:data2\" content=\"5 minutes\" \/>\n<script type=\"application\/ld+json\" class=\"yoast-schema-graph\">{\"@context\":\"https:\\\/\\\/schema.org\",\"@graph\":[{\"@type\":\"Article\",\"@id\":\"https:\\\/\\\/www.vendee1.eu\\\/vendee\\\/jours-de-marche-vendee\\\/#article\",\"isPartOf\":{\"@id\":\"https:\\\/\\\/www.vendee1.eu\\\/vendee\\\/jours-de-marche-vendee\\\/\"},\"author\":{\"name\":\"Sorties Vend\u00e9e\",\"@id\":\"https:\\\/\\\/www.vendee1.eu\\\/vendee\\\/#\\\/schema\\\/person\\\/63e22c035c30bbdf6ae725e3b531afdc\"},\"headline\":\"Jours de March\u00e9 en Vend\u00e9e\",\"datePublished\":\"2017-03-10T13:47:51+00:00\",\"dateModified\":\"2017-04-22T16:56:27+00:00\",\"mainEntityOfPage\":{\"@id\":\"https:\\\/\\\/www.vendee1.eu\\\/vendee\\\/jours-de-marche-vendee\\\/\"},\"wordCount\":1096,\"image\":{\"@id\":\"https:\\\/\\\/www.vendee1.eu\\\/vendee\\\/jours-de-marche-vendee\\\/#primaryimage\"},\"thumbnailUrl\":\"https:\\\/\\\/www.vendee1.eu\\\/vendee\\\/wp-content\\\/uploads\\\/2017\\\/03\\\/marches-en-vendee.jpg\",\"keywords\":[\"march\u00e9s en vend\u00e9e\",\"sorties\"],\"articleSection\":[\"Balades en Vend\u00e9e\",\"Sorties en Vend\u00e9e\"],\"inLanguage\":\"fr-FR\"},{\"@type\":\"WebPage\",\"@id\":\"https:\\\/\\\/www.vendee1.eu\\\/vendee\\\/jours-de-marche-vendee\\\/\",\"url\":\"https:\\\/\\\/www.vendee1.eu\\\/vendee\\\/jours-de-marche-vendee\\\/\",\"name\":\"Jours de March\u00e9 en Vend\u00e9e - Sorties en Vend\u00e9e, Tourisme\",\"isPartOf\":{\"@id\":\"https:\\\/\\\/www.vendee1.eu\\\/vendee\\\/#website\"},\"primaryImageOfPage\":{\"@id\":\"https:\\\/\\\/www.vendee1.eu\\\/vendee\\\/jours-de-marche-vendee\\\/#primaryimage\"},\"image\":{\"@id\":\"https:\\\/\\\/www.vendee1.eu\\\/vendee\\\/jours-de-marche-vendee\\\/#primaryimage\"},\"thumbnailUrl\":\"https:\\\/\\\/www.vendee1.eu\\\/vendee\\\/wp-content\\\/uploads\\\/2017\\\/03\\\/marches-en-vendee.jpg\",\"datePublished\":\"2017-03-10T13:47:51+00:00\",\"dateModified\":\"2017-04-22T16:56:27+00:00\",\"author\":{\"@id\":\"https:\\\/\\\/www.vendee1.eu\\\/vendee\\\/#\\\/schema\\\/person\\\/63e22c035c30bbdf6ae725e3b531afdc\"},\"breadcrumb\":{\"@id\":\"https:\\\/\\\/www.vendee1.eu\\\/vendee\\\/jours-de-marche-vendee\\\/#breadcrumb\"},\"inLanguage\":\"fr-FR\",\"potentialAction\":[{\"@type\":\"ReadAction\",\"target\":[\"https:\\\/\\\/www.vendee1.eu\\\/vendee\\\/jours-de-marche-vendee\\\/\"]}]},{\"@type\":\"ImageObject\",\"inLanguage\":\"fr-FR\",\"@id\":\"https:\\\/\\\/www.vendee1.eu\\\/vendee\\\/jours-de-marche-vendee\\\/#primaryimage\",\"url\":\"https:\\\/\\\/www.vendee1.eu\\\/vendee\\\/wp-content\\\/uploads\\\/2017\\\/03\\\/marches-en-vendee.jpg\",\"contentUrl\":\"https:\\\/\\\/www.vendee1.eu\\\/vendee\\\/wp-content\\\/uploads\\\/2017\\\/03\\\/marches-en-vendee.jpg\",\"width\":480,\"height\":128,\"caption\":\"March\u00e9s en Vend\u00e9e\"},{\"@type\":\"BreadcrumbList\",\"@id\":\"https:\\\/\\\/www.vendee1.eu\\\/vendee\\\/jours-de-marche-vendee\\\/#breadcrumb\",\"itemListElement\":[{\"@type\":\"ListItem\",\"position\":1,\"name\":\"Accueil\",\"item\":\"https:\\\/\\\/www.vendee1.eu\\\/vendee\\\/\"},{\"@type\":\"ListItem\",\"position\":2,\"name\":\"Jours de March\u00e9 en Vend\u00e9e\"}]},{\"@type\":\"WebSite\",\"@id\":\"https:\\\/\\\/www.vendee1.eu\\\/vendee\\\/#website\",\"url\":\"https:\\\/\\\/www.vendee1.eu\\\/vendee\\\/\",\"name\":\"Sorties en Vend\u00e9e, Tourisme\",\"description\":\"Vend\u00e9e1, les id\u00e9es Sorties en Vend\u00e9e Tourisme\",\"potentialAction\":[{\"@type\":\"SearchAction\",\"target\":{\"@type\":\"EntryPoint\",\"urlTemplate\":\"https:\\\/\\\/www.vendee1.eu\\\/vendee\\\/?s={search_term_string}\"},\"query-input\":{\"@type\":\"PropertyValueSpecification\",\"valueRequired\":true,\"valueName\":\"search_term_string\"}}],\"inLanguage\":\"fr-FR\"},{\"@type\":\"Person\",\"@id\":\"https:\\\/\\\/www.vendee1.eu\\\/vendee\\\/#\\\/schema\\\/person\\\/63e22c035c30bbdf6ae725e3b531afdc\",\"name\":\"Sorties Vend\u00e9e\",\"image\":{\"@type\":\"ImageObject\",\"inLanguage\":\"fr-FR\",\"@id\":\"https:\\\/\\\/secure.gravatar.com\\\/avatar\\\/61d1de7f953f29bb3f5b6457b62fb4b66f834c865f75a7d8ec767d557a808e20?s=96&d=mm&r=g\",\"url\":\"https:\\\/\\\/secure.gravatar.com\\\/avatar\\\/61d1de7f953f29bb3f5b6457b62fb4b66f834c865f75a7d8ec767d557a808e20?s=96&d=mm&r=g\",\"contentUrl\":\"https:\\\/\\\/secure.gravatar.com\\\/avatar\\\/61d1de7f953f29bb3f5b6457b62fb4b66f834c865f75a7d8ec767d557a808e20?s=96&d=mm&r=g\",\"caption\":\"Sorties Vend\u00e9e\"}},{\"@context\":\"https:\\\/\\\/schema.org\\\/\",\"@type\":\"Product\",\"name\":\"Jours de March\u00e9 en Vend\u00e9e\",\"description\":\"\",\"image\":{\"@type\":\"ImageObject\",\"url\":\"https:\\\/\\\/www.vendee1.eu\\\/vendee\\\/wp-content\\\/uploads\\\/2017\\\/03\\\/marches-en-vendee.jpg\",\"width\":480,\"height\":128},\"aggregateRating\":{\"@type\":\"AggregateRating\",\"ratingValue\":5,\"ratingCount\":2,\"bestRating\":5,\"worstRating\":1},\"brand\":{\"@type\":\"Brand\",\"name\":\"\"},\"sku\":\"\",\"\":\"\"}]}<\/script>\n<!-- \/ Yoast SEO plugin. -->","yoast_head_json":{"title":"Jours de March\u00e9 en Vend\u00e9e - Sorties en Vend\u00e9e, Tourisme","robots":{"index":"index","follow":"follow","max-snippet":"max-snippet:-1","max-image-preview":"max-image-preview:large","max-video-preview":"max-video-preview:-1"},"canonical":"https:\/\/www.vendee1.eu\/vendee\/jours-de-marche-vendee\/","og_locale":"fr_FR","og_type":"article","og_title":"Jours de March\u00e9 en Vend\u00e9e - Sorties en Vend\u00e9e, Tourisme","og_description":"March\u00e9s en Vend\u00e9e March\u00e9s le lundi en Vend\u00e9e Benet &#8211; lundi matin Le Ch\u00e2teau d\u2019Olonne \u2013 Place des Acacias L\u2019Herbaudi\u00e8re \u2013 Le Port L\u2019Ile d\u2019Yeu \u2013 Port Joinville et St Sauveur L\u2019Ile d\u2019Olonne \u2013&#46;&#46;&#46;","og_url":"https:\/\/www.vendee1.eu\/vendee\/jours-de-marche-vendee\/","og_site_name":"Sorties en Vend\u00e9e, Tourisme","article_publisher":"https:\/\/www.facebook.com\/vendee.tourisme.7\/","article_published_time":"2017-03-10T13:47:51+00:00","article_modified_time":"2017-04-22T16:56:27+00:00","og_image":[{"width":480,"height":128,"url":"https:\/\/www.vendee1.eu\/vendee\/wp-content\/uploads\/2017\/03\/marches-en-vendee.jpg","type":"image\/jpeg"}],"author":"Sorties Vend\u00e9e","twitter_card":"summary_large_image","twitter_misc":{"\u00c9crit par":"Sorties Vend\u00e9e","Dur\u00e9e de lecture estim\u00e9e":"5 minutes"},"schema":{"@context":"https:\/\/schema.org","@graph":[{"@type":"Article","@id":"https:\/\/www.vendee1.eu\/vendee\/jours-de-marche-vendee\/#article","isPartOf":{"@id":"https:\/\/www.vendee1.eu\/vendee\/jours-de-marche-vendee\/"},"author":{"name":"Sorties Vend\u00e9e","@id":"https:\/\/www.vendee1.eu\/vendee\/#\/schema\/person\/63e22c035c30bbdf6ae725e3b531afdc"},"headline":"Jours de March\u00e9 en Vend\u00e9e","datePublished":"2017-03-10T13:47:51+00:00","dateModified":"2017-04-22T16:56:27+00:00","mainEntityOfPage":{"@id":"https:\/\/www.vendee1.eu\/vendee\/jours-de-marche-vendee\/"},"wordCount":1096,"image":{"@id":"https:\/\/www.vendee1.eu\/vendee\/jours-de-marche-vendee\/#primaryimage"},"thumbnailUrl":"https:\/\/www.vendee1.eu\/vendee\/wp-content\/uploads\/2017\/03\/marches-en-vendee.jpg","keywords":["march\u00e9s en vend\u00e9e","sorties"],"articleSection":["Balades en Vend\u00e9e","Sorties en Vend\u00e9e"],"inLanguage":"fr-FR"},{"@type":"WebPage","@id":"https:\/\/www.vendee1.eu\/vendee\/jours-de-marche-vendee\/","url":"https:\/\/www.vendee1.eu\/vendee\/jours-de-marche-vendee\/","name":"Jours de March\u00e9 en Vend\u00e9e - Sorties en Vend\u00e9e, Tourisme","isPartOf":{"@id":"https:\/\/www.vendee1.eu\/vendee\/#website"},"primaryImageOfPage":{"@id":"https:\/\/www.vendee1.eu\/vendee\/jours-de-marche-vendee\/#primaryimage"},"image":{"@id":"https:\/\/www.vendee1.eu\/vendee\/jours-de-marche-vendee\/#primaryimage"},"thumbnailUrl":"https:\/\/www.vendee1.eu\/vendee\/wp-content\/uploads\/2017\/03\/marches-en-vendee.jpg","datePublished":"2017-03-10T13:47:51+00:00","dateModified":"2017-04-22T16:56:27+00:00","author":{"@id":"https:\/\/www.vendee1.eu\/vendee\/#\/schema\/person\/63e22c035c30bbdf6ae725e3b531afdc"},"breadcrumb":{"@id":"https:\/\/www.vendee1.eu\/vendee\/jours-de-marche-vendee\/#breadcrumb"},"inLanguage":"fr-FR","potentialAction":[{"@type":"ReadAction","target":["https:\/\/www.vendee1.eu\/vendee\/jours-de-marche-vendee\/"]}]},{"@type":"ImageObject","inLanguage":"fr-FR","@id":"https:\/\/www.vendee1.eu\/vendee\/jours-de-marche-vendee\/#primaryimage","url":"https:\/\/www.vendee1.eu\/vendee\/wp-content\/uploads\/2017\/03\/marches-en-vendee.jpg","contentUrl":"https:\/\/www.vendee1.eu\/vendee\/wp-content\/uploads\/2017\/03\/marches-en-vendee.jpg","width":480,"height":128,"caption":"March\u00e9s en Vend\u00e9e"},{"@type":"BreadcrumbList","@id":"https:\/\/www.vendee1.eu\/vendee\/jours-de-marche-vendee\/#breadcrumb","itemListElement":[{"@type":"ListItem","position":1,"name":"Accueil","item":"https:\/\/www.vendee1.eu\/vendee\/"},{"@type":"ListItem","position":2,"name":"Jours de March\u00e9 en Vend\u00e9e"}]},{"@type":"WebSite","@id":"https:\/\/www.vendee1.eu\/vendee\/#website","url":"https:\/\/www.vendee1.eu\/vendee\/","name":"Sorties en Vend\u00e9e, Tourisme","description":"Vend\u00e9e1, les id\u00e9es Sorties en Vend\u00e9e Tourisme","potentialAction":[{"@type":"SearchAction","target":{"@type":"EntryPoint","urlTemplate":"https:\/\/www.vendee1.eu\/vendee\/?s={search_term_string}"},"query-input":{"@type":"PropertyValueSpecification","valueRequired":true,"valueName":"search_term_string"}}],"inLanguage":"fr-FR"},{"@type":"Person","@id":"https:\/\/www.vendee1.eu\/vendee\/#\/schema\/person\/63e22c035c30bbdf6ae725e3b531afdc","name":"Sorties Vend\u00e9e","image":{"@type":"ImageObject","inLanguage":"fr-FR","@id":"https:\/\/secure.gravatar.com\/avatar\/61d1de7f953f29bb3f5b6457b62fb4b66f834c865f75a7d8ec767d557a808e20?s=96&d=mm&r=g","url":"https:\/\/secure.gravatar.com\/avatar\/61d1de7f953f29bb3f5b6457b62fb4b66f834c865f75a7d8ec767d557a808e20?s=96&d=mm&r=g","contentUrl":"https:\/\/secure.gravatar.com\/avatar\/61d1de7f953f29bb3f5b6457b62fb4b66f834c865f75a7d8ec767d557a808e20?s=96&d=mm&r=g","caption":"Sorties Vend\u00e9e"}},{"@context":"https:\/\/schema.org\/","@type":"Product","name":"Jours de March\u00e9 en Vend\u00e9e","description":"","image":{"@type":"ImageObject","url":"https:\/\/www.vendee1.eu\/vendee\/wp-content\/uploads\/2017\/03\/marches-en-vendee.jpg","width":480,"height":128},"aggregateRating":{"@type":"AggregateRating","ratingValue":5,"ratingCount":2,"bestRating":5,"worstRating":1},"brand":{"@type":"Brand","name":""},"sku":"","":""}]}},"_links":{"self":[{"href":"https:\/\/www.vendee1.eu\/vendee\/wp-json\/wp\/v2\/posts\/328","targetHints":{"allow":["GET"]}}],"collection":[{"href":"https:\/\/www.vendee1.eu\/vendee\/wp-json\/wp\/v2\/posts"}],"about":[{"href":"https:\/\/www.vendee1.eu\/vendee\/wp-json\/wp\/v2\/types\/post"}],"author":[{"embeddable":true,"href":"https:\/\/www.vendee1.eu\/vendee\/wp-json\/wp\/v2\/users\/1"}],"replies":[{"embeddable":true,"href":"https:\/\/www.vendee1.eu\/vendee\/wp-json\/wp\/v2\/comments?post=328"}],"version-history":[{"count":4,"href":"https:\/\/www.vendee1.eu\/vendee\/wp-json\/wp\/v2\/posts\/328\/revisions"}],"predecessor-version":[{"id":1827,"href":"https:\/\/www.vendee1.eu\/vendee\/wp-json\/wp\/v2\/posts\/328\/revisions\/1827"}],"wp:featuredmedia":[{"embeddable":true,"href":"https:\/\/www.vendee1.eu\/vendee\/wp-json\/wp\/v2\/media\/186"}],"wp:attachment":[{"href":"https:\/\/www.vendee1.eu\/vendee\/wp-json\/wp\/v2\/media?parent=328"}],"wp:term":[{"taxonomy":"category","embeddable":true,"href":"https:\/\/www.vendee1.eu\/vendee\/wp-json\/wp\/v2\/categories?post=328"},{"taxonomy":"post_tag","embeddable":true,"href":"https:\/\/www.vendee1.eu\/vendee\/wp-json\/wp\/v2\/tags?post=328"}],"curies":[{"name":"wp","href":"https:\/\/api.w.org\/{rel}","templated":true}]}}