{"id":1859,"date":"2017-04-26T11:17:01","date_gmt":"2017-04-26T09:17:01","guid":{"rendered":"http:\/\/www.vendee1.eu\/vendee\/?p=1859"},"modified":"2019-07-11T18:45:15","modified_gmt":"2019-07-11T16:45:15","slug":"barrage-de-bultiere-circuit-pedestre","status":"publish","type":"post","link":"https:\/\/www.vendee1.eu\/vendee\/barrage-de-bultiere-circuit-pedestre\/","title":{"rendered":"Barrage de la Bulti\u00e8re circuit p\u00e9destre"},"content":{"rendered":"<div id=\"vende-2013616496\" class=\"vende-ads-avant-contenu vende-entity-placement\"><div id=\"attachment_3409\" style=\"width: 810px\" class=\"wp-caption alignnone\"><a href=\"https:\/\/www.mediawakeup.fr\/nous-contacter-184-rue-joseph-gaillard-zone-dactivites-nord-et-gare-85600-montaigu-vendee-agence-crea-web-print\/\" target=\"_blank\" rel=\"Cr\u00e9ation logo Vend\u00e9e Montaigu site internet noopener\"><img loading=\"lazy\" decoding=\"async\" aria-describedby=\"caption-attachment-3409\" class=\"wp-image-3409 size-full\" title=\"Cr\u00e9ation logo Vend\u00e9e Montaigu site internet\" src=\"https:\/\/www.vendee1.eu\/wp-content\/uploads\/2018\/03\/creation-site-internet-vendee-graphistes.jpg\" alt=\"Cr\u00e9ation logo Vend\u00e9e Montaigu site internet - Agence de communication web print en Vend\u00e9e \" width=\"800\" height=\"283\" \/><\/a><p id=\"caption-attachment-3409\" class=\"wp-caption-text\">Cr\u00e9ation logo Vend\u00e9e Montaigu site internet &#8211; Agence de communication web print en Vend\u00e9e<\/p><\/div>\n<p>&nbsp;<\/p>\n<\/div><div id=\"attachment_1864\" style=\"width: 1006px\" class=\"wp-caption alignnone\"><img loading=\"lazy\" decoding=\"async\" aria-describedby=\"caption-attachment-1864\" class=\"size-full wp-image-1864\" src=\"http:\/\/www.vendee1.eu\/vendee\/wp-content\/uploads\/2017\/04\/barrage-lac-bultiere.jpg\" alt=\"Barrage Lac de la Bulti\u00e8re\" width=\"996\" height=\"573\" srcset=\"https:\/\/www.vendee1.eu\/vendee\/wp-content\/uploads\/2017\/04\/barrage-lac-bultiere.jpg 996w, https:\/\/www.vendee1.eu\/vendee\/wp-content\/uploads\/2017\/04\/barrage-lac-bultiere-191x110.jpg 191w, https:\/\/www.vendee1.eu\/vendee\/wp-content\/uploads\/2017\/04\/barrage-lac-bultiere-300x173.jpg 300w, https:\/\/www.vendee1.eu\/vendee\/wp-content\/uploads\/2017\/04\/barrage-lac-bultiere-768x442.jpg 768w\" sizes=\"auto, (max-width: 996px) 100vw, 996px\" \/><p id=\"caption-attachment-1864\" class=\"wp-caption-text\">Barrage Lac de la Bulti\u00e8re<\/p><\/div>\n<p style=\"text-align: justify;\"><strong>Un sentier p\u00e9destre<\/strong> de 13 km permet de faire le tour complet du <strong>lac<\/strong>.\u00a0Le plan d&rsquo;eau\u00a0est principalement destin\u00e9 \u00e0 assurer l&rsquo;autonomie en eau potable des communes de <strong>Montaigu<\/strong>, <strong>Saint-Fulgent<\/strong> et <strong>les Herbiers<\/strong>.\u00a0Le tour du lac s&rsquo;effectue tranquillement en 3 ou 4h, avec un parcours totalement naturel, hormis environ 150m sur route pour traverser la rivi\u00e8re. Paysage magnifique assur\u00e9 tout le long de la balade.<\/p>\n<p style=\"text-align: justify;\">La mise en eau de la vall\u00e9e a cr\u00e9\u00e9 un plan d&rsquo;eau de 72ha d&rsquo;une longueur de 4.5km sur les rives de la Grande Maine. La remont\u00e9e des eaux dans de nombreux petits vallons a dessin\u00e9 les contours sinueux du lac lui conf\u00e9rant une forte identit\u00e9. La diversit\u00e9 des paysages agr\u00e9mente les berges du plan d&rsquo;eau. Un sentier p\u00e9destre de 12km, accessible aux VTT, contourne le lac de la Bulti\u00e8re entre boisements, prairies et landes.<\/p>\n<p style=\"text-align: justify;\">Un circuit \u00e9questre fl\u00e9ch\u00e9, de 8km commence au parking de la Fortcuy\u00e8re et se prolonge sur les deux rives entre le pont de Preuilly et le barrafe de la Bulti\u00e8re. La r\u00e9alisation de six aires de stationnement situ\u00e9es \u00e0 la Fort\u00e9cuy\u00e8re, la Maurosi\u00e8re, Preuilly, l&rsquo;Ortay, la petite Grassi\u00e8re et la T\u00e9bline et l&rsquo;am\u00e9nagement de sentiers sur les rives du lac ont ouvert de nouveaux circuits aux randonneurs dans des secteurs jusqu&rsquo;ici peu accessibles. Le barrage-pont de Preuilly assure un niveau d&rsquo;\u00e9tiage en queur du plan d&rsquo;eau et marque la limite entre deux ambiances de paysages. En amont du pont, le lac est \u00e9troit, encaiss\u00e9, bord\u00e9 de rives rocheuses, pentues, envahies par les landes. En aval, cot\u00e9 usine, le paysage appara\u00eet vaste et d\u00e9nud\u00e9. Les p\u00eacheurs appr\u00e9cient particuli\u00e8rement les eaux du lac en amont du pont o\u00f9 brochets, gardons et anguilles abondent. Un parcours pour la p\u00eache \u00e0 la carpe de nuit est ouvert toute l&rsquo;ann\u00e9e.<\/p>\n<p style=\"text-align: justify;\">Ouvertes toute l&rsquo;ann\u00e9e, les rives de la Boissi\u00e8re de Montaigu vous invitent \u00e0 parcourir le lac de la Bulti\u00e8re \u00e0 travers la diversit\u00e9 de ses ambiances paysag\u00e8res qui se d\u00e9couvre au fil de la promenade.<\/p>\n<p style=\"text-align: justify;\">Le barrage de la Bulti\u00e8re, r\u00e9alis\u00e9 de 1992 \u00e0 1995, a permis de constituer une retenue d&rsquo;eau de 5.200.000 m3 qui alimente en eau potable les commues environnantes. Le Syndicat Mixte du Bassin des Maines Vend\u00e9ennes est charg\u00e9 sur d\u00e9l\u00e9gation des communes riveraines, la Boissi\u00e8re de Montaigu, Baoges-en-Paillers et Saint Fulgent, d&rsquo;assurer l&rsquo;entretien du site en collaboration avec le Conseil G\u00e9n\u00e9ral de la Vend\u00e9e, propri\u00e9taire de 97 ha autour du lac (p\u00e9rim\u00e8tre de protection). Le barrage est g\u00e9r\u00e9 par le Sundicat Intercommunal d&rsquo;Alimentation en eau potable des Vals de S\u00e8vre. Cet ouvrage de grande envergure offre d\u00e9sormais une promenade autour du lac de la Bulti\u00e8re dans un cadre arbor\u00e9 et verdoyant.<\/p>\n<p style=\"text-align: justify;\">Sur<strong> la Grande Maine<\/strong>, le <strong>barrage de la Bulti\u00e8re<\/strong> forme un plan d&rsquo;eau de 72 hectares autour duquel de r\u00e9centes fouilles arch\u00e9ologiques ont mis au jour les empreintes d&rsquo;une occupation pr\u00e9historique qui n&rsquo;a pas encore r\u00e9v\u00e9l\u00e9 tous ses secrets.<\/p>\n<p><iframe loading=\"lazy\" style=\"border: 0;\" src=\"https:\/\/www.google.com\/maps\/embed?pb=!1m18!1m12!1m3!1d4243.582290746961!2d-1.2110910628461098!3d46.91727431422157!2m3!1f0!2f0!3f0!3m2!1i1024!2i768!4f13.1!3m3!1m2!1s0x480679602a075565%3A0x9573602ef9fed51f!2sBarrage+de+la+Bulti%C3%A8re%2C+85250+Chavagnes-en-Paillers!5e0!3m2!1sfr!2sfr!4v1493199188284\" width=\"100%\" height=\"450\" frameborder=\"0\" allowfullscreen=\"allowfullscreen\"><\/iframe><\/p>\n<div style='text-align:left' class='yasr-auto-insert-visitor'><!--Yasr Visitor Votes Shortcode--><div id='yasr_visitor_votes_456c97efeb62e' class='yasr-visitor-votes'><div class=\"yasr-custom-text-vv-before yasr-custom-text-vv-before-1859\">Avis visiteurs :<\/div><div id='yasr-vv-second-row-container-456c97efeb62e'\r\n                                        class='yasr-vv-second-row-container'><div id='yasr-visitor-votes-rater-456c97efeb62e'\r\n                                      class='yasr-rater-stars-vv'\r\n                                      data-rater-postid='1859'\r\n                                      data-rating='3.6'\r\n                                      data-rater-starsize='16'\r\n                                      data-rater-readonly='false'\r\n                                      data-rater-nonce='d997243d22'\r\n                                      data-issingular='false'\r\n                                    ><\/div><div class=\"yasr-vv-stats-text-container\" id=\"yasr-vv-stats-text-container-456c97efeb62e\"><svg xmlns=\"https:\/\/www.w3.org\/2000\/svg\" width=\"20\" height=\"20\"\r\n                                   class=\"yasr-dashicons-visitor-stats\"\r\n                                   data-postid=\"1859\"\r\n                                   id=\"yasr-stats-dashicon-456c97efeb62e\">\r\n                                   <path d=\"M18 18v-16h-4v16h4zM12 18v-11h-4v11h4zM6 18v-8h-4v8h4z\"><\/path>\r\n                               <\/svg><span id=\"yasr-vv-text-container-456c97efeb62e\" class=\"yasr-vv-text-container\">[Nbre : <span id=\"yasr-vv-votes-number-container-456c97efeb62e\">7<\/span>  Moyenne : <span id=\"yasr-vv-average-container-456c97efeb62e\">3.6<\/span>]<\/span><\/div><div id='yasr-vv-loader-456c97efeb62e' class='yasr-vv-container-loader'><\/div><\/div><div id='yasr-vv-bottom-container-456c97efeb62e' class='yasr-vv-bottom-container'><\/div><\/div><!--End Yasr Visitor Votes Shortcode--><\/div><div id=\"vende-803448126\" class=\"vende-ads-apres-contenu vende-entity-placement\" style=\"margin-top: 10px;margin-bottom: 10px;margin-left: 10px;\"><p><a href=\"https:\/\/hellostickers.fr\" rel=\"stickers autocollants decoratifs personnalis\u00e9s regionaux\"><img loading=\"lazy\" decoding=\"async\" class=\"alignnone wp-image-2282 \" title=\"stickers autocollants decoratifs personnalis\u00e9s regionaux\" src=\"https:\/\/www.vendee1.eu\/vendee\/wp-content\/uploads\/2017\/05\/stickers_autocollants_decoratifs_regionaux-e1552677291609.png\" alt=\"stickers autocollants decoratifs personnalis\u00e9s regionaux\" width=\"654\" height=\"121\" \/><\/a><\/p>\n<\/div>","protected":false},"excerpt":{"rendered":"<p>Un sentier p\u00e9destre de 13 km permet de faire le tour complet du lac.\u00a0Le plan d&rsquo;eau\u00a0est principalement destin\u00e9 \u00e0 assurer l&rsquo;autonomie en eau potable des communes de Montaigu, Saint-Fulgent et les Herbiers.\u00a0Le tour du&#46;&#46;&#46;<\/p>\n","protected":false},"author":1,"featured_media":1864,"comment_status":"closed","ping_status":"closed","sticky":false,"template":"","format":"standard","meta":{"yasr_overall_rating":0,"yasr_post_is_review":"","yasr_auto_insert_disabled":"","yasr_review_type":"","footnotes":""},"categories":[39],"tags":[37,116],"class_list":["post-1859","post","type-post","status-publish","format-standard","has-post-thumbnail","hentry","category-balades-en-vendee","tag-balades","tag-sentiers-pedestres"],"yasr_visitor_votes":{"stars_attributes":{"read_only":false,"span_bottom":false},"number_of_votes":7,"sum_votes":25},"yoast_head":"<!-- This site is optimized with the Yoast SEO plugin v27.5 - https:\/\/yoast.com\/product\/yoast-seo-wordpress\/ -->\n<title>Barrage de la Bulti\u00e8re circuit p\u00e9destre - Sorties en Vend\u00e9e, Tourisme<\/title>\n<meta name=\"robots\" content=\"index, follow, max-snippet:-1, max-image-preview:large, max-video-preview:-1\" \/>\n<link rel=\"canonical\" href=\"https:\/\/www.vendee1.eu\/vendee\/barrage-de-bultiere-circuit-pedestre\/\" \/>\n<meta property=\"og:locale\" content=\"fr_FR\" \/>\n<meta property=\"og:type\" content=\"article\" \/>\n<meta property=\"og:title\" content=\"Barrage de la Bulti\u00e8re circuit p\u00e9destre - Sorties en Vend\u00e9e, Tourisme\" \/>\n<meta property=\"og:description\" content=\"Un sentier p\u00e9destre de 13 km permet de faire le tour complet du lac.\u00a0Le plan d&rsquo;eau\u00a0est principalement destin\u00e9 \u00e0 assurer l&rsquo;autonomie en eau potable des communes de Montaigu, Saint-Fulgent et les Herbiers.\u00a0Le tour du&#046;&#046;&#046;\" \/>\n<meta property=\"og:url\" content=\"https:\/\/www.vendee1.eu\/vendee\/barrage-de-bultiere-circuit-pedestre\/\" \/>\n<meta property=\"og:site_name\" content=\"Sorties en Vend\u00e9e, Tourisme\" \/>\n<meta property=\"article:publisher\" content=\"https:\/\/www.facebook.com\/vendee.tourisme.7\/\" \/>\n<meta property=\"article:published_time\" content=\"2017-04-26T09:17:01+00:00\" \/>\n<meta property=\"article:modified_time\" content=\"2019-07-11T16:45:15+00:00\" \/>\n<meta property=\"og:image\" content=\"https:\/\/www.vendee1.eu\/vendee\/wp-content\/uploads\/2017\/04\/barrage-lac-bultiere.jpg\" \/>\n\t<meta property=\"og:image:width\" content=\"996\" \/>\n\t<meta property=\"og:image:height\" content=\"573\" \/>\n\t<meta property=\"og:image:type\" content=\"image\/jpeg\" \/>\n<meta name=\"author\" content=\"Sorties Vend\u00e9e\" \/>\n<meta name=\"twitter:card\" content=\"summary_large_image\" \/>\n<meta name=\"twitter:label1\" content=\"\u00c9crit par\" \/>\n\t<meta name=\"twitter:data1\" content=\"Sorties Vend\u00e9e\" \/>\n\t<meta name=\"twitter:label2\" content=\"Dur\u00e9e de lecture estim\u00e9e\" \/>\n\t<meta name=\"twitter:data2\" content=\"3 minutes\" \/>\n<script type=\"application\/ld+json\" class=\"yoast-schema-graph\">{\"@context\":\"https:\\\/\\\/schema.org\",\"@graph\":[{\"@type\":\"Article\",\"@id\":\"https:\\\/\\\/www.vendee1.eu\\\/vendee\\\/barrage-de-bultiere-circuit-pedestre\\\/#article\",\"isPartOf\":{\"@id\":\"https:\\\/\\\/www.vendee1.eu\\\/vendee\\\/barrage-de-bultiere-circuit-pedestre\\\/\"},\"author\":{\"name\":\"Sorties Vend\u00e9e\",\"@id\":\"https:\\\/\\\/www.vendee1.eu\\\/vendee\\\/#\\\/schema\\\/person\\\/63e22c035c30bbdf6ae725e3b531afdc\"},\"headline\":\"Barrage de la Bulti\u00e8re circuit p\u00e9destre\",\"datePublished\":\"2017-04-26T09:17:01+00:00\",\"dateModified\":\"2019-07-11T16:45:15+00:00\",\"mainEntityOfPage\":{\"@id\":\"https:\\\/\\\/www.vendee1.eu\\\/vendee\\\/barrage-de-bultiere-circuit-pedestre\\\/\"},\"wordCount\":563,\"image\":{\"@id\":\"https:\\\/\\\/www.vendee1.eu\\\/vendee\\\/barrage-de-bultiere-circuit-pedestre\\\/#primaryimage\"},\"thumbnailUrl\":\"https:\\\/\\\/www.vendee1.eu\\\/vendee\\\/wp-content\\\/uploads\\\/2017\\\/04\\\/barrage-lac-bultiere.jpg\",\"keywords\":[\"balades\",\"sentiers p\u00e9destres\"],\"articleSection\":[\"Balades en Vend\u00e9e\"],\"inLanguage\":\"fr-FR\"},{\"@type\":\"WebPage\",\"@id\":\"https:\\\/\\\/www.vendee1.eu\\\/vendee\\\/barrage-de-bultiere-circuit-pedestre\\\/\",\"url\":\"https:\\\/\\\/www.vendee1.eu\\\/vendee\\\/barrage-de-bultiere-circuit-pedestre\\\/\",\"name\":\"Barrage de la Bulti\u00e8re circuit p\u00e9destre - Sorties en Vend\u00e9e, Tourisme\",\"isPartOf\":{\"@id\":\"https:\\\/\\\/www.vendee1.eu\\\/vendee\\\/#website\"},\"primaryImageOfPage\":{\"@id\":\"https:\\\/\\\/www.vendee1.eu\\\/vendee\\\/barrage-de-bultiere-circuit-pedestre\\\/#primaryimage\"},\"image\":{\"@id\":\"https:\\\/\\\/www.vendee1.eu\\\/vendee\\\/barrage-de-bultiere-circuit-pedestre\\\/#primaryimage\"},\"thumbnailUrl\":\"https:\\\/\\\/www.vendee1.eu\\\/vendee\\\/wp-content\\\/uploads\\\/2017\\\/04\\\/barrage-lac-bultiere.jpg\",\"datePublished\":\"2017-04-26T09:17:01+00:00\",\"dateModified\":\"2019-07-11T16:45:15+00:00\",\"author\":{\"@id\":\"https:\\\/\\\/www.vendee1.eu\\\/vendee\\\/#\\\/schema\\\/person\\\/63e22c035c30bbdf6ae725e3b531afdc\"},\"breadcrumb\":{\"@id\":\"https:\\\/\\\/www.vendee1.eu\\\/vendee\\\/barrage-de-bultiere-circuit-pedestre\\\/#breadcrumb\"},\"inLanguage\":\"fr-FR\",\"potentialAction\":[{\"@type\":\"ReadAction\",\"target\":[\"https:\\\/\\\/www.vendee1.eu\\\/vendee\\\/barrage-de-bultiere-circuit-pedestre\\\/\"]}]},{\"@type\":\"ImageObject\",\"inLanguage\":\"fr-FR\",\"@id\":\"https:\\\/\\\/www.vendee1.eu\\\/vendee\\\/barrage-de-bultiere-circuit-pedestre\\\/#primaryimage\",\"url\":\"https:\\\/\\\/www.vendee1.eu\\\/vendee\\\/wp-content\\\/uploads\\\/2017\\\/04\\\/barrage-lac-bultiere.jpg\",\"contentUrl\":\"https:\\\/\\\/www.vendee1.eu\\\/vendee\\\/wp-content\\\/uploads\\\/2017\\\/04\\\/barrage-lac-bultiere.jpg\",\"width\":996,\"height\":573,\"caption\":\"Barrage Lac de la Bulti\u00e8re\"},{\"@type\":\"BreadcrumbList\",\"@id\":\"https:\\\/\\\/www.vendee1.eu\\\/vendee\\\/barrage-de-bultiere-circuit-pedestre\\\/#breadcrumb\",\"itemListElement\":[{\"@type\":\"ListItem\",\"position\":1,\"name\":\"Accueil\",\"item\":\"https:\\\/\\\/www.vendee1.eu\\\/vendee\\\/\"},{\"@type\":\"ListItem\",\"position\":2,\"name\":\"Barrage de la Bulti\u00e8re circuit p\u00e9destre\"}]},{\"@type\":\"WebSite\",\"@id\":\"https:\\\/\\\/www.vendee1.eu\\\/vendee\\\/#website\",\"url\":\"https:\\\/\\\/www.vendee1.eu\\\/vendee\\\/\",\"name\":\"Sorties en Vend\u00e9e, Tourisme\",\"description\":\"Vend\u00e9e1, les id\u00e9es Sorties en Vend\u00e9e Tourisme\",\"potentialAction\":[{\"@type\":\"SearchAction\",\"target\":{\"@type\":\"EntryPoint\",\"urlTemplate\":\"https:\\\/\\\/www.vendee1.eu\\\/vendee\\\/?s={search_term_string}\"},\"query-input\":{\"@type\":\"PropertyValueSpecification\",\"valueRequired\":true,\"valueName\":\"search_term_string\"}}],\"inLanguage\":\"fr-FR\"},{\"@type\":\"Person\",\"@id\":\"https:\\\/\\\/www.vendee1.eu\\\/vendee\\\/#\\\/schema\\\/person\\\/63e22c035c30bbdf6ae725e3b531afdc\",\"name\":\"Sorties Vend\u00e9e\",\"image\":{\"@type\":\"ImageObject\",\"inLanguage\":\"fr-FR\",\"@id\":\"https:\\\/\\\/secure.gravatar.com\\\/avatar\\\/61d1de7f953f29bb3f5b6457b62fb4b66f834c865f75a7d8ec767d557a808e20?s=96&d=mm&r=g\",\"url\":\"https:\\\/\\\/secure.gravatar.com\\\/avatar\\\/61d1de7f953f29bb3f5b6457b62fb4b66f834c865f75a7d8ec767d557a808e20?s=96&d=mm&r=g\",\"contentUrl\":\"https:\\\/\\\/secure.gravatar.com\\\/avatar\\\/61d1de7f953f29bb3f5b6457b62fb4b66f834c865f75a7d8ec767d557a808e20?s=96&d=mm&r=g\",\"caption\":\"Sorties Vend\u00e9e\"}},{\"@context\":\"https:\\\/\\\/schema.org\\\/\",\"@type\":\"Product\",\"name\":\"Barrage de la Bulti\u00e8re circuit p\u00e9destre\",\"description\":\"\",\"image\":{\"@type\":\"ImageObject\",\"url\":\"https:\\\/\\\/www.vendee1.eu\\\/vendee\\\/wp-content\\\/uploads\\\/2017\\\/04\\\/barrage-lac-bultiere.jpg\",\"width\":996,\"height\":573},\"aggregateRating\":{\"@type\":\"AggregateRating\",\"ratingValue\":3.6,\"ratingCount\":7,\"bestRating\":5,\"worstRating\":1},\"brand\":{\"@type\":\"Brand\",\"name\":\"\"},\"sku\":\"\",\"\":\"\"}]}<\/script>\n<!-- \/ Yoast SEO plugin. -->","yoast_head_json":{"title":"Barrage de la Bulti\u00e8re circuit p\u00e9destre - Sorties en Vend\u00e9e, Tourisme","robots":{"index":"index","follow":"follow","max-snippet":"max-snippet:-1","max-image-preview":"max-image-preview:large","max-video-preview":"max-video-preview:-1"},"canonical":"https:\/\/www.vendee1.eu\/vendee\/barrage-de-bultiere-circuit-pedestre\/","og_locale":"fr_FR","og_type":"article","og_title":"Barrage de la Bulti\u00e8re circuit p\u00e9destre - Sorties en Vend\u00e9e, Tourisme","og_description":"Un sentier p\u00e9destre de 13 km permet de faire le tour complet du lac.\u00a0Le plan d&rsquo;eau\u00a0est principalement destin\u00e9 \u00e0 assurer l&rsquo;autonomie en eau potable des communes de Montaigu, Saint-Fulgent et les Herbiers.\u00a0Le tour du&#46;&#46;&#46;","og_url":"https:\/\/www.vendee1.eu\/vendee\/barrage-de-bultiere-circuit-pedestre\/","og_site_name":"Sorties en Vend\u00e9e, Tourisme","article_publisher":"https:\/\/www.facebook.com\/vendee.tourisme.7\/","article_published_time":"2017-04-26T09:17:01+00:00","article_modified_time":"2019-07-11T16:45:15+00:00","og_image":[{"width":996,"height":573,"url":"https:\/\/www.vendee1.eu\/vendee\/wp-content\/uploads\/2017\/04\/barrage-lac-bultiere.jpg","type":"image\/jpeg"}],"author":"Sorties Vend\u00e9e","twitter_card":"summary_large_image","twitter_misc":{"\u00c9crit par":"Sorties Vend\u00e9e","Dur\u00e9e de lecture estim\u00e9e":"3 minutes"},"schema":{"@context":"https:\/\/schema.org","@graph":[{"@type":"Article","@id":"https:\/\/www.vendee1.eu\/vendee\/barrage-de-bultiere-circuit-pedestre\/#article","isPartOf":{"@id":"https:\/\/www.vendee1.eu\/vendee\/barrage-de-bultiere-circuit-pedestre\/"},"author":{"name":"Sorties Vend\u00e9e","@id":"https:\/\/www.vendee1.eu\/vendee\/#\/schema\/person\/63e22c035c30bbdf6ae725e3b531afdc"},"headline":"Barrage de la Bulti\u00e8re circuit p\u00e9destre","datePublished":"2017-04-26T09:17:01+00:00","dateModified":"2019-07-11T16:45:15+00:00","mainEntityOfPage":{"@id":"https:\/\/www.vendee1.eu\/vendee\/barrage-de-bultiere-circuit-pedestre\/"},"wordCount":563,"image":{"@id":"https:\/\/www.vendee1.eu\/vendee\/barrage-de-bultiere-circuit-pedestre\/#primaryimage"},"thumbnailUrl":"https:\/\/www.vendee1.eu\/vendee\/wp-content\/uploads\/2017\/04\/barrage-lac-bultiere.jpg","keywords":["balades","sentiers p\u00e9destres"],"articleSection":["Balades en Vend\u00e9e"],"inLanguage":"fr-FR"},{"@type":"WebPage","@id":"https:\/\/www.vendee1.eu\/vendee\/barrage-de-bultiere-circuit-pedestre\/","url":"https:\/\/www.vendee1.eu\/vendee\/barrage-de-bultiere-circuit-pedestre\/","name":"Barrage de la Bulti\u00e8re circuit p\u00e9destre - Sorties en Vend\u00e9e, Tourisme","isPartOf":{"@id":"https:\/\/www.vendee1.eu\/vendee\/#website"},"primaryImageOfPage":{"@id":"https:\/\/www.vendee1.eu\/vendee\/barrage-de-bultiere-circuit-pedestre\/#primaryimage"},"image":{"@id":"https:\/\/www.vendee1.eu\/vendee\/barrage-de-bultiere-circuit-pedestre\/#primaryimage"},"thumbnailUrl":"https:\/\/www.vendee1.eu\/vendee\/wp-content\/uploads\/2017\/04\/barrage-lac-bultiere.jpg","datePublished":"2017-04-26T09:17:01+00:00","dateModified":"2019-07-11T16:45:15+00:00","author":{"@id":"https:\/\/www.vendee1.eu\/vendee\/#\/schema\/person\/63e22c035c30bbdf6ae725e3b531afdc"},"breadcrumb":{"@id":"https:\/\/www.vendee1.eu\/vendee\/barrage-de-bultiere-circuit-pedestre\/#breadcrumb"},"inLanguage":"fr-FR","potentialAction":[{"@type":"ReadAction","target":["https:\/\/www.vendee1.eu\/vendee\/barrage-de-bultiere-circuit-pedestre\/"]}]},{"@type":"ImageObject","inLanguage":"fr-FR","@id":"https:\/\/www.vendee1.eu\/vendee\/barrage-de-bultiere-circuit-pedestre\/#primaryimage","url":"https:\/\/www.vendee1.eu\/vendee\/wp-content\/uploads\/2017\/04\/barrage-lac-bultiere.jpg","contentUrl":"https:\/\/www.vendee1.eu\/vendee\/wp-content\/uploads\/2017\/04\/barrage-lac-bultiere.jpg","width":996,"height":573,"caption":"Barrage Lac de la Bulti\u00e8re"},{"@type":"BreadcrumbList","@id":"https:\/\/www.vendee1.eu\/vendee\/barrage-de-bultiere-circuit-pedestre\/#breadcrumb","itemListElement":[{"@type":"ListItem","position":1,"name":"Accueil","item":"https:\/\/www.vendee1.eu\/vendee\/"},{"@type":"ListItem","position":2,"name":"Barrage de la Bulti\u00e8re circuit p\u00e9destre"}]},{"@type":"WebSite","@id":"https:\/\/www.vendee1.eu\/vendee\/#website","url":"https:\/\/www.vendee1.eu\/vendee\/","name":"Sorties en Vend\u00e9e, Tourisme","description":"Vend\u00e9e1, les id\u00e9es Sorties en Vend\u00e9e Tourisme","potentialAction":[{"@type":"SearchAction","target":{"@type":"EntryPoint","urlTemplate":"https:\/\/www.vendee1.eu\/vendee\/?s={search_term_string}"},"query-input":{"@type":"PropertyValueSpecification","valueRequired":true,"valueName":"search_term_string"}}],"inLanguage":"fr-FR"},{"@type":"Person","@id":"https:\/\/www.vendee1.eu\/vendee\/#\/schema\/person\/63e22c035c30bbdf6ae725e3b531afdc","name":"Sorties Vend\u00e9e","image":{"@type":"ImageObject","inLanguage":"fr-FR","@id":"https:\/\/secure.gravatar.com\/avatar\/61d1de7f953f29bb3f5b6457b62fb4b66f834c865f75a7d8ec767d557a808e20?s=96&d=mm&r=g","url":"https:\/\/secure.gravatar.com\/avatar\/61d1de7f953f29bb3f5b6457b62fb4b66f834c865f75a7d8ec767d557a808e20?s=96&d=mm&r=g","contentUrl":"https:\/\/secure.gravatar.com\/avatar\/61d1de7f953f29bb3f5b6457b62fb4b66f834c865f75a7d8ec767d557a808e20?s=96&d=mm&r=g","caption":"Sorties Vend\u00e9e"}},{"@context":"https:\/\/schema.org\/","@type":"Product","name":"Barrage de la Bulti\u00e8re circuit p\u00e9destre","description":"","image":{"@type":"ImageObject","url":"https:\/\/www.vendee1.eu\/vendee\/wp-content\/uploads\/2017\/04\/barrage-lac-bultiere.jpg","width":996,"height":573},"aggregateRating":{"@type":"AggregateRating","ratingValue":3.6,"ratingCount":7,"bestRating":5,"worstRating":1},"brand":{"@type":"Brand","name":""},"sku":"","":""}]}},"_links":{"self":[{"href":"https:\/\/www.vendee1.eu\/vendee\/wp-json\/wp\/v2\/posts\/1859","targetHints":{"allow":["GET"]}}],"collection":[{"href":"https:\/\/www.vendee1.eu\/vendee\/wp-json\/wp\/v2\/posts"}],"about":[{"href":"https:\/\/www.vendee1.eu\/vendee\/wp-json\/wp\/v2\/types\/post"}],"author":[{"embeddable":true,"href":"https:\/\/www.vendee1.eu\/vendee\/wp-json\/wp\/v2\/users\/1"}],"replies":[{"embeddable":true,"href":"https:\/\/www.vendee1.eu\/vendee\/wp-json\/wp\/v2\/comments?post=1859"}],"version-history":[{"count":5,"href":"https:\/\/www.vendee1.eu\/vendee\/wp-json\/wp\/v2\/posts\/1859\/revisions"}],"predecessor-version":[{"id":1870,"href":"https:\/\/www.vendee1.eu\/vendee\/wp-json\/wp\/v2\/posts\/1859\/revisions\/1870"}],"wp:featuredmedia":[{"embeddable":true,"href":"https:\/\/www.vendee1.eu\/vendee\/wp-json\/wp\/v2\/media\/1864"}],"wp:attachment":[{"href":"https:\/\/www.vendee1.eu\/vendee\/wp-json\/wp\/v2\/media?parent=1859"}],"wp:term":[{"taxonomy":"category","embeddable":true,"href":"https:\/\/www.vendee1.eu\/vendee\/wp-json\/wp\/v2\/categories?post=1859"},{"taxonomy":"post_tag","embeddable":true,"href":"https:\/\/www.vendee1.eu\/vendee\/wp-json\/wp\/v2\/tags?post=1859"}],"curies":[{"name":"wp","href":"https:\/\/api.w.org\/{rel}","templated":true}]}}