{"id":1230,"date":"2017-03-18T13:16:19","date_gmt":"2017-03-18T12:16:19","guid":{"rendered":"http:\/\/www.vendee1.eu\/vendee\/?p=1230"},"modified":"2017-04-28T11:57:37","modified_gmt":"2017-04-28T09:57:37","slug":"chateau-de-saint-mesmin","status":"publish","type":"post","link":"https:\/\/www.vendee1.eu\/vendee\/chateau-de-saint-mesmin\/","title":{"rendered":"Le ch\u00e2teau de Saint Mesmin"},"content":{"rendered":"<div id=\"vende-2021247217\" class=\"vende-ads-avant-contenu vende-entity-placement\"><div id=\"attachment_3409\" style=\"width: 810px\" class=\"wp-caption alignnone\"><a href=\"https:\/\/www.mediawakeup.fr\/nous-contacter-184-rue-joseph-gaillard-zone-dactivites-nord-et-gare-85600-montaigu-vendee-agence-crea-web-print\/\" target=\"_blank\" rel=\"Cr\u00e9ation logo Vend\u00e9e Montaigu site internet noopener\"><img loading=\"lazy\" decoding=\"async\" aria-describedby=\"caption-attachment-3409\" class=\"wp-image-3409 size-full\" title=\"Cr\u00e9ation logo Vend\u00e9e Montaigu site internet\" src=\"https:\/\/www.vendee1.eu\/wp-content\/uploads\/2018\/03\/creation-site-internet-vendee-graphistes.jpg\" alt=\"Cr\u00e9ation logo Vend\u00e9e Montaigu site internet - Agence de communication web print en Vend\u00e9e \" width=\"800\" height=\"283\" \/><\/a><p id=\"caption-attachment-3409\" class=\"wp-caption-text\">Cr\u00e9ation logo Vend\u00e9e Montaigu site internet &#8211; Agence de communication web print en Vend\u00e9e<\/p><\/div>\n<p>&nbsp;<\/p>\n<\/div><p><img decoding=\"async\" class=\"size-full wp-image-1883\" src=\"http:\/\/www.vendee1.eu\/vendee\/wp-content\/uploads\/2017\/03\/chateau_st_mesmin_2.jpg\" alt=\"Ch\u00e2teau de Saint Mesmin en Vend\u00e9e\" width=\"100%\" height=\"\" srcset=\"https:\/\/www.vendee1.eu\/vendee\/wp-content\/uploads\/2017\/03\/chateau_st_mesmin_2.jpg 500w, https:\/\/www.vendee1.eu\/vendee\/wp-content\/uploads\/2017\/03\/chateau_st_mesmin_2-145x110.jpg 145w, https:\/\/www.vendee1.eu\/vendee\/wp-content\/uploads\/2017\/03\/chateau_st_mesmin_2-300x228.jpg 300w\" sizes=\"(max-width: 500px) 100vw, 500px\" \/> Ch\u00e2teau de Saint Mesmin en Vend\u00e9e<\/p>\n<h1><span style=\"font-size: medium;\"><strong>Le ch\u00e2teau de Saint Mesmin : LE CHATEAU \u00abFORT\u00bb EN ANIMATIONS<\/strong><\/span><\/h1>\n<div style=\"text-align: justify;\"><strong>Une forteresse et une demeure seigneuriale !<\/p>\n<p> <\/strong>Le ch\u00e2teau de Saint Mesmin, une forteresse du Moyen Age class\u00e9e Monument Historique depuis 1993 et situ\u00e9 sur la commune de Saint Andr\u00e9 sur S\u00e8vre, dans les Deux-S\u00e8vres. Reconstruit vers 1370 par Pierre de Montfaucon, chevalier et seigneur de Saint Mesmin, il a fait l\u2019objet d\u2019importants travaux de fortification fin XIV\u00e8me si\u00e8cle. Il\u00a0 poss\u00e8de le charme d\u2019une petite forteresse militaire alli\u00e9e au souci de confort grandissant de la fin du Moyen Age. Donjon de 28 m\u00e8tres de haut couronn\u00e9 de m\u00e2chicoulis, arch\u00e8res-canonni\u00e8res, pont-levis et vestiges des hourds t\u00e9moignent de l\u2019architecture militaire de cette forteresse \u00e9rig\u00e9e durant la guerre de Cent ans.<\/div>\n<div style=\"text-align: justify;\">\u00a0<\/div>\n<div style=\"text-align: justify;\">En 1888, photo J.ROBUCHON\u00a0\u00a0\u00a0\u00a0<\/div>\n<div style=\"text-align: justify;\">\n<div id=\"attachment_1882\" style=\"width: 510px\" class=\"wp-caption alignnone\"><img loading=\"lazy\" decoding=\"async\" aria-describedby=\"caption-attachment-1882\" class=\"size-full wp-image-1882\" src=\"http:\/\/www.vendee1.eu\/vendee\/wp-content\/uploads\/2017\/03\/chateau_st_mesmin_1.jpg\" alt=\"Ch\u00e2teau de Saint Mesmin en Vend\u00e9e\" width=\"500\" height=\"380\" srcset=\"https:\/\/www.vendee1.eu\/vendee\/wp-content\/uploads\/2017\/03\/chateau_st_mesmin_1.jpg 500w, https:\/\/www.vendee1.eu\/vendee\/wp-content\/uploads\/2017\/03\/chateau_st_mesmin_1-145x110.jpg 145w, https:\/\/www.vendee1.eu\/vendee\/wp-content\/uploads\/2017\/03\/chateau_st_mesmin_1-300x228.jpg 300w\" sizes=\"auto, (max-width: 500px) 100vw, 500px\" \/><p id=\"caption-attachment-1882\" class=\"wp-caption-text\">Ch\u00e2teau de Saint Mesmin<\/p><\/div> <div id=\"attachment_1884\" style=\"width: 510px\" class=\"wp-caption alignnone\"><img loading=\"lazy\" decoding=\"async\" aria-describedby=\"caption-attachment-1884\" class=\"wp-image-1884 size-full\" title=\"Ch\u00e2teau de Saint Mesmin\" src=\"http:\/\/www.vendee1.eu\/vendee\/wp-content\/uploads\/2017\/03\/chateau_st_mesmin_3.jpg\" alt=\"Ch\u00e2teau de Saint Mesmin\" width=\"500\" height=\"380\" srcset=\"https:\/\/www.vendee1.eu\/vendee\/wp-content\/uploads\/2017\/03\/chateau_st_mesmin_3.jpg 500w, https:\/\/www.vendee1.eu\/vendee\/wp-content\/uploads\/2017\/03\/chateau_st_mesmin_3-145x110.jpg 145w, https:\/\/www.vendee1.eu\/vendee\/wp-content\/uploads\/2017\/03\/chateau_st_mesmin_3-300x228.jpg 300w\" sizes=\"auto, (max-width: 500px) 100vw, 500px\" \/><p id=\"caption-attachment-1884\" class=\"wp-caption-text\">Ch\u00e2teau de Saint Mesmin<\/p><\/div>\n<p> En 2013, Photo E.NICOLAS<\/p><\/div>\n<hr \/>\n<p><strong>En juillet, ao\u00fbt<br \/>\n <\/strong><\/p>\n<ul>\n<li>Des animations m\u00e9di\u00e9vales quotidiennes permettent une d\u00e9couverte insolite de ce lieu\u00a0: ateliers pour enfants et adultes, , etc\u2026<\/li>\n<li>Visite guid\u00e9e ou libre.<\/li>\n<\/ul>\n<p><strong>Th\u00e9matique d\u2019animations : \u00ab\u00a0Un temps pour guerroyer\u00a0? \u00bb\u00a0:<\/strong><\/p>\n<ul>\n<li><strong>D<\/strong><strong>es<\/strong> <strong>ateliers d\u2019animations m\u00e9di\u00e9vales<\/strong> autour de\u00a0:<\/li>\n<\/ul>\n<p>\u00a0\u00ab\u00a0Un temps pour guerroyer\u00a0?\u00a0\u00bb, seront organis\u00e9s par Entresorts et propos\u00e9s aux visiteurs, en compl\u00e9ment d\u2019une visite comment\u00e9e. Au programme : pr\u00e9paratifs de la guerre, r\u00e9cits de bataille, retour de bataille, le cheval et la guerre, condottiere, mercenaire italien, etc&#8230;<\/p>\n<p>La guerre de Cent Ans s\u2019ach\u00e8ve, mais le Duch\u00e9 de Bourgogne menace le Royaume de France\u2026 Si l\u2019on veut la paix, comme la guerre,\u00a0 il faut savoir la pr\u00e9parer\u2026<\/p>\n<p>Ainsi, le ch\u00e2teau projettera une lecture de l\u2019\u00e9tat de guerre au quotidien au Moyen Age : R\u00e9flexion, anticipation, choix d&rsquo;action, organisation, innovation, d\u00e9fense et pr\u00e9vention seront les mots-cl\u00e9s.<\/p>\n<p><strong>\u00a0\u00ab\u00a0Le Combat au quotidien\u00a0\u00bb <\/strong>L\u2019intendant du ch\u00e2teau veille au grain, en ces temps peu s\u00fbrs\u2026 Dissimulation, ruse, stratag\u00e8me sont ses ma\u00eetres mots dont il vous confiera les secrets si la confiance s\u2019installe\u2026 En cas de si\u00e8ge, l\u2019inventaire des ressources est dress\u00e9 et la notion de survie devient primordiale, \u00eates-vous pr\u00eat \u00e0 le suivre\u00a0?<\/p>\n<p><strong>\u00ab\u00a0Chroniques et r\u00e9cits de guerre\u00a0\u00bb <\/strong>Oyez\u00a0! Chroniqueur ou h\u00e9rault d\u2019armes, t\u00e9moins des grandes batailles, vous contera la guerre vue du c\u00f4t\u00e9 des vainqueurs, entre bravoure, gloire, trahison et id\u00e9al chevaleresque\u2026 R\u00e9cits de tournois et histoires de blasons hauts en couleur, vous aideront \u00e0 cr\u00e9er et r\u00e9aliser le plus beau cimier qui ornera le casque de joute du\u00a0 seigneur des lieux.<\/p>\n<p><strong>\u00ab\u00a0Strat\u00e9gie de guerre\u00a0\u00bb <\/strong>Qu\u2019il soitvieux capitaine ou seigneur \u00e2g\u00e9 ou personnage de pouvoir, il vous accueille en ses murs. Il joue tout comme jadis il joua avec sa vie\u00a0: ici diplomatie, \u00e9conomie et strat\u00e9gie sont \u00e9troitement li\u00e9es. Impr\u00e9gniez-vous de l\u2019atmosph\u00e8re d\u2019un champ de bataille, de jeux de strat\u00e9gie, de plans cartographi\u00e9s et d\u2019\u00e9nigmes vous pr\u00e9parant ainsi \u00e0 mener la guerre. Victoire,\u00a0d\u00e9faite\u00a0ou alors captivit\u00e9\u00a0?<\/p>\n<p><strong>Tout le reste de l\u2019ann\u00e9e\u00a0:<\/strong><\/p>\n<ul>\n<li>La location d\u2019espaces pour entreprises et associations<\/li>\n<li>Des anniversaires au ch\u00e2teau pour les enfants<\/li>\n<li>Des mardis \u00ab\u00a0 en animations\u00a0\u00bb pour petits et grands\u00a0 pendant les petites vacances<\/li>\n<li>Un rassemblement europ\u00e9en de compagnies m\u00e9di\u00e9vales<\/li>\n<li>Des accueils personnalis\u00e9s pour les \u00e9coles et centres de loisirs.<\/li>\n<\/ul>\n<p>&nbsp;<\/p>\n<hr \/>\n<div style=\"text-align: left;\"><strong>Les modalit\u00e9s d\u2019accueil du site<\/strong><\/div>\n<div style=\"text-align: left;\">\u00a0<\/div>\n<div style=\"text-align: left;\" align=\"center\">\n<table border=\"1\" cellspacing=\"0\" cellpadding=\"0\">\n<tbody>\n<tr>\n<td valign=\"top\" width=\"234\">\n<p>&nbsp;<\/p>\n<\/td>\n<td valign=\"top\" width=\"142\">\n<p align=\"center\">OUI<\/p>\n<\/td>\n<\/tr>\n<tr>\n<td valign=\"top\" width=\"234\">\n<p>Accessibilit\u00e9 Handicap\u00e9s<\/p>\n<\/td>\n<td valign=\"top\" width=\"142\">\n<p align=\"center\">Partielle\u00a0: handicap mental<\/p>\n<\/td>\n<\/tr>\n<tr>\n<td valign=\"top\" width=\"234\">\n<p>Animaux accept\u00e9s<\/p>\n<\/td>\n<td valign=\"top\" width=\"142\">\n<p align=\"center\">X<\/p>\n<\/td>\n<\/tr>\n<tr>\n<td valign=\"top\" width=\"234\">\n<p>Boutique et E-boutique<\/p>\n<\/td>\n<td valign=\"top\" width=\"142\">\n<p align=\"center\">X<\/p>\n<\/td>\n<\/tr>\n<tr>\n<td valign=\"top\" width=\"234\">\n<p>Aire de pique-nique am\u00e9nag\u00e9e<\/p>\n<\/td>\n<td valign=\"top\" width=\"142\">\n<p align=\"center\">X (partielle)<\/p>\n<\/td>\n<\/tr>\n<tr>\n<td valign=\"top\" width=\"234\">\n<p>Animations enfants<\/p>\n<\/td>\n<td valign=\"top\" width=\"142\">\n<p align=\"center\">X<\/p>\n<\/td>\n<\/tr>\n<tr>\n<td valign=\"top\" width=\"234\">\n<p>Ch\u00e8ques Vacances accept\u00e9s<\/p>\n<\/td>\n<td valign=\"top\" width=\"142\">\n<p align=\"center\">X<\/p>\n<\/td>\n<\/tr>\n<tr>\n<td valign=\"top\" width=\"234\">\n<p>Visite Guid\u00e9e (Fr, angl., esp.)<\/p>\n<\/td>\n<td valign=\"top\" width=\"142\">\n<p align=\"center\">X<\/p>\n<\/td>\n<\/tr>\n<\/tbody>\n<\/table>\n<\/div>\n<div style=\"text-align: left;\">\u00a0<\/div>\n<div style=\"text-align: left;\">\n<hr \/>\n<p>\n <strong>Une boutique au ch\u00e2teau<\/strong><\/div>\n<p>La boutique du ch\u00e2teau de Saint Mesmin, en acc\u00e8s libre, est sp\u00e9cialis\u00e9e dans la vente de produits m\u00e9di\u00e9vaux pour petits et grands. Vous pourrez y trouver\u00a0environ 480 articles en lien avec le ch\u00e2teau de Saint Mesmin et le Moyen Age<\/p>\n<hr \/>\n<p><strong>Une e-boutique sur le WEB<\/strong><\/p>\n<p>Pour pouvoir acheter ces produits tout au long de l\u2019ann\u00e9e, le site internet permettra d\u2019acc\u00e9der \u00e0 une e-boutique. Une s\u00e9lection d\u2019environ 300 produits sera propos\u00e9e \u00e0 travers diff\u00e9rentes cat\u00e9gories\u00a0: souvenirs, papeterie, librairie, jeux, costumes et accessoires, musique, sp\u00e9cialit\u00e9s m\u00e9di\u00e9vales, \u2026 De quoi ravir les enfants comme les adultes\u00a0!<\/p>\n<hr \/>\n<p><strong>Nous contacter\u00a0:<\/strong><\/p>\n<p>Ch\u00e2teau de Saint Mesmin &#8211;\u00a0Saint Andr\u00e9 sur S\u00e8vre<br \/>\n T\u00e9l\u00a0: 05.49.80.17.62<\/p>\n<hr \/>\n<p>Longitude &#8211; 0.717265605926513 &#8211;\u00a0Latitude\u00a0 46.799604092955730<\/p>\n<p><iframe loading=\"lazy\" style=\"border: 0;\" src=\"https:\/\/www.google.com\/maps\/embed?pb=!1m14!1m8!1m3!1d74232.0983847705!2d-0.7378132093594075!3d46.779943533315176!3m2!1i1024!2i768!4f13.1!3m3!1m2!1s0x0%3A0x59964f7ac1314ff6!2sCh%C3%A2teau+de+Saint+Mesmin!5e0!3m2!1sfr!2sfr!4v1493373055130\" width=\"100%\" height=\"450\" frameborder=\"0\" allowfullscreen=\"allowfullscreen\"><\/iframe><\/p>\n<hr \/>\n<div style=\"text-align: left;\"><a href=\"http:\/\/www.chateau-saintmesmin.fr\/\"><strong style=\"text-align: left;\">www.chateau-saintmesmin.fr<\/strong><\/a><\/div>\n<div style=\"text-align: left;\"><strong><a style=\"text-align: left;\" href=\"mailto:chateau.saintmesmin@nordnet.fr\">chateau.saintmesmin@nordnet.fr<\/a><\/strong><\/div>\n<div style=\"text-align: left;\"><strong>\u00a0<\/strong><\/div>\n<div style=\"text-align: left;\">\n<table border=\"1\" cellspacing=\"0\" cellpadding=\"0\">\n<tbody>\n<tr>\n<td valign=\"top\" width=\"121\">\n<p><strong>FACEBOOK\u00a0<\/strong><\/p>\n<\/td>\n<td valign=\"top\" width=\"302\">\n<p align=\"center\"><strong>www.facebook.com\/chateausaintmesmin<\/strong><\/p>\n<\/td>\n<\/tr>\n<tr>\n<td valign=\"top\" width=\"121\">\n<p><strong>TWITTER<\/strong><\/p>\n<\/td>\n<td valign=\"top\" width=\"302\">\n<p><strong>www.twitter.com\/Chateaustmesmin<\/strong><\/p>\n<\/td>\n<\/tr>\n<tr>\n<td valign=\"top\" width=\"121\">\n<p><strong>FLICKER<\/strong><\/p>\n<\/td>\n<td valign=\"top\" width=\"302\">\n<p><strong>www.flicker.com\/photos\/chateaudesaintmesmin<\/strong><\/p>\n<\/td>\n<\/tr>\n<tr>\n<td valign=\"top\" width=\"121\">\n<p><strong>YOUTUBE<\/strong><\/p>\n<\/td>\n<td valign=\"top\" width=\"302\">\n<p><strong>www.youtube.com\/users\/castelsaintmesmin<\/strong><\/p>\n<\/td>\n<\/tr>\n<\/tbody>\n<\/table>\n<\/div>\n<div style=\"text-align: left;\"><strong>\u00a0<\/strong><\/div>\n<p>&nbsp;<\/p>\n<div style='text-align:left' class='yasr-auto-insert-visitor'><!--Yasr Visitor Votes Shortcode--><div id='yasr_visitor_votes_7442d1795a56f' class='yasr-visitor-votes'><div class=\"yasr-custom-text-vv-before yasr-custom-text-vv-before-1230\">Avis visiteurs :<\/div><div id='yasr-vv-second-row-container-7442d1795a56f'\r\n                                        class='yasr-vv-second-row-container'><div id='yasr-visitor-votes-rater-7442d1795a56f'\r\n                                      class='yasr-rater-stars-vv'\r\n                                      data-rater-postid='1230'\r\n                                      data-rating='5'\r\n                                      data-rater-starsize='16'\r\n                                      data-rater-readonly='false'\r\n                                      data-rater-nonce='d997243d22'\r\n                                      data-issingular='false'\r\n                                    ><\/div><div class=\"yasr-vv-stats-text-container\" id=\"yasr-vv-stats-text-container-7442d1795a56f\"><svg xmlns=\"https:\/\/www.w3.org\/2000\/svg\" width=\"20\" height=\"20\"\r\n                                   class=\"yasr-dashicons-visitor-stats\"\r\n                                   data-postid=\"1230\"\r\n                                   id=\"yasr-stats-dashicon-7442d1795a56f\">\r\n                                   <path d=\"M18 18v-16h-4v16h4zM12 18v-11h-4v11h4zM6 18v-8h-4v8h4z\"><\/path>\r\n                               <\/svg><span id=\"yasr-vv-text-container-7442d1795a56f\" class=\"yasr-vv-text-container\">[Nbre : <span id=\"yasr-vv-votes-number-container-7442d1795a56f\">1<\/span>  Moyenne : <span id=\"yasr-vv-average-container-7442d1795a56f\">5<\/span>]<\/span><\/div><div id='yasr-vv-loader-7442d1795a56f' class='yasr-vv-container-loader'><\/div><\/div><div id='yasr-vv-bottom-container-7442d1795a56f' class='yasr-vv-bottom-container'><\/div><\/div><!--End Yasr Visitor Votes Shortcode--><\/div><div id=\"vende-109617090\" class=\"vende-ads-apres-contenu vende-entity-placement\" style=\"margin-top: 10px;margin-bottom: 10px;margin-left: 10px;\"><p><a href=\"https:\/\/hellostickers.fr\" rel=\"stickers autocollants decoratifs personnalis\u00e9s regionaux\"><img loading=\"lazy\" decoding=\"async\" class=\"alignnone wp-image-2282 \" title=\"stickers autocollants decoratifs personnalis\u00e9s regionaux\" src=\"https:\/\/www.vendee1.eu\/vendee\/wp-content\/uploads\/2017\/05\/stickers_autocollants_decoratifs_regionaux-e1552677291609.png\" alt=\"stickers autocollants decoratifs personnalis\u00e9s regionaux\" width=\"654\" height=\"121\" \/><\/a><\/p>\n<\/div>","protected":false},"excerpt":{"rendered":"<p>Ch\u00e2teau de Saint Mesmin en Vend\u00e9e Le ch\u00e2teau de Saint Mesmin : LE CHATEAU \u00abFORT\u00bb EN ANIMATIONS Une forteresse et une demeure seigneuriale ! Le ch\u00e2teau de Saint Mesmin, une forteresse du Moyen Age&#46;&#46;&#46;<\/p>\n","protected":false},"author":1,"featured_media":1883,"comment_status":"closed","ping_status":"closed","sticky":false,"template":"","format":"standard","meta":{"yasr_overall_rating":0,"yasr_post_is_review":"","yasr_auto_insert_disabled":"","yasr_review_type":"","footnotes":""},"categories":[114],"tags":[28,30],"class_list":["post-1230","post","type-post","status-publish","format-standard","has-post-thumbnail","hentry","category-chateaux-et-monuments-en-vendee","tag-chateaux","tag-visites"],"yasr_visitor_votes":{"stars_attributes":{"read_only":false,"span_bottom":false},"number_of_votes":1,"sum_votes":5},"yoast_head":"<!-- This site is optimized with the Yoast SEO plugin v27.5 - https:\/\/yoast.com\/product\/yoast-seo-wordpress\/ -->\n<title>Le ch\u00e2teau de Saint Mesmin - Sorties en Vend\u00e9e, Tourisme<\/title>\n<meta name=\"robots\" content=\"index, follow, max-snippet:-1, max-image-preview:large, max-video-preview:-1\" \/>\n<link rel=\"canonical\" href=\"https:\/\/www.vendee1.eu\/vendee\/chateau-de-saint-mesmin\/\" \/>\n<meta property=\"og:locale\" content=\"fr_FR\" \/>\n<meta property=\"og:type\" content=\"article\" \/>\n<meta property=\"og:title\" content=\"Le ch\u00e2teau de Saint Mesmin - Sorties en Vend\u00e9e, Tourisme\" \/>\n<meta property=\"og:description\" content=\"Ch\u00e2teau de Saint Mesmin en Vend\u00e9e Le ch\u00e2teau de Saint Mesmin : LE CHATEAU \u00abFORT\u00bb EN ANIMATIONS Une forteresse et une demeure seigneuriale ! Le ch\u00e2teau de Saint Mesmin, une forteresse du Moyen Age&#046;&#046;&#046;\" \/>\n<meta property=\"og:url\" content=\"https:\/\/www.vendee1.eu\/vendee\/chateau-de-saint-mesmin\/\" \/>\n<meta property=\"og:site_name\" content=\"Sorties en Vend\u00e9e, Tourisme\" \/>\n<meta property=\"article:publisher\" content=\"https:\/\/www.facebook.com\/vendee.tourisme.7\/\" \/>\n<meta property=\"article:published_time\" content=\"2017-03-18T12:16:19+00:00\" \/>\n<meta property=\"article:modified_time\" content=\"2017-04-28T09:57:37+00:00\" \/>\n<meta property=\"og:image\" content=\"https:\/\/www.vendee1.eu\/vendee\/wp-content\/uploads\/2017\/03\/chateau_st_mesmin_2.jpg\" \/>\n\t<meta property=\"og:image:width\" content=\"500\" \/>\n\t<meta property=\"og:image:height\" content=\"380\" \/>\n\t<meta property=\"og:image:type\" content=\"image\/jpeg\" \/>\n<meta name=\"author\" content=\"Sorties Vend\u00e9e\" \/>\n<meta name=\"twitter:card\" content=\"summary_large_image\" \/>\n<meta name=\"twitter:label1\" content=\"\u00c9crit par\" \/>\n\t<meta name=\"twitter:data1\" content=\"Sorties Vend\u00e9e\" \/>\n\t<meta name=\"twitter:label2\" content=\"Dur\u00e9e de lecture estim\u00e9e\" \/>\n\t<meta name=\"twitter:data2\" content=\"4 minutes\" \/>\n<script type=\"application\/ld+json\" class=\"yoast-schema-graph\">{\"@context\":\"https:\\\/\\\/schema.org\",\"@graph\":[{\"@type\":\"Article\",\"@id\":\"https:\\\/\\\/www.vendee1.eu\\\/vendee\\\/chateau-de-saint-mesmin\\\/#article\",\"isPartOf\":{\"@id\":\"https:\\\/\\\/www.vendee1.eu\\\/vendee\\\/chateau-de-saint-mesmin\\\/\"},\"author\":{\"name\":\"Sorties Vend\u00e9e\",\"@id\":\"https:\\\/\\\/www.vendee1.eu\\\/vendee\\\/#\\\/schema\\\/person\\\/63e22c035c30bbdf6ae725e3b531afdc\"},\"headline\":\"Le ch\u00e2teau de Saint Mesmin\",\"datePublished\":\"2017-03-18T12:16:19+00:00\",\"dateModified\":\"2017-04-28T09:57:37+00:00\",\"mainEntityOfPage\":{\"@id\":\"https:\\\/\\\/www.vendee1.eu\\\/vendee\\\/chateau-de-saint-mesmin\\\/\"},\"wordCount\":810,\"image\":{\"@id\":\"https:\\\/\\\/www.vendee1.eu\\\/vendee\\\/chateau-de-saint-mesmin\\\/#primaryimage\"},\"thumbnailUrl\":\"https:\\\/\\\/www.vendee1.eu\\\/vendee\\\/wp-content\\\/uploads\\\/2017\\\/03\\\/chateau_st_mesmin_2.jpg\",\"keywords\":[\"Ch\u00e2teaux\",\"visites\"],\"articleSection\":[\"Ch\u00e2teaux et Monuments en Vend\u00e9e\"],\"inLanguage\":\"fr-FR\"},{\"@type\":\"WebPage\",\"@id\":\"https:\\\/\\\/www.vendee1.eu\\\/vendee\\\/chateau-de-saint-mesmin\\\/\",\"url\":\"https:\\\/\\\/www.vendee1.eu\\\/vendee\\\/chateau-de-saint-mesmin\\\/\",\"name\":\"Le ch\u00e2teau de Saint Mesmin - Sorties en Vend\u00e9e, Tourisme\",\"isPartOf\":{\"@id\":\"https:\\\/\\\/www.vendee1.eu\\\/vendee\\\/#website\"},\"primaryImageOfPage\":{\"@id\":\"https:\\\/\\\/www.vendee1.eu\\\/vendee\\\/chateau-de-saint-mesmin\\\/#primaryimage\"},\"image\":{\"@id\":\"https:\\\/\\\/www.vendee1.eu\\\/vendee\\\/chateau-de-saint-mesmin\\\/#primaryimage\"},\"thumbnailUrl\":\"https:\\\/\\\/www.vendee1.eu\\\/vendee\\\/wp-content\\\/uploads\\\/2017\\\/03\\\/chateau_st_mesmin_2.jpg\",\"datePublished\":\"2017-03-18T12:16:19+00:00\",\"dateModified\":\"2017-04-28T09:57:37+00:00\",\"author\":{\"@id\":\"https:\\\/\\\/www.vendee1.eu\\\/vendee\\\/#\\\/schema\\\/person\\\/63e22c035c30bbdf6ae725e3b531afdc\"},\"breadcrumb\":{\"@id\":\"https:\\\/\\\/www.vendee1.eu\\\/vendee\\\/chateau-de-saint-mesmin\\\/#breadcrumb\"},\"inLanguage\":\"fr-FR\",\"potentialAction\":[{\"@type\":\"ReadAction\",\"target\":[\"https:\\\/\\\/www.vendee1.eu\\\/vendee\\\/chateau-de-saint-mesmin\\\/\"]}]},{\"@type\":\"ImageObject\",\"inLanguage\":\"fr-FR\",\"@id\":\"https:\\\/\\\/www.vendee1.eu\\\/vendee\\\/chateau-de-saint-mesmin\\\/#primaryimage\",\"url\":\"https:\\\/\\\/www.vendee1.eu\\\/vendee\\\/wp-content\\\/uploads\\\/2017\\\/03\\\/chateau_st_mesmin_2.jpg\",\"contentUrl\":\"https:\\\/\\\/www.vendee1.eu\\\/vendee\\\/wp-content\\\/uploads\\\/2017\\\/03\\\/chateau_st_mesmin_2.jpg\",\"width\":500,\"height\":380,\"caption\":\"Ch\u00e2teau de Saint Mesmin en Vend\u00e9e\"},{\"@type\":\"BreadcrumbList\",\"@id\":\"https:\\\/\\\/www.vendee1.eu\\\/vendee\\\/chateau-de-saint-mesmin\\\/#breadcrumb\",\"itemListElement\":[{\"@type\":\"ListItem\",\"position\":1,\"name\":\"Accueil\",\"item\":\"https:\\\/\\\/www.vendee1.eu\\\/vendee\\\/\"},{\"@type\":\"ListItem\",\"position\":2,\"name\":\"Le ch\u00e2teau de Saint Mesmin\"}]},{\"@type\":\"WebSite\",\"@id\":\"https:\\\/\\\/www.vendee1.eu\\\/vendee\\\/#website\",\"url\":\"https:\\\/\\\/www.vendee1.eu\\\/vendee\\\/\",\"name\":\"Sorties en Vend\u00e9e, Tourisme\",\"description\":\"Vend\u00e9e1, les id\u00e9es Sorties en Vend\u00e9e Tourisme\",\"potentialAction\":[{\"@type\":\"SearchAction\",\"target\":{\"@type\":\"EntryPoint\",\"urlTemplate\":\"https:\\\/\\\/www.vendee1.eu\\\/vendee\\\/?s={search_term_string}\"},\"query-input\":{\"@type\":\"PropertyValueSpecification\",\"valueRequired\":true,\"valueName\":\"search_term_string\"}}],\"inLanguage\":\"fr-FR\"},{\"@type\":\"Person\",\"@id\":\"https:\\\/\\\/www.vendee1.eu\\\/vendee\\\/#\\\/schema\\\/person\\\/63e22c035c30bbdf6ae725e3b531afdc\",\"name\":\"Sorties Vend\u00e9e\",\"image\":{\"@type\":\"ImageObject\",\"inLanguage\":\"fr-FR\",\"@id\":\"https:\\\/\\\/secure.gravatar.com\\\/avatar\\\/61d1de7f953f29bb3f5b6457b62fb4b66f834c865f75a7d8ec767d557a808e20?s=96&d=mm&r=g\",\"url\":\"https:\\\/\\\/secure.gravatar.com\\\/avatar\\\/61d1de7f953f29bb3f5b6457b62fb4b66f834c865f75a7d8ec767d557a808e20?s=96&d=mm&r=g\",\"contentUrl\":\"https:\\\/\\\/secure.gravatar.com\\\/avatar\\\/61d1de7f953f29bb3f5b6457b62fb4b66f834c865f75a7d8ec767d557a808e20?s=96&d=mm&r=g\",\"caption\":\"Sorties Vend\u00e9e\"}},{\"@context\":\"https:\\\/\\\/schema.org\\\/\",\"@type\":\"Product\",\"name\":\"Le ch\u00e2teau de Saint Mesmin\",\"description\":\"\",\"image\":{\"@type\":\"ImageObject\",\"url\":\"https:\\\/\\\/www.vendee1.eu\\\/vendee\\\/wp-content\\\/uploads\\\/2017\\\/03\\\/chateau_st_mesmin_2.jpg\",\"width\":500,\"height\":380},\"aggregateRating\":{\"@type\":\"AggregateRating\",\"ratingValue\":5,\"ratingCount\":1,\"bestRating\":5,\"worstRating\":1},\"brand\":{\"@type\":\"Brand\",\"name\":\"\"},\"sku\":\"\",\"\":\"\"}]}<\/script>\n<!-- \/ Yoast SEO plugin. -->","yoast_head_json":{"title":"Le ch\u00e2teau de Saint Mesmin - Sorties en Vend\u00e9e, Tourisme","robots":{"index":"index","follow":"follow","max-snippet":"max-snippet:-1","max-image-preview":"max-image-preview:large","max-video-preview":"max-video-preview:-1"},"canonical":"https:\/\/www.vendee1.eu\/vendee\/chateau-de-saint-mesmin\/","og_locale":"fr_FR","og_type":"article","og_title":"Le ch\u00e2teau de Saint Mesmin - Sorties en Vend\u00e9e, Tourisme","og_description":"Ch\u00e2teau de Saint Mesmin en Vend\u00e9e Le ch\u00e2teau de Saint Mesmin : LE CHATEAU \u00abFORT\u00bb EN ANIMATIONS Une forteresse et une demeure seigneuriale ! Le ch\u00e2teau de Saint Mesmin, une forteresse du Moyen Age&#46;&#46;&#46;","og_url":"https:\/\/www.vendee1.eu\/vendee\/chateau-de-saint-mesmin\/","og_site_name":"Sorties en Vend\u00e9e, Tourisme","article_publisher":"https:\/\/www.facebook.com\/vendee.tourisme.7\/","article_published_time":"2017-03-18T12:16:19+00:00","article_modified_time":"2017-04-28T09:57:37+00:00","og_image":[{"width":500,"height":380,"url":"https:\/\/www.vendee1.eu\/vendee\/wp-content\/uploads\/2017\/03\/chateau_st_mesmin_2.jpg","type":"image\/jpeg"}],"author":"Sorties Vend\u00e9e","twitter_card":"summary_large_image","twitter_misc":{"\u00c9crit par":"Sorties Vend\u00e9e","Dur\u00e9e de lecture estim\u00e9e":"4 minutes"},"schema":{"@context":"https:\/\/schema.org","@graph":[{"@type":"Article","@id":"https:\/\/www.vendee1.eu\/vendee\/chateau-de-saint-mesmin\/#article","isPartOf":{"@id":"https:\/\/www.vendee1.eu\/vendee\/chateau-de-saint-mesmin\/"},"author":{"name":"Sorties Vend\u00e9e","@id":"https:\/\/www.vendee1.eu\/vendee\/#\/schema\/person\/63e22c035c30bbdf6ae725e3b531afdc"},"headline":"Le ch\u00e2teau de Saint Mesmin","datePublished":"2017-03-18T12:16:19+00:00","dateModified":"2017-04-28T09:57:37+00:00","mainEntityOfPage":{"@id":"https:\/\/www.vendee1.eu\/vendee\/chateau-de-saint-mesmin\/"},"wordCount":810,"image":{"@id":"https:\/\/www.vendee1.eu\/vendee\/chateau-de-saint-mesmin\/#primaryimage"},"thumbnailUrl":"https:\/\/www.vendee1.eu\/vendee\/wp-content\/uploads\/2017\/03\/chateau_st_mesmin_2.jpg","keywords":["Ch\u00e2teaux","visites"],"articleSection":["Ch\u00e2teaux et Monuments en Vend\u00e9e"],"inLanguage":"fr-FR"},{"@type":"WebPage","@id":"https:\/\/www.vendee1.eu\/vendee\/chateau-de-saint-mesmin\/","url":"https:\/\/www.vendee1.eu\/vendee\/chateau-de-saint-mesmin\/","name":"Le ch\u00e2teau de Saint Mesmin - Sorties en Vend\u00e9e, Tourisme","isPartOf":{"@id":"https:\/\/www.vendee1.eu\/vendee\/#website"},"primaryImageOfPage":{"@id":"https:\/\/www.vendee1.eu\/vendee\/chateau-de-saint-mesmin\/#primaryimage"},"image":{"@id":"https:\/\/www.vendee1.eu\/vendee\/chateau-de-saint-mesmin\/#primaryimage"},"thumbnailUrl":"https:\/\/www.vendee1.eu\/vendee\/wp-content\/uploads\/2017\/03\/chateau_st_mesmin_2.jpg","datePublished":"2017-03-18T12:16:19+00:00","dateModified":"2017-04-28T09:57:37+00:00","author":{"@id":"https:\/\/www.vendee1.eu\/vendee\/#\/schema\/person\/63e22c035c30bbdf6ae725e3b531afdc"},"breadcrumb":{"@id":"https:\/\/www.vendee1.eu\/vendee\/chateau-de-saint-mesmin\/#breadcrumb"},"inLanguage":"fr-FR","potentialAction":[{"@type":"ReadAction","target":["https:\/\/www.vendee1.eu\/vendee\/chateau-de-saint-mesmin\/"]}]},{"@type":"ImageObject","inLanguage":"fr-FR","@id":"https:\/\/www.vendee1.eu\/vendee\/chateau-de-saint-mesmin\/#primaryimage","url":"https:\/\/www.vendee1.eu\/vendee\/wp-content\/uploads\/2017\/03\/chateau_st_mesmin_2.jpg","contentUrl":"https:\/\/www.vendee1.eu\/vendee\/wp-content\/uploads\/2017\/03\/chateau_st_mesmin_2.jpg","width":500,"height":380,"caption":"Ch\u00e2teau de Saint Mesmin en Vend\u00e9e"},{"@type":"BreadcrumbList","@id":"https:\/\/www.vendee1.eu\/vendee\/chateau-de-saint-mesmin\/#breadcrumb","itemListElement":[{"@type":"ListItem","position":1,"name":"Accueil","item":"https:\/\/www.vendee1.eu\/vendee\/"},{"@type":"ListItem","position":2,"name":"Le ch\u00e2teau de Saint Mesmin"}]},{"@type":"WebSite","@id":"https:\/\/www.vendee1.eu\/vendee\/#website","url":"https:\/\/www.vendee1.eu\/vendee\/","name":"Sorties en Vend\u00e9e, Tourisme","description":"Vend\u00e9e1, les id\u00e9es Sorties en Vend\u00e9e Tourisme","potentialAction":[{"@type":"SearchAction","target":{"@type":"EntryPoint","urlTemplate":"https:\/\/www.vendee1.eu\/vendee\/?s={search_term_string}"},"query-input":{"@type":"PropertyValueSpecification","valueRequired":true,"valueName":"search_term_string"}}],"inLanguage":"fr-FR"},{"@type":"Person","@id":"https:\/\/www.vendee1.eu\/vendee\/#\/schema\/person\/63e22c035c30bbdf6ae725e3b531afdc","name":"Sorties Vend\u00e9e","image":{"@type":"ImageObject","inLanguage":"fr-FR","@id":"https:\/\/secure.gravatar.com\/avatar\/61d1de7f953f29bb3f5b6457b62fb4b66f834c865f75a7d8ec767d557a808e20?s=96&d=mm&r=g","url":"https:\/\/secure.gravatar.com\/avatar\/61d1de7f953f29bb3f5b6457b62fb4b66f834c865f75a7d8ec767d557a808e20?s=96&d=mm&r=g","contentUrl":"https:\/\/secure.gravatar.com\/avatar\/61d1de7f953f29bb3f5b6457b62fb4b66f834c865f75a7d8ec767d557a808e20?s=96&d=mm&r=g","caption":"Sorties Vend\u00e9e"}},{"@context":"https:\/\/schema.org\/","@type":"Product","name":"Le ch\u00e2teau de Saint Mesmin","description":"","image":{"@type":"ImageObject","url":"https:\/\/www.vendee1.eu\/vendee\/wp-content\/uploads\/2017\/03\/chateau_st_mesmin_2.jpg","width":500,"height":380},"aggregateRating":{"@type":"AggregateRating","ratingValue":5,"ratingCount":1,"bestRating":5,"worstRating":1},"brand":{"@type":"Brand","name":""},"sku":"","":""}]}},"_links":{"self":[{"href":"https:\/\/www.vendee1.eu\/vendee\/wp-json\/wp\/v2\/posts\/1230","targetHints":{"allow":["GET"]}}],"collection":[{"href":"https:\/\/www.vendee1.eu\/vendee\/wp-json\/wp\/v2\/posts"}],"about":[{"href":"https:\/\/www.vendee1.eu\/vendee\/wp-json\/wp\/v2\/types\/post"}],"author":[{"embeddable":true,"href":"https:\/\/www.vendee1.eu\/vendee\/wp-json\/wp\/v2\/users\/1"}],"replies":[{"embeddable":true,"href":"https:\/\/www.vendee1.eu\/vendee\/wp-json\/wp\/v2\/comments?post=1230"}],"version-history":[{"count":5,"href":"https:\/\/www.vendee1.eu\/vendee\/wp-json\/wp\/v2\/posts\/1230\/revisions"}],"predecessor-version":[{"id":1892,"href":"https:\/\/www.vendee1.eu\/vendee\/wp-json\/wp\/v2\/posts\/1230\/revisions\/1892"}],"wp:featuredmedia":[{"embeddable":true,"href":"https:\/\/www.vendee1.eu\/vendee\/wp-json\/wp\/v2\/media\/1883"}],"wp:attachment":[{"href":"https:\/\/www.vendee1.eu\/vendee\/wp-json\/wp\/v2\/media?parent=1230"}],"wp:term":[{"taxonomy":"category","embeddable":true,"href":"https:\/\/www.vendee1.eu\/vendee\/wp-json\/wp\/v2\/categories?post=1230"},{"taxonomy":"post_tag","embeddable":true,"href":"https:\/\/www.vendee1.eu\/vendee\/wp-json\/wp\/v2\/tags?post=1230"}],"curies":[{"name":"wp","href":"https:\/\/api.w.org\/{rel}","templated":true}]}}