{"id":1220,"date":"2017-03-18T13:14:15","date_gmt":"2017-03-18T12:14:15","guid":{"rendered":"http:\/\/www.vendee1.eu\/vendee\/?p=1220"},"modified":"2017-03-18T13:14:15","modified_gmt":"2017-03-18T12:14:15","slug":"la-cheminee","status":"publish","type":"post","link":"https:\/\/www.vendee1.eu\/vendee\/la-cheminee\/","title":{"rendered":"La chemin\u00e9e"},"content":{"rendered":"<div id=\"vende-1063117240\" class=\"vende-ads-avant-contenu vende-entity-placement\"><div id=\"attachment_3409\" style=\"width: 810px\" class=\"wp-caption alignnone\"><a href=\"https:\/\/www.mediawakeup.fr\/nous-contacter-184-rue-joseph-gaillard-zone-dactivites-nord-et-gare-85600-montaigu-vendee-agence-crea-web-print\/\" target=\"_blank\" rel=\"Cr\u00e9ation logo Vend\u00e9e Montaigu site internet noopener\"><img loading=\"lazy\" decoding=\"async\" aria-describedby=\"caption-attachment-3409\" class=\"wp-image-3409 size-full\" title=\"Cr\u00e9ation logo Vend\u00e9e Montaigu site internet\" src=\"https:\/\/www.vendee1.eu\/wp-content\/uploads\/2018\/03\/creation-site-internet-vendee-graphistes.jpg\" alt=\"Cr\u00e9ation logo Vend\u00e9e Montaigu site internet - Agence de communication web print en Vend\u00e9e \" width=\"800\" height=\"283\" \/><\/a><p id=\"caption-attachment-3409\" class=\"wp-caption-text\">Cr\u00e9ation logo Vend\u00e9e Montaigu site internet &#8211; Agence de communication web print en Vend\u00e9e<\/p><\/div>\n<p>&nbsp;<\/p>\n<\/div><p>La chemin\u00e9e<\/p>\n<p>J&rsquo;\u00e9tions depuis ben ine s&rsquo;maine<br \/>\nch\u00e9 l&rsquo;voisin\u00a0 Jules\u00a0 qu&rsquo;a\u00a0 r&rsquo;tap\u00e9 sa maison<br \/>\ndjimanche d&rsquo;r\u00e9cia\u00efe v&rsquo;la donc qu&rsquo;on s&rsquo;am\u00e8ne<br \/>\npeur tchette esp\u00e8ce d&rsquo;inauguration <br \/>\n\u00e9tait ine bounne occasion d&rsquo;go\u00fbter l\u00e9s barriques<br \/>\nd&#8217;causer in p&rsquo;tit au fond do celler<br \/>\nah\u00a0 j&rsquo;ons point coup\u00e9 d&rsquo;ruban symbolique<br \/>\n\u00e7a c&rsquo;est bon pour l&rsquo;maire ou pour l&rsquo;pr\u00e9fet<br \/>\nj&rsquo;ons pou\u00e9 pendu la cr\u00e9mailli\u00e8re<br \/>\nvu qu&rsquo;tch\u00e9s trucs la \u00a0 comme l\u00e9s tr\u00e9pieds<br \/>\non en t&rsquo;rouve pu qu&rsquo;ch\u00e9 l&rsquo;antiquaire<br \/>\neh eh et chez nous \u00f4 para\u00eet d\u00e9mod\u00e9<br \/>\nchez li c&rsquo;est propre\u00a0 ah \u00e7a y dir\u00e9 pou\u00e9 l&rsquo;contraire<br \/>\ndos bais meubles tot neufs\u00a0 en formica<br \/>\nin tube de n\u00e9on y f\u00e9 d&rsquo;la lumi\u00e8re<br \/>\nsur l\u00e9s murs laqu\u00e9s\u00a0 depis le haut jusqu&rsquo;en bas<br \/>\na c&rsquo;qu&rsquo;on m&rsquo;a dit in coup d&rsquo;\u00e9ponge<br \/>\nl&rsquo;m\u00e9nage est f\u00e9 dame aujourd&rsquo;hui<br \/>\nc&rsquo;est tout &lsquo;c&rsquo;qui faut\u00a0 mais moi j&rsquo;y songe<br \/>\na nos vieux parents qui meniant po\u00e9 d&rsquo;bruit<br \/>\nah j&rsquo;ai tot vu mais dame faut s&rsquo;taire<br \/>\no la dos moument\u00a0 qu&rsquo;on voudr\u00e9 djire<br \/>\nvous comme l\u00e9s autres , faut pas vous en faire<br \/>\nsongez b\u00e9 qu&rsquo;un jourvous vieillirez<br \/>\nah ah tos vos architectes qui sont si habiles<br \/>\net qui vous en foutant pien l&rsquo;nez<br \/>\nallez dan l\u00e9s vouer ch\u00e9 eux \u00e9n ville<br \/>\nvous verrez que tortos l&rsquo;avont dos ch&rsquo;min\u00e9es<br \/>\ntos tch\u00e9s pauv vieux qu&rsquo;la vie consume<br \/>\nin p&rsquo;tit chaque jour , vous leur enl&rsquo;vez<br \/>\nla joie de vou\u00e8re ine b\u00fbche qui f\u00fbme<br \/>\ntchette fiamme qui danse comme in bouquet<br \/>\ndans la vieille maison\u00a0 celle de mon enfance<br \/>\nj&rsquo;ai gard\u00a0\u00bb\u00e9l\u00e9s poutres o plafond<br \/>\nla vieille lampe en cuivre ,sa coupole bianche<br \/>\npis la g&rsquo;rande chemin\u00e9e\u00a0 l\u00e0 bas dans l&rsquo;fond<br \/>\nquand y rentre le ser\u00a0 y t&rsquo;rouve la marmite<br \/>\nqui parfume ben la soupe aux choux<br \/>\no m m&rsquo;et en forme pis tcheu ,pis ine patate cuite<br \/>\neh b\u00e9 me v&rsquo;la r&rsquo;tap\u00e9 cr\u00e9 non de diou<br \/>\nt&rsquo;nez on s&rsquo;sent plus unis d&rsquo;vant un foyer<br \/>\nquand \u00e0 No\u00eal dans leur innocence<br \/>\nl\u00e9s dr\u00f4les viennent y mettre leurs p&rsquo;tits souliers<br \/>\nJ&rsquo;me dis o s&rsquo;rait si beau <br \/>\nsi tos l\u00e9s gosses de France <br \/>\npouviant r\u00eaver d&rsquo;vant ine chemin\u00e9e<\/p>\n<div style='text-align:left' class='yasr-auto-insert-visitor'><!--Yasr Visitor Votes Shortcode--><div id='yasr_visitor_votes_f7b4f469734fc' class='yasr-visitor-votes'><div class=\"yasr-custom-text-vv-before yasr-custom-text-vv-before-1220\">Avis visiteurs :<\/div><div id='yasr-vv-second-row-container-f7b4f469734fc'\r\n                                        class='yasr-vv-second-row-container'><div id='yasr-visitor-votes-rater-f7b4f469734fc'\r\n                                      class='yasr-rater-stars-vv'\r\n                                      data-rater-postid='1220'\r\n                                      data-rating='5'\r\n                                      data-rater-starsize='16'\r\n                                      data-rater-readonly='false'\r\n                                      data-rater-nonce='696e61c106'\r\n                                      data-issingular='false'\r\n                                    ><\/div><div class=\"yasr-vv-stats-text-container\" id=\"yasr-vv-stats-text-container-f7b4f469734fc\"><svg xmlns=\"https:\/\/www.w3.org\/2000\/svg\" width=\"20\" height=\"20\"\r\n                                   class=\"yasr-dashicons-visitor-stats\"\r\n                                   data-postid=\"1220\"\r\n                                   id=\"yasr-stats-dashicon-f7b4f469734fc\">\r\n                                   <path d=\"M18 18v-16h-4v16h4zM12 18v-11h-4v11h4zM6 18v-8h-4v8h4z\"><\/path>\r\n                               <\/svg><span id=\"yasr-vv-text-container-f7b4f469734fc\" class=\"yasr-vv-text-container\">[Nbre : <span id=\"yasr-vv-votes-number-container-f7b4f469734fc\">1<\/span>  Moyenne : <span id=\"yasr-vv-average-container-f7b4f469734fc\">5<\/span>]<\/span><\/div><div id='yasr-vv-loader-f7b4f469734fc' class='yasr-vv-container-loader'><\/div><\/div><div id='yasr-vv-bottom-container-f7b4f469734fc' class='yasr-vv-bottom-container'><\/div><\/div><!--End Yasr Visitor Votes Shortcode--><\/div><div id=\"vende-286614154\" class=\"vende-ads-apres-contenu vende-entity-placement\" style=\"margin-top: 10px;margin-bottom: 10px;margin-left: 10px;\"><p><a href=\"https:\/\/hellostickers.fr\" rel=\"stickers autocollants decoratifs personnalis\u00e9s regionaux\"><img loading=\"lazy\" decoding=\"async\" class=\"alignnone wp-image-2282 \" title=\"stickers autocollants decoratifs personnalis\u00e9s regionaux\" src=\"https:\/\/www.vendee1.eu\/vendee\/wp-content\/uploads\/2017\/05\/stickers_autocollants_decoratifs_regionaux-e1552677291609.png\" alt=\"stickers autocollants decoratifs personnalis\u00e9s regionaux\" width=\"654\" height=\"121\" \/><\/a><\/p>\n<\/div>","protected":false},"excerpt":{"rendered":"<p>La chemin\u00e9e J&rsquo;\u00e9tions depuis ben ine s&rsquo;maine ch\u00e9 l&rsquo;voisin\u00a0 Jules\u00a0 qu&rsquo;a\u00a0 r&rsquo;tap\u00e9 sa maison djimanche d&rsquo;r\u00e9cia\u00efe v&rsquo;la donc qu&rsquo;on s&rsquo;am\u00e8ne peur tchette esp\u00e8ce d&rsquo;inauguration \u00e9tait ine bounne occasion d&rsquo;go\u00fbter l\u00e9s barriques d&#8217;causer in p&rsquo;tit&#46;&#46;&#46;<\/p>\n","protected":false},"author":1,"featured_media":0,"comment_status":"closed","ping_status":"closed","sticky":false,"template":"","format":"standard","meta":{"yasr_overall_rating":0,"yasr_post_is_review":"","yasr_auto_insert_disabled":"","yasr_review_type":"","footnotes":""},"categories":[1],"tags":[],"class_list":["post-1220","post","type-post","status-publish","format-standard","hentry","category-non-classe"],"yasr_visitor_votes":{"stars_attributes":{"read_only":false,"span_bottom":false},"number_of_votes":1,"sum_votes":5},"yoast_head":"<!-- This site is optimized with the Yoast SEO plugin v27.5 - https:\/\/yoast.com\/product\/yoast-seo-wordpress\/ -->\n<title>La chemin\u00e9e - Sorties en Vend\u00e9e, Tourisme<\/title>\n<meta name=\"robots\" content=\"index, follow, max-snippet:-1, max-image-preview:large, max-video-preview:-1\" \/>\n<link rel=\"canonical\" href=\"https:\/\/www.vendee1.eu\/vendee\/la-cheminee\/\" \/>\n<meta property=\"og:locale\" content=\"fr_FR\" \/>\n<meta property=\"og:type\" content=\"article\" \/>\n<meta property=\"og:title\" content=\"La chemin\u00e9e - Sorties en Vend\u00e9e, Tourisme\" \/>\n<meta property=\"og:description\" content=\"La chemin\u00e9e J&rsquo;\u00e9tions depuis ben ine s&rsquo;maine ch\u00e9 l&rsquo;voisin\u00a0 Jules\u00a0 qu&rsquo;a\u00a0 r&rsquo;tap\u00e9 sa maison djimanche d&rsquo;r\u00e9cia\u00efe v&rsquo;la donc qu&rsquo;on s&rsquo;am\u00e8ne peur tchette esp\u00e8ce d&rsquo;inauguration \u00e9tait ine bounne occasion d&rsquo;go\u00fbter l\u00e9s barriques d&#8217;causer in p&rsquo;tit&#046;&#046;&#046;\" \/>\n<meta property=\"og:url\" content=\"https:\/\/www.vendee1.eu\/vendee\/la-cheminee\/\" \/>\n<meta property=\"og:site_name\" content=\"Sorties en Vend\u00e9e, Tourisme\" \/>\n<meta property=\"article:publisher\" content=\"https:\/\/www.facebook.com\/vendee.tourisme.7\/\" \/>\n<meta property=\"article:published_time\" content=\"2017-03-18T12:14:15+00:00\" \/>\n<meta name=\"author\" content=\"Sorties Vend\u00e9e\" \/>\n<meta name=\"twitter:card\" content=\"summary_large_image\" \/>\n<meta name=\"twitter:label1\" content=\"\u00c9crit par\" \/>\n\t<meta name=\"twitter:data1\" content=\"Sorties Vend\u00e9e\" \/>\n\t<meta name=\"twitter:label2\" content=\"Dur\u00e9e de lecture estim\u00e9e\" \/>\n\t<meta name=\"twitter:data2\" content=\"2 minutes\" \/>\n<script type=\"application\/ld+json\" class=\"yoast-schema-graph\">{\"@context\":\"https:\\\/\\\/schema.org\",\"@graph\":[{\"@type\":\"Article\",\"@id\":\"https:\\\/\\\/www.vendee1.eu\\\/vendee\\\/la-cheminee\\\/#article\",\"isPartOf\":{\"@id\":\"https:\\\/\\\/www.vendee1.eu\\\/vendee\\\/la-cheminee\\\/\"},\"author\":{\"name\":\"Sorties Vend\u00e9e\",\"@id\":\"https:\\\/\\\/www.vendee1.eu\\\/vendee\\\/#\\\/schema\\\/person\\\/63e22c035c30bbdf6ae725e3b531afdc\"},\"headline\":\"La chemin\u00e9e\",\"datePublished\":\"2017-03-18T12:14:15+00:00\",\"mainEntityOfPage\":{\"@id\":\"https:\\\/\\\/www.vendee1.eu\\\/vendee\\\/la-cheminee\\\/\"},\"wordCount\":431,\"inLanguage\":\"fr-FR\"},{\"@type\":\"WebPage\",\"@id\":\"https:\\\/\\\/www.vendee1.eu\\\/vendee\\\/la-cheminee\\\/\",\"url\":\"https:\\\/\\\/www.vendee1.eu\\\/vendee\\\/la-cheminee\\\/\",\"name\":\"La chemin\u00e9e - Sorties en Vend\u00e9e, Tourisme\",\"isPartOf\":{\"@id\":\"https:\\\/\\\/www.vendee1.eu\\\/vendee\\\/#website\"},\"datePublished\":\"2017-03-18T12:14:15+00:00\",\"author\":{\"@id\":\"https:\\\/\\\/www.vendee1.eu\\\/vendee\\\/#\\\/schema\\\/person\\\/63e22c035c30bbdf6ae725e3b531afdc\"},\"breadcrumb\":{\"@id\":\"https:\\\/\\\/www.vendee1.eu\\\/vendee\\\/la-cheminee\\\/#breadcrumb\"},\"inLanguage\":\"fr-FR\",\"potentialAction\":[{\"@type\":\"ReadAction\",\"target\":[\"https:\\\/\\\/www.vendee1.eu\\\/vendee\\\/la-cheminee\\\/\"]}]},{\"@type\":\"BreadcrumbList\",\"@id\":\"https:\\\/\\\/www.vendee1.eu\\\/vendee\\\/la-cheminee\\\/#breadcrumb\",\"itemListElement\":[{\"@type\":\"ListItem\",\"position\":1,\"name\":\"Accueil\",\"item\":\"https:\\\/\\\/www.vendee1.eu\\\/vendee\\\/\"},{\"@type\":\"ListItem\",\"position\":2,\"name\":\"La chemin\u00e9e\"}]},{\"@type\":\"WebSite\",\"@id\":\"https:\\\/\\\/www.vendee1.eu\\\/vendee\\\/#website\",\"url\":\"https:\\\/\\\/www.vendee1.eu\\\/vendee\\\/\",\"name\":\"Sorties en Vend\u00e9e, Tourisme\",\"description\":\"Vend\u00e9e1, les id\u00e9es Sorties en Vend\u00e9e Tourisme\",\"potentialAction\":[{\"@type\":\"SearchAction\",\"target\":{\"@type\":\"EntryPoint\",\"urlTemplate\":\"https:\\\/\\\/www.vendee1.eu\\\/vendee\\\/?s={search_term_string}\"},\"query-input\":{\"@type\":\"PropertyValueSpecification\",\"valueRequired\":true,\"valueName\":\"search_term_string\"}}],\"inLanguage\":\"fr-FR\"},{\"@type\":\"Person\",\"@id\":\"https:\\\/\\\/www.vendee1.eu\\\/vendee\\\/#\\\/schema\\\/person\\\/63e22c035c30bbdf6ae725e3b531afdc\",\"name\":\"Sorties Vend\u00e9e\",\"image\":{\"@type\":\"ImageObject\",\"inLanguage\":\"fr-FR\",\"@id\":\"https:\\\/\\\/secure.gravatar.com\\\/avatar\\\/61d1de7f953f29bb3f5b6457b62fb4b66f834c865f75a7d8ec767d557a808e20?s=96&d=mm&r=g\",\"url\":\"https:\\\/\\\/secure.gravatar.com\\\/avatar\\\/61d1de7f953f29bb3f5b6457b62fb4b66f834c865f75a7d8ec767d557a808e20?s=96&d=mm&r=g\",\"contentUrl\":\"https:\\\/\\\/secure.gravatar.com\\\/avatar\\\/61d1de7f953f29bb3f5b6457b62fb4b66f834c865f75a7d8ec767d557a808e20?s=96&d=mm&r=g\",\"caption\":\"Sorties Vend\u00e9e\"}},{\"@context\":\"https:\\\/\\\/schema.org\\\/\",\"@type\":\"Product\",\"name\":\"La chemin\u00e9e\",\"description\":\"\",\"image\":{\"@type\":\"ImageObject\",\"url\":\"https:\\\/\\\/www.vendee1.eu\\\/vendee\\\/wp-content\\\/uploads\\\/2017\\\/03\\\/cropped-vendee1_banner2.jpg\",\"width\":512,\"height\":512},\"aggregateRating\":{\"@type\":\"AggregateRating\",\"ratingValue\":5,\"ratingCount\":1,\"bestRating\":5,\"worstRating\":1},\"brand\":{\"@type\":\"Brand\",\"name\":\"\"},\"sku\":\"\",\"\":\"\"}]}<\/script>\n<!-- \/ Yoast SEO plugin. -->","yoast_head_json":{"title":"La chemin\u00e9e - Sorties en Vend\u00e9e, Tourisme","robots":{"index":"index","follow":"follow","max-snippet":"max-snippet:-1","max-image-preview":"max-image-preview:large","max-video-preview":"max-video-preview:-1"},"canonical":"https:\/\/www.vendee1.eu\/vendee\/la-cheminee\/","og_locale":"fr_FR","og_type":"article","og_title":"La chemin\u00e9e - Sorties en Vend\u00e9e, Tourisme","og_description":"La chemin\u00e9e J&rsquo;\u00e9tions depuis ben ine s&rsquo;maine ch\u00e9 l&rsquo;voisin\u00a0 Jules\u00a0 qu&rsquo;a\u00a0 r&rsquo;tap\u00e9 sa maison djimanche d&rsquo;r\u00e9cia\u00efe v&rsquo;la donc qu&rsquo;on s&rsquo;am\u00e8ne peur tchette esp\u00e8ce d&rsquo;inauguration \u00e9tait ine bounne occasion d&rsquo;go\u00fbter l\u00e9s barriques d&#8217;causer in p&rsquo;tit&#46;&#46;&#46;","og_url":"https:\/\/www.vendee1.eu\/vendee\/la-cheminee\/","og_site_name":"Sorties en Vend\u00e9e, Tourisme","article_publisher":"https:\/\/www.facebook.com\/vendee.tourisme.7\/","article_published_time":"2017-03-18T12:14:15+00:00","author":"Sorties Vend\u00e9e","twitter_card":"summary_large_image","twitter_misc":{"\u00c9crit par":"Sorties Vend\u00e9e","Dur\u00e9e de lecture estim\u00e9e":"2 minutes"},"schema":{"@context":"https:\/\/schema.org","@graph":[{"@type":"Article","@id":"https:\/\/www.vendee1.eu\/vendee\/la-cheminee\/#article","isPartOf":{"@id":"https:\/\/www.vendee1.eu\/vendee\/la-cheminee\/"},"author":{"name":"Sorties Vend\u00e9e","@id":"https:\/\/www.vendee1.eu\/vendee\/#\/schema\/person\/63e22c035c30bbdf6ae725e3b531afdc"},"headline":"La chemin\u00e9e","datePublished":"2017-03-18T12:14:15+00:00","mainEntityOfPage":{"@id":"https:\/\/www.vendee1.eu\/vendee\/la-cheminee\/"},"wordCount":431,"inLanguage":"fr-FR"},{"@type":"WebPage","@id":"https:\/\/www.vendee1.eu\/vendee\/la-cheminee\/","url":"https:\/\/www.vendee1.eu\/vendee\/la-cheminee\/","name":"La chemin\u00e9e - Sorties en Vend\u00e9e, Tourisme","isPartOf":{"@id":"https:\/\/www.vendee1.eu\/vendee\/#website"},"datePublished":"2017-03-18T12:14:15+00:00","author":{"@id":"https:\/\/www.vendee1.eu\/vendee\/#\/schema\/person\/63e22c035c30bbdf6ae725e3b531afdc"},"breadcrumb":{"@id":"https:\/\/www.vendee1.eu\/vendee\/la-cheminee\/#breadcrumb"},"inLanguage":"fr-FR","potentialAction":[{"@type":"ReadAction","target":["https:\/\/www.vendee1.eu\/vendee\/la-cheminee\/"]}]},{"@type":"BreadcrumbList","@id":"https:\/\/www.vendee1.eu\/vendee\/la-cheminee\/#breadcrumb","itemListElement":[{"@type":"ListItem","position":1,"name":"Accueil","item":"https:\/\/www.vendee1.eu\/vendee\/"},{"@type":"ListItem","position":2,"name":"La chemin\u00e9e"}]},{"@type":"WebSite","@id":"https:\/\/www.vendee1.eu\/vendee\/#website","url":"https:\/\/www.vendee1.eu\/vendee\/","name":"Sorties en Vend\u00e9e, Tourisme","description":"Vend\u00e9e1, les id\u00e9es Sorties en Vend\u00e9e Tourisme","potentialAction":[{"@type":"SearchAction","target":{"@type":"EntryPoint","urlTemplate":"https:\/\/www.vendee1.eu\/vendee\/?s={search_term_string}"},"query-input":{"@type":"PropertyValueSpecification","valueRequired":true,"valueName":"search_term_string"}}],"inLanguage":"fr-FR"},{"@type":"Person","@id":"https:\/\/www.vendee1.eu\/vendee\/#\/schema\/person\/63e22c035c30bbdf6ae725e3b531afdc","name":"Sorties Vend\u00e9e","image":{"@type":"ImageObject","inLanguage":"fr-FR","@id":"https:\/\/secure.gravatar.com\/avatar\/61d1de7f953f29bb3f5b6457b62fb4b66f834c865f75a7d8ec767d557a808e20?s=96&d=mm&r=g","url":"https:\/\/secure.gravatar.com\/avatar\/61d1de7f953f29bb3f5b6457b62fb4b66f834c865f75a7d8ec767d557a808e20?s=96&d=mm&r=g","contentUrl":"https:\/\/secure.gravatar.com\/avatar\/61d1de7f953f29bb3f5b6457b62fb4b66f834c865f75a7d8ec767d557a808e20?s=96&d=mm&r=g","caption":"Sorties Vend\u00e9e"}},{"@context":"https:\/\/schema.org\/","@type":"Product","name":"La chemin\u00e9e","description":"","image":{"@type":"ImageObject","url":"https:\/\/www.vendee1.eu\/vendee\/wp-content\/uploads\/2017\/03\/cropped-vendee1_banner2.jpg","width":512,"height":512},"aggregateRating":{"@type":"AggregateRating","ratingValue":5,"ratingCount":1,"bestRating":5,"worstRating":1},"brand":{"@type":"Brand","name":""},"sku":"","":""}]}},"_links":{"self":[{"href":"https:\/\/www.vendee1.eu\/vendee\/wp-json\/wp\/v2\/posts\/1220","targetHints":{"allow":["GET"]}}],"collection":[{"href":"https:\/\/www.vendee1.eu\/vendee\/wp-json\/wp\/v2\/posts"}],"about":[{"href":"https:\/\/www.vendee1.eu\/vendee\/wp-json\/wp\/v2\/types\/post"}],"author":[{"embeddable":true,"href":"https:\/\/www.vendee1.eu\/vendee\/wp-json\/wp\/v2\/users\/1"}],"replies":[{"embeddable":true,"href":"https:\/\/www.vendee1.eu\/vendee\/wp-json\/wp\/v2\/comments?post=1220"}],"version-history":[{"count":1,"href":"https:\/\/www.vendee1.eu\/vendee\/wp-json\/wp\/v2\/posts\/1220\/revisions"}],"predecessor-version":[{"id":1221,"href":"https:\/\/www.vendee1.eu\/vendee\/wp-json\/wp\/v2\/posts\/1220\/revisions\/1221"}],"wp:attachment":[{"href":"https:\/\/www.vendee1.eu\/vendee\/wp-json\/wp\/v2\/media?parent=1220"}],"wp:term":[{"taxonomy":"category","embeddable":true,"href":"https:\/\/www.vendee1.eu\/vendee\/wp-json\/wp\/v2\/categories?post=1220"},{"taxonomy":"post_tag","embeddable":true,"href":"https:\/\/www.vendee1.eu\/vendee\/wp-json\/wp\/v2\/tags?post=1220"}],"curies":[{"name":"wp","href":"https:\/\/api.w.org\/{rel}","templated":true}]}}