{"id":1168,"date":"2017-03-18T13:00:45","date_gmt":"2017-03-18T12:00:45","guid":{"rendered":"http:\/\/www.vendee1.eu\/vendee\/?p=1168"},"modified":"2017-03-18T13:00:45","modified_gmt":"2017-03-18T12:00:45","slug":"souvenir-moissons-dautrefois","status":"publish","type":"post","link":"https:\/\/www.vendee1.eu\/vendee\/souvenir-moissons-dautrefois\/","title":{"rendered":"Souvenir des moissons d&rsquo;autrefois"},"content":{"rendered":"<div id=\"vende-4060576804\" class=\"vende-ads-avant-contenu vende-entity-placement\"><div id=\"attachment_3409\" style=\"width: 810px\" class=\"wp-caption alignnone\"><a href=\"https:\/\/www.mediawakeup.fr\/nous-contacter-184-rue-joseph-gaillard-zone-dactivites-nord-et-gare-85600-montaigu-vendee-agence-crea-web-print\/\" target=\"_blank\" rel=\"Cr\u00e9ation logo Vend\u00e9e Montaigu site internet noopener\"><img loading=\"lazy\" decoding=\"async\" aria-describedby=\"caption-attachment-3409\" class=\"wp-image-3409 size-full\" title=\"Cr\u00e9ation logo Vend\u00e9e Montaigu site internet\" src=\"https:\/\/www.vendee1.eu\/wp-content\/uploads\/2018\/03\/creation-site-internet-vendee-graphistes.jpg\" alt=\"Cr\u00e9ation logo Vend\u00e9e Montaigu site internet - Agence de communication web print en Vend\u00e9e \" width=\"800\" height=\"283\" \/><\/a><p id=\"caption-attachment-3409\" class=\"wp-caption-text\">Cr\u00e9ation logo Vend\u00e9e Montaigu site internet &#8211; Agence de communication web print en Vend\u00e9e<\/p><\/div>\n<p>&nbsp;<\/p>\n<\/div><p>Souvenir des moissons d&rsquo;autrefois<\/p>\n<p>\nDisons plut\u00f4t\u00a0\u00a0 des m\u00e9tives<br \/>\nC&rsquo;est un langage tellement plus po\u00e9tique<br \/>\npour un Bocain\u00a0 qui sirote encore ses souvenirs <br \/>\nd&rsquo;avant guerre ,\u00a0<br \/>\nmoissons d&rsquo;une \u00e9poque r\u00e9volue<br \/>\nles m\u00e9tives\u00a0\u00a0 et ,si donc , cette appellation \u00e0 la sauce<br \/>\nVend\u00e9enne\u00a0 conserve toujours son charme exquis<br \/>\ndans nos coeurs de retrait\u00e9s , c&rsquo;est qu&rsquo;elles sont le <br \/>\nreflet de nos jeunes ann\u00e9es<br \/>\nL&rsquo;avenir \u00e9tait devant nous\u00a0 , plein d&rsquo;espoir et de promesses<br \/>\nIl ne\u00a0 nous semblait pas ferm\u00e9 sur le monde du travail<br \/>\nComme \u00e0 la jeunesse d&rsquo;aujourd&rsquo;hui<\/p>\n<p>La saison des m\u00e9tives\u00a0 mettait en branle <br \/>\ntoute l&rsquo;arm\u00e9e\u00a0 des bras valides <br \/>\nC&rsquo;\u00e9tait la lev\u00e9e en masse<br \/>\nSouvent les artisans du bourg ,d\u00e9laissaient <br \/>\npour quelques jours leur atelier<br \/>\nCes bourgadins\u00a0\u00a0 et ces p\u00e9sans<br \/>\nqui s&rsquo;ironisent\u00a0 gentiment\u00a0 tout au long de l&rsquo;ann\u00e9e<br \/>\nont conclu une alliance pour le sauvetage du pain quotidien<\/p>\n<p>Ah\u00a0 ces champs de bl\u00e9 de notre bocage<br \/>\nmorcel\u00e9s \u00e0 la mesure\u00a0 des forces humaines<br \/>\nces blondes moissons ench\u00e2ss\u00e9es dans d&rsquo;\u00e9pais buissons<br \/>\nCe Vilmorin de chez nous aux tiges alti\u00e8res<br \/>\net aux \u00e9pis joufflus <br \/>\non allait affronter avec des moyens rudimentaires<br \/>\nce n&rsquo;\u00e9tait pas encore l&rsquo;\u00e9poque de l&rsquo;automatisation<br \/>\nmais c&rsquo;\u00e9tait cependant une sacr\u00e9e belle m\u00e9canique<br \/>\nnotre faucheuse doll\u00e9<br \/>\npar\u00e9e de son armure de moissonneuse<br \/>\net ils avaient la fiert\u00e9 des preux chevaliers \u00e0 l&rsquo;arme blanche<br \/>\nnos paysans d&rsquo;autrefois<\/p>\n<p>Une paire de boeufs ,dociles ,mais indolents<br \/>\ntractait la machine<br \/>\nOn entendait le cliqu\u00e8tement de sa lame d&rsquo;acier fon\u00e7ant <br \/>\nsans cesse sur la muraille d&rsquo;\u00e9pis<br \/>\nJe revois encore mon p\u00e8re juch\u00e9\u00a0 sur le si\u00e8ge m\u00e9tallique<br \/>\ns&rsquo;aidant d&rsquo;un r\u00e2teau engreneur\u00a0 pour incliner ,sur la lame<br \/>\nles \u00e9pis qui s&rsquo;\u00e9croulaient\u00a0 en enfilade ,dans le tablier en lattes<br \/>\nde bois verni , les javelles qu&rsquo;elle rejette dans son sillage<br \/>\nsont r\u00e9guli\u00e8res et bien fournies<\/p>\n<p>Femmes ou adolescents\u00a0\u00a0 trois personnes,vont s&rsquo;affairer \u00e0 sa suite<br \/>\nc&rsquo;\u00e9tait un coup de main \u00e0 apprendre\u00a0 pour relever d\u00e9licatement<br \/>\nla javelle \u00a0\u00a0 avec le bec de la faucille<br \/>\nl&rsquo;enrouler sur la jambe\u00a0 <br \/>\navant d&rsquo;aller la d\u00e9poser\u00a0 bien empaquet\u00e9e<br \/>\ndeux sillons plus loin <br \/>\n,afin d&rsquo;assurer le prochain passage \u00a0 de la machine<br \/>\ntrois javelles formaient\u00a0 le contenu d&rsquo;une gerbe<\/p>\n<p>D\u00e9j\u00e0 en ce temps l\u00e0 ,nous avions abandonn\u00e9<br \/>\nle traditionnel lien de paille ,pour de robustes cordes<br \/>\nmunies de boucles et de noeuds<br \/>\n,s&rsquo;adaptant parfaitement \u00e0 la bielle\u00a0<br \/>\n\u00a0 cette longue aiguille\u00a0 de fer ,dont se servaient les lieurs<br \/>\npour ceinturer la gerbe<br \/>\naffrontant les ardeurs du soleil\u00a0 ,les hommes et les b\u00eates<br \/>\nvont travailler durement\u00a0\u00a0 ,jusqu&rsquo;\u00e0 la nuit<br \/>\nnous les trouvions bien p\u00e9nibles\u00a0 ,ces journ\u00e9es harassantes<br \/>\net pourtant<\/p>\n<p>Vous avez bien de la chance d&rsquo;avoir des machines<br \/>\nqui font le boulot<br \/>\nnous disaient\u00a0 les vieux d&rsquo;avant la guerre de 14<br \/>\nderniers sp\u00e9cimens\u00a0 d&rsquo;une race paysanne<br \/>\nqui avait m\u00e9tiv\u00e9\u00a0\u00a0 \u00e0 la faucille ,depuis la nuit des temps<br \/>\net qui \u00e9taient persuad\u00e9s que le summun de la modernisation<br \/>\nagricole\u00a0 \u00e9tait d\u00e9sormais atteint<\/p>\n<p>Puis brusquement\u00a0 ,bouleversant toutes les traditons<br \/>\narriva\u00a0 ce monstre sacr\u00e9 autotract\u00e9 ,d\u00e9voreur des moissons<br \/>\ncapable\u00a0 de vous transformer en pelouse des hectares<br \/>\nde froment sur pied\u00a0 ,le temps de virer une cr\u00eape<\/p>\n<p>La po\u00e9sie mill\u00e9naire de la gerbe\u00a0 avait v\u00e9cu<\/p>\n<p>\nF\u00e9lix Moreau<\/p>\n<p><\/p>\n<div style='text-align:left' class='yasr-auto-insert-visitor'><!--Yasr Visitor Votes Shortcode--><div id='yasr_visitor_votes_f63ee5842d609' class='yasr-visitor-votes'><div class=\"yasr-custom-text-vv-before yasr-custom-text-vv-before-1168\">Avis visiteurs :<\/div><div id='yasr-vv-second-row-container-f63ee5842d609'\r\n                                        class='yasr-vv-second-row-container'><div id='yasr-visitor-votes-rater-f63ee5842d609'\r\n                                      class='yasr-rater-stars-vv'\r\n                                      data-rater-postid='1168'\r\n                                      data-rating='0'\r\n                                      data-rater-starsize='16'\r\n                                      data-rater-readonly='false'\r\n                                      data-rater-nonce='aefc8ee853'\r\n                                      data-issingular='false'\r\n                                    ><\/div><div class=\"yasr-vv-stats-text-container\" id=\"yasr-vv-stats-text-container-f63ee5842d609\"><svg xmlns=\"https:\/\/www.w3.org\/2000\/svg\" width=\"20\" height=\"20\"\r\n                                   class=\"yasr-dashicons-visitor-stats\"\r\n                                   data-postid=\"1168\"\r\n                                   id=\"yasr-stats-dashicon-f63ee5842d609\">\r\n                                   <path d=\"M18 18v-16h-4v16h4zM12 18v-11h-4v11h4zM6 18v-8h-4v8h4z\"><\/path>\r\n                               <\/svg><span id=\"yasr-vv-text-container-f63ee5842d609\" class=\"yasr-vv-text-container\">[Nbre : <span id=\"yasr-vv-votes-number-container-f63ee5842d609\">0<\/span>  Moyenne : <span id=\"yasr-vv-average-container-f63ee5842d609\">0<\/span>]<\/span><\/div><div id='yasr-vv-loader-f63ee5842d609' class='yasr-vv-container-loader'><\/div><\/div><div id='yasr-vv-bottom-container-f63ee5842d609' class='yasr-vv-bottom-container'><\/div><\/div><!--End Yasr Visitor Votes Shortcode--><\/div><div id=\"vende-2221775409\" class=\"vende-ads-apres-contenu vende-entity-placement\" style=\"margin-top: 10px;margin-bottom: 10px;margin-left: 10px;\"><p><a href=\"https:\/\/hellostickers.fr\" rel=\"stickers autocollants decoratifs personnalis\u00e9s regionaux\"><img loading=\"lazy\" decoding=\"async\" class=\"alignnone wp-image-2282 \" title=\"stickers autocollants decoratifs personnalis\u00e9s regionaux\" src=\"https:\/\/www.vendee1.eu\/vendee\/wp-content\/uploads\/2017\/05\/stickers_autocollants_decoratifs_regionaux-e1552677291609.png\" alt=\"stickers autocollants decoratifs personnalis\u00e9s regionaux\" width=\"654\" height=\"121\" \/><\/a><\/p>\n<\/div>","protected":false},"excerpt":{"rendered":"<p>Souvenir des moissons d&rsquo;autrefois Disons plut\u00f4t\u00a0\u00a0 des m\u00e9tives C&rsquo;est un langage tellement plus po\u00e9tique pour un Bocain\u00a0 qui sirote encore ses souvenirs d&rsquo;avant guerre ,\u00a0 moissons d&rsquo;une \u00e9poque r\u00e9volue les m\u00e9tives\u00a0\u00a0 et ,si donc&#46;&#46;&#46;<\/p>\n","protected":false},"author":1,"featured_media":0,"comment_status":"closed","ping_status":"closed","sticky":false,"template":"","format":"standard","meta":{"yasr_overall_rating":0,"yasr_post_is_review":"","yasr_auto_insert_disabled":"","yasr_review_type":"","footnotes":""},"categories":[1],"tags":[],"class_list":["post-1168","post","type-post","status-publish","format-standard","hentry","category-non-classe"],"yasr_visitor_votes":{"stars_attributes":{"read_only":false,"span_bottom":false},"number_of_votes":0,"sum_votes":0},"yoast_head":"<!-- This site is optimized with the Yoast SEO plugin v27.5 - https:\/\/yoast.com\/product\/yoast-seo-wordpress\/ -->\n<title>Souvenir des moissons d&#039;autrefois - Sorties en Vend\u00e9e, Tourisme<\/title>\n<meta name=\"robots\" content=\"index, follow, max-snippet:-1, max-image-preview:large, max-video-preview:-1\" \/>\n<link rel=\"canonical\" href=\"https:\/\/www.vendee1.eu\/vendee\/souvenir-moissons-dautrefois\/\" \/>\n<meta property=\"og:locale\" content=\"fr_FR\" \/>\n<meta property=\"og:type\" content=\"article\" \/>\n<meta property=\"og:title\" content=\"Souvenir des moissons d&#039;autrefois - Sorties en Vend\u00e9e, Tourisme\" \/>\n<meta property=\"og:description\" content=\"Souvenir des moissons d&rsquo;autrefois Disons plut\u00f4t\u00a0\u00a0 des m\u00e9tives C&rsquo;est un langage tellement plus po\u00e9tique pour un Bocain\u00a0 qui sirote encore ses souvenirs d&rsquo;avant guerre ,\u00a0 moissons d&rsquo;une \u00e9poque r\u00e9volue les m\u00e9tives\u00a0\u00a0 et ,si donc&#046;&#046;&#046;\" \/>\n<meta property=\"og:url\" content=\"https:\/\/www.vendee1.eu\/vendee\/souvenir-moissons-dautrefois\/\" \/>\n<meta property=\"og:site_name\" content=\"Sorties en Vend\u00e9e, Tourisme\" \/>\n<meta property=\"article:publisher\" content=\"https:\/\/www.facebook.com\/vendee.tourisme.7\/\" \/>\n<meta property=\"article:published_time\" content=\"2017-03-18T12:00:45+00:00\" \/>\n<meta name=\"author\" content=\"Sorties Vend\u00e9e\" \/>\n<meta name=\"twitter:card\" content=\"summary_large_image\" \/>\n<meta name=\"twitter:label1\" content=\"\u00c9crit par\" \/>\n\t<meta name=\"twitter:data1\" content=\"Sorties Vend\u00e9e\" \/>\n\t<meta name=\"twitter:label2\" content=\"Dur\u00e9e de lecture estim\u00e9e\" \/>\n\t<meta name=\"twitter:data2\" content=\"3 minutes\" \/>\n<script type=\"application\/ld+json\" class=\"yoast-schema-graph\">{\"@context\":\"https:\\\/\\\/schema.org\",\"@graph\":[{\"@type\":\"Article\",\"@id\":\"https:\\\/\\\/www.vendee1.eu\\\/vendee\\\/souvenir-moissons-dautrefois\\\/#article\",\"isPartOf\":{\"@id\":\"https:\\\/\\\/www.vendee1.eu\\\/vendee\\\/souvenir-moissons-dautrefois\\\/\"},\"author\":{\"name\":\"Sorties Vend\u00e9e\",\"@id\":\"https:\\\/\\\/www.vendee1.eu\\\/vendee\\\/#\\\/schema\\\/person\\\/63e22c035c30bbdf6ae725e3b531afdc\"},\"headline\":\"Souvenir des moissons d&rsquo;autrefois\",\"datePublished\":\"2017-03-18T12:00:45+00:00\",\"mainEntityOfPage\":{\"@id\":\"https:\\\/\\\/www.vendee1.eu\\\/vendee\\\/souvenir-moissons-dautrefois\\\/\"},\"wordCount\":580,\"inLanguage\":\"fr-FR\"},{\"@type\":\"WebPage\",\"@id\":\"https:\\\/\\\/www.vendee1.eu\\\/vendee\\\/souvenir-moissons-dautrefois\\\/\",\"url\":\"https:\\\/\\\/www.vendee1.eu\\\/vendee\\\/souvenir-moissons-dautrefois\\\/\",\"name\":\"Souvenir des moissons d'autrefois - Sorties en Vend\u00e9e, Tourisme\",\"isPartOf\":{\"@id\":\"https:\\\/\\\/www.vendee1.eu\\\/vendee\\\/#website\"},\"datePublished\":\"2017-03-18T12:00:45+00:00\",\"author\":{\"@id\":\"https:\\\/\\\/www.vendee1.eu\\\/vendee\\\/#\\\/schema\\\/person\\\/63e22c035c30bbdf6ae725e3b531afdc\"},\"breadcrumb\":{\"@id\":\"https:\\\/\\\/www.vendee1.eu\\\/vendee\\\/souvenir-moissons-dautrefois\\\/#breadcrumb\"},\"inLanguage\":\"fr-FR\",\"potentialAction\":[{\"@type\":\"ReadAction\",\"target\":[\"https:\\\/\\\/www.vendee1.eu\\\/vendee\\\/souvenir-moissons-dautrefois\\\/\"]}]},{\"@type\":\"BreadcrumbList\",\"@id\":\"https:\\\/\\\/www.vendee1.eu\\\/vendee\\\/souvenir-moissons-dautrefois\\\/#breadcrumb\",\"itemListElement\":[{\"@type\":\"ListItem\",\"position\":1,\"name\":\"Accueil\",\"item\":\"https:\\\/\\\/www.vendee1.eu\\\/vendee\\\/\"},{\"@type\":\"ListItem\",\"position\":2,\"name\":\"Souvenir des moissons d&rsquo;autrefois\"}]},{\"@type\":\"WebSite\",\"@id\":\"https:\\\/\\\/www.vendee1.eu\\\/vendee\\\/#website\",\"url\":\"https:\\\/\\\/www.vendee1.eu\\\/vendee\\\/\",\"name\":\"Sorties en Vend\u00e9e, Tourisme\",\"description\":\"Vend\u00e9e1, les id\u00e9es Sorties en Vend\u00e9e Tourisme\",\"potentialAction\":[{\"@type\":\"SearchAction\",\"target\":{\"@type\":\"EntryPoint\",\"urlTemplate\":\"https:\\\/\\\/www.vendee1.eu\\\/vendee\\\/?s={search_term_string}\"},\"query-input\":{\"@type\":\"PropertyValueSpecification\",\"valueRequired\":true,\"valueName\":\"search_term_string\"}}],\"inLanguage\":\"fr-FR\"},{\"@type\":\"Person\",\"@id\":\"https:\\\/\\\/www.vendee1.eu\\\/vendee\\\/#\\\/schema\\\/person\\\/63e22c035c30bbdf6ae725e3b531afdc\",\"name\":\"Sorties Vend\u00e9e\",\"image\":{\"@type\":\"ImageObject\",\"inLanguage\":\"fr-FR\",\"@id\":\"https:\\\/\\\/secure.gravatar.com\\\/avatar\\\/61d1de7f953f29bb3f5b6457b62fb4b66f834c865f75a7d8ec767d557a808e20?s=96&d=mm&r=g\",\"url\":\"https:\\\/\\\/secure.gravatar.com\\\/avatar\\\/61d1de7f953f29bb3f5b6457b62fb4b66f834c865f75a7d8ec767d557a808e20?s=96&d=mm&r=g\",\"contentUrl\":\"https:\\\/\\\/secure.gravatar.com\\\/avatar\\\/61d1de7f953f29bb3f5b6457b62fb4b66f834c865f75a7d8ec767d557a808e20?s=96&d=mm&r=g\",\"caption\":\"Sorties Vend\u00e9e\"}},false]}<\/script>\n<!-- \/ Yoast SEO plugin. -->","yoast_head_json":{"title":"Souvenir des moissons d'autrefois - Sorties en Vend\u00e9e, Tourisme","robots":{"index":"index","follow":"follow","max-snippet":"max-snippet:-1","max-image-preview":"max-image-preview:large","max-video-preview":"max-video-preview:-1"},"canonical":"https:\/\/www.vendee1.eu\/vendee\/souvenir-moissons-dautrefois\/","og_locale":"fr_FR","og_type":"article","og_title":"Souvenir des moissons d'autrefois - Sorties en Vend\u00e9e, Tourisme","og_description":"Souvenir des moissons d&rsquo;autrefois Disons plut\u00f4t\u00a0\u00a0 des m\u00e9tives C&rsquo;est un langage tellement plus po\u00e9tique pour un Bocain\u00a0 qui sirote encore ses souvenirs d&rsquo;avant guerre ,\u00a0 moissons d&rsquo;une \u00e9poque r\u00e9volue les m\u00e9tives\u00a0\u00a0 et ,si donc&#46;&#46;&#46;","og_url":"https:\/\/www.vendee1.eu\/vendee\/souvenir-moissons-dautrefois\/","og_site_name":"Sorties en Vend\u00e9e, Tourisme","article_publisher":"https:\/\/www.facebook.com\/vendee.tourisme.7\/","article_published_time":"2017-03-18T12:00:45+00:00","author":"Sorties Vend\u00e9e","twitter_card":"summary_large_image","twitter_misc":{"\u00c9crit par":"Sorties Vend\u00e9e","Dur\u00e9e de lecture estim\u00e9e":"3 minutes"},"schema":{"@context":"https:\/\/schema.org","@graph":[{"@type":"Article","@id":"https:\/\/www.vendee1.eu\/vendee\/souvenir-moissons-dautrefois\/#article","isPartOf":{"@id":"https:\/\/www.vendee1.eu\/vendee\/souvenir-moissons-dautrefois\/"},"author":{"name":"Sorties Vend\u00e9e","@id":"https:\/\/www.vendee1.eu\/vendee\/#\/schema\/person\/63e22c035c30bbdf6ae725e3b531afdc"},"headline":"Souvenir des moissons d&rsquo;autrefois","datePublished":"2017-03-18T12:00:45+00:00","mainEntityOfPage":{"@id":"https:\/\/www.vendee1.eu\/vendee\/souvenir-moissons-dautrefois\/"},"wordCount":580,"inLanguage":"fr-FR"},{"@type":"WebPage","@id":"https:\/\/www.vendee1.eu\/vendee\/souvenir-moissons-dautrefois\/","url":"https:\/\/www.vendee1.eu\/vendee\/souvenir-moissons-dautrefois\/","name":"Souvenir des moissons d'autrefois - Sorties en Vend\u00e9e, Tourisme","isPartOf":{"@id":"https:\/\/www.vendee1.eu\/vendee\/#website"},"datePublished":"2017-03-18T12:00:45+00:00","author":{"@id":"https:\/\/www.vendee1.eu\/vendee\/#\/schema\/person\/63e22c035c30bbdf6ae725e3b531afdc"},"breadcrumb":{"@id":"https:\/\/www.vendee1.eu\/vendee\/souvenir-moissons-dautrefois\/#breadcrumb"},"inLanguage":"fr-FR","potentialAction":[{"@type":"ReadAction","target":["https:\/\/www.vendee1.eu\/vendee\/souvenir-moissons-dautrefois\/"]}]},{"@type":"BreadcrumbList","@id":"https:\/\/www.vendee1.eu\/vendee\/souvenir-moissons-dautrefois\/#breadcrumb","itemListElement":[{"@type":"ListItem","position":1,"name":"Accueil","item":"https:\/\/www.vendee1.eu\/vendee\/"},{"@type":"ListItem","position":2,"name":"Souvenir des moissons d&rsquo;autrefois"}]},{"@type":"WebSite","@id":"https:\/\/www.vendee1.eu\/vendee\/#website","url":"https:\/\/www.vendee1.eu\/vendee\/","name":"Sorties en Vend\u00e9e, Tourisme","description":"Vend\u00e9e1, les id\u00e9es Sorties en Vend\u00e9e Tourisme","potentialAction":[{"@type":"SearchAction","target":{"@type":"EntryPoint","urlTemplate":"https:\/\/www.vendee1.eu\/vendee\/?s={search_term_string}"},"query-input":{"@type":"PropertyValueSpecification","valueRequired":true,"valueName":"search_term_string"}}],"inLanguage":"fr-FR"},{"@type":"Person","@id":"https:\/\/www.vendee1.eu\/vendee\/#\/schema\/person\/63e22c035c30bbdf6ae725e3b531afdc","name":"Sorties Vend\u00e9e","image":{"@type":"ImageObject","inLanguage":"fr-FR","@id":"https:\/\/secure.gravatar.com\/avatar\/61d1de7f953f29bb3f5b6457b62fb4b66f834c865f75a7d8ec767d557a808e20?s=96&d=mm&r=g","url":"https:\/\/secure.gravatar.com\/avatar\/61d1de7f953f29bb3f5b6457b62fb4b66f834c865f75a7d8ec767d557a808e20?s=96&d=mm&r=g","contentUrl":"https:\/\/secure.gravatar.com\/avatar\/61d1de7f953f29bb3f5b6457b62fb4b66f834c865f75a7d8ec767d557a808e20?s=96&d=mm&r=g","caption":"Sorties Vend\u00e9e"}},false]}},"_links":{"self":[{"href":"https:\/\/www.vendee1.eu\/vendee\/wp-json\/wp\/v2\/posts\/1168","targetHints":{"allow":["GET"]}}],"collection":[{"href":"https:\/\/www.vendee1.eu\/vendee\/wp-json\/wp\/v2\/posts"}],"about":[{"href":"https:\/\/www.vendee1.eu\/vendee\/wp-json\/wp\/v2\/types\/post"}],"author":[{"embeddable":true,"href":"https:\/\/www.vendee1.eu\/vendee\/wp-json\/wp\/v2\/users\/1"}],"replies":[{"embeddable":true,"href":"https:\/\/www.vendee1.eu\/vendee\/wp-json\/wp\/v2\/comments?post=1168"}],"version-history":[{"count":1,"href":"https:\/\/www.vendee1.eu\/vendee\/wp-json\/wp\/v2\/posts\/1168\/revisions"}],"predecessor-version":[{"id":1169,"href":"https:\/\/www.vendee1.eu\/vendee\/wp-json\/wp\/v2\/posts\/1168\/revisions\/1169"}],"wp:attachment":[{"href":"https:\/\/www.vendee1.eu\/vendee\/wp-json\/wp\/v2\/media?parent=1168"}],"wp:term":[{"taxonomy":"category","embeddable":true,"href":"https:\/\/www.vendee1.eu\/vendee\/wp-json\/wp\/v2\/categories?post=1168"},{"taxonomy":"post_tag","embeddable":true,"href":"https:\/\/www.vendee1.eu\/vendee\/wp-json\/wp\/v2\/tags?post=1168"}],"curies":[{"name":"wp","href":"https:\/\/api.w.org\/{rel}","templated":true}]}}