{"id":1129,"date":"2017-03-18T10:18:25","date_gmt":"2017-03-18T09:18:25","guid":{"rendered":"http:\/\/www.vendee1.eu\/vendee\/?p=1129"},"modified":"2017-03-18T10:18:25","modified_gmt":"2017-03-18T09:18:25","slug":"le-jardinier-du-couvent","status":"publish","type":"post","link":"https:\/\/www.vendee1.eu\/vendee\/le-jardinier-du-couvent\/","title":{"rendered":"Le jardinier du couvent"},"content":{"rendered":"<div id=\"vende-1423413506\" class=\"vende-ads-avant-contenu vende-entity-placement\"><div id=\"attachment_3409\" style=\"width: 810px\" class=\"wp-caption alignnone\"><a href=\"https:\/\/www.mediawakeup.fr\/nous-contacter-184-rue-joseph-gaillard-zone-dactivites-nord-et-gare-85600-montaigu-vendee-agence-crea-web-print\/\" target=\"_blank\" rel=\"Cr\u00e9ation logo Vend\u00e9e Montaigu site internet noopener\"><img loading=\"lazy\" decoding=\"async\" aria-describedby=\"caption-attachment-3409\" class=\"wp-image-3409 size-full\" title=\"Cr\u00e9ation logo Vend\u00e9e Montaigu site internet\" src=\"https:\/\/www.vendee1.eu\/wp-content\/uploads\/2018\/03\/creation-site-internet-vendee-graphistes.jpg\" alt=\"Cr\u00e9ation logo Vend\u00e9e Montaigu site internet - Agence de communication web print en Vend\u00e9e \" width=\"800\" height=\"283\" \/><\/a><p id=\"caption-attachment-3409\" class=\"wp-caption-text\">Cr\u00e9ation logo Vend\u00e9e Montaigu site internet &#8211; Agence de communication web print en Vend\u00e9e<\/p><\/div>\n<p>&nbsp;<\/p>\n<\/div><h1><span style=\"font-size: medium;\">\u00a0<\/span><\/h1>\n<h1><span style=\"font-size: medium;\">Chanson ancienne de Vend\u00e9e<\/span><\/h1>\n<h1><span style=\"font-size: medium;\">\u00ab\u00a0Le jardinier du couvent\u00a0\u00bb<\/span><\/h1>\n<p>C&rsquo;\u00e9tait la fille d&rsquo;un n\u00e9gociant<br \/>\nEt le gar\u00e7on d&rsquo;un fabriquant<br \/>\nQuand il allait voir sa ma\u00eetresse<br \/>\nIls n&rsquo;avaient pas de plus beau discours<br \/>\nEn se faisant mille caresses<br \/>\nQue de parler de leurs amours<\/p>\n<p>\nLa m\u00e8re qui entend cela<br \/>\nPetite enfant\u00a0 que dis tu l\u00e0 ,<br \/>\nCar une fille de ton \u00e2ge<br \/>\nElle doit d&rsquo;abord aller au couvent<br \/>\nPour y apprendre les usages<br \/>\nEt vivre seule\u00a0 et sans amant<\/p>\n<p>\nLa fille fut mise\u00a0 au couvent<br \/>\nSans qu&rsquo;on lui demande\u00a0 son sentiment<br \/>\nDans tous les quartiers de la ville<br \/>\nSon p\u00e8re en fait un si grand r\u00e9cit<br \/>\nPrenez bien soin de ma fille <br \/>\nQu&rsquo;aucun amant ne la voit ici<\/p>\n<p>\nJe maudirai la toile<br \/>\nDont on a fait mon voile<br \/>\nEt les ciseaux des malheureuses<br \/>\nQui ont coup\u00e9 mes blonds cheveux<br \/>\nJe maudirai l&rsquo;\u00e9toffe\u00a0 dont on a fait ma robe<br \/>\nEt cette esp\u00e8ce de cordon noir<br \/>\nQui fait trois fois le tour de moi<\/p>\n<p>\nJe maudirai le pr\u00eatre qui a chant\u00e9 ma messe<br \/>\nLes desservants qui la servaient<br \/>\nLes assistants qui l&rsquo;entendaient<br \/>\nJe maudirai les murs<br \/>\nLes murs les murailles<br \/>\nSi hauts que je ne peux m&rsquo;en aller<\/p>\n<p>\nJe maudirai la grille<br \/>\nPar o\u00f9 je vois ces filles<br \/>\nLe forgeron qui l&rsquo;a forg\u00e9e<br \/>\nLe serrurier qui l&rsquo;a ferm\u00e9e<br \/>\nSi j&rsquo;\u00e9tais hirondelle<br \/>\nEt si j&rsquo;avais des ailes<br \/>\nJe passerais les murs du couvent<br \/>\nJe volerais vers mon amant<\/p>\n<p>\nLe galant roulant son m\u00e9tier<br \/>\nS&rsquo;habille en gar\u00e7on jardinier<br \/>\nVa se pr\u00e9senter avec adresse<br \/>\nDans le couvent par un beau matin<br \/>\nEt demande \u00e0 la m\u00e8re abbesse<br \/>\nDe travailler dans son jardin<\/p>\n<p>\nLa m\u00e8re abbesse fut charm\u00e9e<br \/>\nDe voir un si beau jardinier<br \/>\nEntrez entrez\u00a0 charmant jeune homme<br \/>\nVous nous ferez un beau jardin<br \/>\nEt nous aurons des fruits ,des pommes<br \/>\nAussi des roses et du jasmin <\/p>\n<p>\nVenez donc voir ,ma jeune soeur <br \/>\nB\u00eacher ce beau cultivateur<br \/>\nComme il travaille avec adresse<br \/>\nComme il laboure avec ardeur<br \/>\nLe galant a vu sa ma\u00eetresse<br \/>\nTous les deux changent de couleur<\/p>\n<p>\nLa m\u00e8re abbesse a fait trois pas<br \/>\nDeux beaux galants parlent tout bas<br \/>\nEn te voyant ,charmante\u00a0 belle<br \/>\nMon coeur\u00a0 me dit que je t&rsquo;aime tant<br \/>\nEt si tu m&rsquo;es encore fid\u00e8le<br \/>\nJe te sortirai du couvent<\/p>\n<p>\nLa jeune soeur\u00a0 en soupirant <br \/>\nA r\u00e9pondu\u00a0 bien doucement<br \/>\nVois la fen\u00eatre\u00a0 de ma chambre<br \/>\nElle est l\u00e0 bas au fond du jardin<br \/>\nViens cette nuit sans plus attendre<br \/>\nNous partirons demain matin<\/p>\n<p><br id=\"tinymce\" class=\"mceContentBody \" \/><\/p>\n<div style='text-align:left' class='yasr-auto-insert-visitor'><!--Yasr Visitor Votes Shortcode--><div id='yasr_visitor_votes_279196faf48f3' class='yasr-visitor-votes'><div class=\"yasr-custom-text-vv-before yasr-custom-text-vv-before-1129\">Avis visiteurs :<\/div><div id='yasr-vv-second-row-container-279196faf48f3'\r\n                                        class='yasr-vv-second-row-container'><div id='yasr-visitor-votes-rater-279196faf48f3'\r\n                                      class='yasr-rater-stars-vv'\r\n                                      data-rater-postid='1129'\r\n                                      data-rating='0'\r\n                                      data-rater-starsize='16'\r\n                                      data-rater-readonly='false'\r\n                                      data-rater-nonce='2cff1b6c54'\r\n                                      data-issingular='false'\r\n                                    ><\/div><div class=\"yasr-vv-stats-text-container\" id=\"yasr-vv-stats-text-container-279196faf48f3\"><svg xmlns=\"https:\/\/www.w3.org\/2000\/svg\" width=\"20\" height=\"20\"\r\n                                   class=\"yasr-dashicons-visitor-stats\"\r\n                                   data-postid=\"1129\"\r\n                                   id=\"yasr-stats-dashicon-279196faf48f3\">\r\n                                   <path d=\"M18 18v-16h-4v16h4zM12 18v-11h-4v11h4zM6 18v-8h-4v8h4z\"><\/path>\r\n                               <\/svg><span id=\"yasr-vv-text-container-279196faf48f3\" class=\"yasr-vv-text-container\">[Nbre : <span id=\"yasr-vv-votes-number-container-279196faf48f3\">0<\/span>  Moyenne : <span id=\"yasr-vv-average-container-279196faf48f3\">0<\/span>]<\/span><\/div><div id='yasr-vv-loader-279196faf48f3' class='yasr-vv-container-loader'><\/div><\/div><div id='yasr-vv-bottom-container-279196faf48f3' class='yasr-vv-bottom-container'><\/div><\/div><!--End Yasr Visitor Votes Shortcode--><\/div><div id=\"vende-3401129557\" class=\"vende-ads-apres-contenu vende-entity-placement\" style=\"margin-top: 10px;margin-bottom: 10px;margin-left: 10px;\"><p><a href=\"https:\/\/hellostickers.fr\" rel=\"stickers autocollants decoratifs personnalis\u00e9s regionaux\"><img loading=\"lazy\" decoding=\"async\" class=\"alignnone wp-image-2282 \" title=\"stickers autocollants decoratifs personnalis\u00e9s regionaux\" src=\"https:\/\/www.vendee1.eu\/vendee\/wp-content\/uploads\/2017\/05\/stickers_autocollants_decoratifs_regionaux-e1552677291609.png\" alt=\"stickers autocollants decoratifs personnalis\u00e9s regionaux\" width=\"654\" height=\"121\" \/><\/a><\/p>\n<\/div>","protected":false},"excerpt":{"rendered":"<p>\u00a0 Chanson ancienne de Vend\u00e9e \u00ab\u00a0Le jardinier du couvent\u00a0\u00bb C&rsquo;\u00e9tait la fille d&rsquo;un n\u00e9gociant Et le gar\u00e7on d&rsquo;un fabriquant Quand il allait voir sa ma\u00eetresse Ils n&rsquo;avaient pas de plus beau discours En se&#46;&#46;&#46;<\/p>\n","protected":false},"author":1,"featured_media":0,"comment_status":"closed","ping_status":"closed","sticky":false,"template":"","format":"standard","meta":{"yasr_overall_rating":0,"yasr_post_is_review":"","yasr_auto_insert_disabled":"","yasr_review_type":"","footnotes":""},"categories":[1],"tags":[],"class_list":["post-1129","post","type-post","status-publish","format-standard","hentry","category-non-classe"],"yasr_visitor_votes":{"stars_attributes":{"read_only":false,"span_bottom":false},"number_of_votes":0,"sum_votes":0},"yoast_head":"<!-- This site is optimized with the Yoast SEO plugin v27.5 - https:\/\/yoast.com\/product\/yoast-seo-wordpress\/ -->\n<title>Le jardinier du couvent - Sorties en Vend\u00e9e, Tourisme<\/title>\n<meta name=\"robots\" content=\"index, follow, max-snippet:-1, max-image-preview:large, max-video-preview:-1\" \/>\n<link rel=\"canonical\" href=\"https:\/\/www.vendee1.eu\/vendee\/le-jardinier-du-couvent\/\" \/>\n<meta property=\"og:locale\" content=\"fr_FR\" \/>\n<meta property=\"og:type\" content=\"article\" \/>\n<meta property=\"og:title\" content=\"Le jardinier du couvent - Sorties en Vend\u00e9e, Tourisme\" \/>\n<meta property=\"og:description\" content=\"\u00a0 Chanson ancienne de Vend\u00e9e \u00ab\u00a0Le jardinier du couvent\u00a0\u00bb C&rsquo;\u00e9tait la fille d&rsquo;un n\u00e9gociant Et le gar\u00e7on d&rsquo;un fabriquant Quand il allait voir sa ma\u00eetresse Ils n&rsquo;avaient pas de plus beau discours En se&#046;&#046;&#046;\" \/>\n<meta property=\"og:url\" content=\"https:\/\/www.vendee1.eu\/vendee\/le-jardinier-du-couvent\/\" \/>\n<meta property=\"og:site_name\" content=\"Sorties en Vend\u00e9e, Tourisme\" \/>\n<meta property=\"article:publisher\" content=\"https:\/\/www.facebook.com\/vendee.tourisme.7\/\" \/>\n<meta property=\"article:published_time\" content=\"2017-03-18T09:18:25+00:00\" \/>\n<meta name=\"author\" content=\"Sorties Vend\u00e9e\" \/>\n<meta name=\"twitter:card\" content=\"summary_large_image\" \/>\n<meta name=\"twitter:label1\" content=\"\u00c9crit par\" \/>\n\t<meta name=\"twitter:data1\" content=\"Sorties Vend\u00e9e\" \/>\n\t<meta name=\"twitter:label2\" content=\"Dur\u00e9e de lecture estim\u00e9e\" \/>\n\t<meta name=\"twitter:data2\" content=\"2 minutes\" \/>\n<script type=\"application\/ld+json\" class=\"yoast-schema-graph\">{\"@context\":\"https:\\\/\\\/schema.org\",\"@graph\":[{\"@type\":\"Article\",\"@id\":\"https:\\\/\\\/www.vendee1.eu\\\/vendee\\\/le-jardinier-du-couvent\\\/#article\",\"isPartOf\":{\"@id\":\"https:\\\/\\\/www.vendee1.eu\\\/vendee\\\/le-jardinier-du-couvent\\\/\"},\"author\":{\"name\":\"Sorties Vend\u00e9e\",\"@id\":\"https:\\\/\\\/www.vendee1.eu\\\/vendee\\\/#\\\/schema\\\/person\\\/63e22c035c30bbdf6ae725e3b531afdc\"},\"headline\":\"Le jardinier du couvent\",\"datePublished\":\"2017-03-18T09:18:25+00:00\",\"mainEntityOfPage\":{\"@id\":\"https:\\\/\\\/www.vendee1.eu\\\/vendee\\\/le-jardinier-du-couvent\\\/\"},\"wordCount\":444,\"inLanguage\":\"fr-FR\"},{\"@type\":\"WebPage\",\"@id\":\"https:\\\/\\\/www.vendee1.eu\\\/vendee\\\/le-jardinier-du-couvent\\\/\",\"url\":\"https:\\\/\\\/www.vendee1.eu\\\/vendee\\\/le-jardinier-du-couvent\\\/\",\"name\":\"Le jardinier du couvent - Sorties en Vend\u00e9e, Tourisme\",\"isPartOf\":{\"@id\":\"https:\\\/\\\/www.vendee1.eu\\\/vendee\\\/#website\"},\"datePublished\":\"2017-03-18T09:18:25+00:00\",\"author\":{\"@id\":\"https:\\\/\\\/www.vendee1.eu\\\/vendee\\\/#\\\/schema\\\/person\\\/63e22c035c30bbdf6ae725e3b531afdc\"},\"breadcrumb\":{\"@id\":\"https:\\\/\\\/www.vendee1.eu\\\/vendee\\\/le-jardinier-du-couvent\\\/#breadcrumb\"},\"inLanguage\":\"fr-FR\",\"potentialAction\":[{\"@type\":\"ReadAction\",\"target\":[\"https:\\\/\\\/www.vendee1.eu\\\/vendee\\\/le-jardinier-du-couvent\\\/\"]}]},{\"@type\":\"BreadcrumbList\",\"@id\":\"https:\\\/\\\/www.vendee1.eu\\\/vendee\\\/le-jardinier-du-couvent\\\/#breadcrumb\",\"itemListElement\":[{\"@type\":\"ListItem\",\"position\":1,\"name\":\"Accueil\",\"item\":\"https:\\\/\\\/www.vendee1.eu\\\/vendee\\\/\"},{\"@type\":\"ListItem\",\"position\":2,\"name\":\"Le jardinier du couvent\"}]},{\"@type\":\"WebSite\",\"@id\":\"https:\\\/\\\/www.vendee1.eu\\\/vendee\\\/#website\",\"url\":\"https:\\\/\\\/www.vendee1.eu\\\/vendee\\\/\",\"name\":\"Sorties en Vend\u00e9e, Tourisme\",\"description\":\"Vend\u00e9e1, les id\u00e9es Sorties en Vend\u00e9e Tourisme\",\"potentialAction\":[{\"@type\":\"SearchAction\",\"target\":{\"@type\":\"EntryPoint\",\"urlTemplate\":\"https:\\\/\\\/www.vendee1.eu\\\/vendee\\\/?s={search_term_string}\"},\"query-input\":{\"@type\":\"PropertyValueSpecification\",\"valueRequired\":true,\"valueName\":\"search_term_string\"}}],\"inLanguage\":\"fr-FR\"},{\"@type\":\"Person\",\"@id\":\"https:\\\/\\\/www.vendee1.eu\\\/vendee\\\/#\\\/schema\\\/person\\\/63e22c035c30bbdf6ae725e3b531afdc\",\"name\":\"Sorties Vend\u00e9e\",\"image\":{\"@type\":\"ImageObject\",\"inLanguage\":\"fr-FR\",\"@id\":\"https:\\\/\\\/secure.gravatar.com\\\/avatar\\\/61d1de7f953f29bb3f5b6457b62fb4b66f834c865f75a7d8ec767d557a808e20?s=96&d=mm&r=g\",\"url\":\"https:\\\/\\\/secure.gravatar.com\\\/avatar\\\/61d1de7f953f29bb3f5b6457b62fb4b66f834c865f75a7d8ec767d557a808e20?s=96&d=mm&r=g\",\"contentUrl\":\"https:\\\/\\\/secure.gravatar.com\\\/avatar\\\/61d1de7f953f29bb3f5b6457b62fb4b66f834c865f75a7d8ec767d557a808e20?s=96&d=mm&r=g\",\"caption\":\"Sorties Vend\u00e9e\"}},false]}<\/script>\n<!-- \/ Yoast SEO plugin. -->","yoast_head_json":{"title":"Le jardinier du couvent - Sorties en Vend\u00e9e, Tourisme","robots":{"index":"index","follow":"follow","max-snippet":"max-snippet:-1","max-image-preview":"max-image-preview:large","max-video-preview":"max-video-preview:-1"},"canonical":"https:\/\/www.vendee1.eu\/vendee\/le-jardinier-du-couvent\/","og_locale":"fr_FR","og_type":"article","og_title":"Le jardinier du couvent - Sorties en Vend\u00e9e, Tourisme","og_description":"\u00a0 Chanson ancienne de Vend\u00e9e \u00ab\u00a0Le jardinier du couvent\u00a0\u00bb C&rsquo;\u00e9tait la fille d&rsquo;un n\u00e9gociant Et le gar\u00e7on d&rsquo;un fabriquant Quand il allait voir sa ma\u00eetresse Ils n&rsquo;avaient pas de plus beau discours En se&#46;&#46;&#46;","og_url":"https:\/\/www.vendee1.eu\/vendee\/le-jardinier-du-couvent\/","og_site_name":"Sorties en Vend\u00e9e, Tourisme","article_publisher":"https:\/\/www.facebook.com\/vendee.tourisme.7\/","article_published_time":"2017-03-18T09:18:25+00:00","author":"Sorties Vend\u00e9e","twitter_card":"summary_large_image","twitter_misc":{"\u00c9crit par":"Sorties Vend\u00e9e","Dur\u00e9e de lecture estim\u00e9e":"2 minutes"},"schema":{"@context":"https:\/\/schema.org","@graph":[{"@type":"Article","@id":"https:\/\/www.vendee1.eu\/vendee\/le-jardinier-du-couvent\/#article","isPartOf":{"@id":"https:\/\/www.vendee1.eu\/vendee\/le-jardinier-du-couvent\/"},"author":{"name":"Sorties Vend\u00e9e","@id":"https:\/\/www.vendee1.eu\/vendee\/#\/schema\/person\/63e22c035c30bbdf6ae725e3b531afdc"},"headline":"Le jardinier du couvent","datePublished":"2017-03-18T09:18:25+00:00","mainEntityOfPage":{"@id":"https:\/\/www.vendee1.eu\/vendee\/le-jardinier-du-couvent\/"},"wordCount":444,"inLanguage":"fr-FR"},{"@type":"WebPage","@id":"https:\/\/www.vendee1.eu\/vendee\/le-jardinier-du-couvent\/","url":"https:\/\/www.vendee1.eu\/vendee\/le-jardinier-du-couvent\/","name":"Le jardinier du couvent - Sorties en Vend\u00e9e, Tourisme","isPartOf":{"@id":"https:\/\/www.vendee1.eu\/vendee\/#website"},"datePublished":"2017-03-18T09:18:25+00:00","author":{"@id":"https:\/\/www.vendee1.eu\/vendee\/#\/schema\/person\/63e22c035c30bbdf6ae725e3b531afdc"},"breadcrumb":{"@id":"https:\/\/www.vendee1.eu\/vendee\/le-jardinier-du-couvent\/#breadcrumb"},"inLanguage":"fr-FR","potentialAction":[{"@type":"ReadAction","target":["https:\/\/www.vendee1.eu\/vendee\/le-jardinier-du-couvent\/"]}]},{"@type":"BreadcrumbList","@id":"https:\/\/www.vendee1.eu\/vendee\/le-jardinier-du-couvent\/#breadcrumb","itemListElement":[{"@type":"ListItem","position":1,"name":"Accueil","item":"https:\/\/www.vendee1.eu\/vendee\/"},{"@type":"ListItem","position":2,"name":"Le jardinier du couvent"}]},{"@type":"WebSite","@id":"https:\/\/www.vendee1.eu\/vendee\/#website","url":"https:\/\/www.vendee1.eu\/vendee\/","name":"Sorties en Vend\u00e9e, Tourisme","description":"Vend\u00e9e1, les id\u00e9es Sorties en Vend\u00e9e Tourisme","potentialAction":[{"@type":"SearchAction","target":{"@type":"EntryPoint","urlTemplate":"https:\/\/www.vendee1.eu\/vendee\/?s={search_term_string}"},"query-input":{"@type":"PropertyValueSpecification","valueRequired":true,"valueName":"search_term_string"}}],"inLanguage":"fr-FR"},{"@type":"Person","@id":"https:\/\/www.vendee1.eu\/vendee\/#\/schema\/person\/63e22c035c30bbdf6ae725e3b531afdc","name":"Sorties Vend\u00e9e","image":{"@type":"ImageObject","inLanguage":"fr-FR","@id":"https:\/\/secure.gravatar.com\/avatar\/61d1de7f953f29bb3f5b6457b62fb4b66f834c865f75a7d8ec767d557a808e20?s=96&d=mm&r=g","url":"https:\/\/secure.gravatar.com\/avatar\/61d1de7f953f29bb3f5b6457b62fb4b66f834c865f75a7d8ec767d557a808e20?s=96&d=mm&r=g","contentUrl":"https:\/\/secure.gravatar.com\/avatar\/61d1de7f953f29bb3f5b6457b62fb4b66f834c865f75a7d8ec767d557a808e20?s=96&d=mm&r=g","caption":"Sorties Vend\u00e9e"}},false]}},"_links":{"self":[{"href":"https:\/\/www.vendee1.eu\/vendee\/wp-json\/wp\/v2\/posts\/1129","targetHints":{"allow":["GET"]}}],"collection":[{"href":"https:\/\/www.vendee1.eu\/vendee\/wp-json\/wp\/v2\/posts"}],"about":[{"href":"https:\/\/www.vendee1.eu\/vendee\/wp-json\/wp\/v2\/types\/post"}],"author":[{"embeddable":true,"href":"https:\/\/www.vendee1.eu\/vendee\/wp-json\/wp\/v2\/users\/1"}],"replies":[{"embeddable":true,"href":"https:\/\/www.vendee1.eu\/vendee\/wp-json\/wp\/v2\/comments?post=1129"}],"version-history":[{"count":1,"href":"https:\/\/www.vendee1.eu\/vendee\/wp-json\/wp\/v2\/posts\/1129\/revisions"}],"predecessor-version":[{"id":1130,"href":"https:\/\/www.vendee1.eu\/vendee\/wp-json\/wp\/v2\/posts\/1129\/revisions\/1130"}],"wp:attachment":[{"href":"https:\/\/www.vendee1.eu\/vendee\/wp-json\/wp\/v2\/media?parent=1129"}],"wp:term":[{"taxonomy":"category","embeddable":true,"href":"https:\/\/www.vendee1.eu\/vendee\/wp-json\/wp\/v2\/categories?post=1129"},{"taxonomy":"post_tag","embeddable":true,"href":"https:\/\/www.vendee1.eu\/vendee\/wp-json\/wp\/v2\/tags?post=1129"}],"curies":[{"name":"wp","href":"https:\/\/api.w.org\/{rel}","templated":true}]}}