{"id":1073,"date":"2017-03-18T10:02:00","date_gmt":"2017-03-18T09:02:00","guid":{"rendered":"http:\/\/www.vendee1.eu\/vendee\/?p=1073"},"modified":"2017-03-18T10:02:00","modified_gmt":"2017-03-18T09:02:00","slug":"les-aeroplanes-autre-version","status":"publish","type":"post","link":"https:\/\/www.vendee1.eu\/vendee\/les-aeroplanes-autre-version\/","title":{"rendered":"Les a\u00e9roplanes autre version"},"content":{"rendered":"<div id=\"vende-1992205895\" class=\"vende-ads-avant-contenu vende-entity-placement\"><div id=\"attachment_3409\" style=\"width: 810px\" class=\"wp-caption alignnone\"><a href=\"https:\/\/www.mediawakeup.fr\/nous-contacter-184-rue-joseph-gaillard-zone-dactivites-nord-et-gare-85600-montaigu-vendee-agence-crea-web-print\/\" target=\"_blank\" rel=\"Cr\u00e9ation logo Vend\u00e9e Montaigu site internet noopener\"><img loading=\"lazy\" decoding=\"async\" aria-describedby=\"caption-attachment-3409\" class=\"wp-image-3409 size-full\" title=\"Cr\u00e9ation logo Vend\u00e9e Montaigu site internet\" src=\"https:\/\/www.vendee1.eu\/wp-content\/uploads\/2018\/03\/creation-site-internet-vendee-graphistes.jpg\" alt=\"Cr\u00e9ation logo Vend\u00e9e Montaigu site internet - Agence de communication web print en Vend\u00e9e \" width=\"800\" height=\"283\" \/><\/a><p id=\"caption-attachment-3409\" class=\"wp-caption-text\">Cr\u00e9ation logo Vend\u00e9e Montaigu site internet &#8211; Agence de communication web print en Vend\u00e9e<\/p><\/div>\n<p>&nbsp;<\/p>\n<\/div><h1><span style=\"font-family: arial,helvetica,sans-serif; font-size: medium;\">Les a\u00e9roplanes autre version<\/span><\/h1>\n<p>\n<span style=\"font-size: small; font-family: arial,helvetica,sans-serif;\">Mes p&rsquo;tits amis, j&rsquo;vas vous raconter<\/span><br \/>\n<span style=\"font-size: small; font-family: arial,helvetica,sans-serif;\">c&rsquo;que vous savez pouet enc\u00f4re<\/span><br \/>\n<span style=\"font-size: small; font-family: arial,helvetica,sans-serif;\">Tchet ine chouse tchi v\u00e9 d&rsquo;se passer <\/span><br \/>\n<span style=\"font-size: small; font-family: arial,helvetica,sans-serif;\">Aux environs de Niort<\/span><br \/>\n<span style=\"font-size: small; font-family: arial,helvetica,sans-serif;\">l&rsquo;aviant install\u00e9<\/span><br \/>\n<span style=\"font-size: small; font-family: arial,helvetica,sans-serif;\">L\u00e0 -bas ,dans un pr\u00e9<\/span><br \/>\n<span style=\"font-size: small; font-family: arial,helvetica,sans-serif;\">En pien dans la campagne<\/span><br \/>\n<span style=\"font-size: small; font-family: arial,helvetica,sans-serif;\">Ine esp\u00e8ce de champ<\/span><br \/>\n<span style=\"font-size: small; font-family: arial,helvetica,sans-serif;\">Avour que l&rsquo;faisiant<\/span><br \/>\n<span style=\"font-size: small; font-family: arial,helvetica,sans-serif;\">Voler dos a\u00e9ropiannes<\/span><\/p>\n<p><span style=\"font-size: small; font-family: arial,helvetica,sans-serif;\">2\u00a0 Parti\u00a0 d&rsquo;chez ma da grand matin<\/span><br \/>\n<span style=\"font-size: small; font-family: arial,helvetica,sans-serif;\">J&rsquo;avas l&rsquo;id\u00e9e d&rsquo;\u00f4 vou\u00e8re<\/span><br \/>\n<span style=\"font-size: small; font-family: arial,helvetica,sans-serif;\">Y m&rsquo;en fus par le premer train<\/span><br \/>\n<span style=\"font-size: small; font-family: arial,helvetica,sans-serif;\">Y\u00e9tas pas le darr\u00e8re<\/span><br \/>\n<span style=\"font-size: small; font-family: arial,helvetica,sans-serif;\">Y avait\u00a0 ine d&rsquo;invention<\/span><br \/>\n<span style=\"font-size: small; font-family: arial,helvetica,sans-serif;\">Qu&#8217;emmenait tot tch\u00e9s gens<\/span><br \/>\n<span style=\"font-size: small; font-family: arial,helvetica,sans-serif;\">Qu&rsquo;l&rsquo;appeliant l&rsquo;autobusse<\/span><br \/>\n<span style=\"font-size: small; font-family: arial,helvetica,sans-serif;\">Y montis dedans<\/span><br \/>\n<span style=\"font-size: small; font-family: arial,helvetica,sans-serif;\">Et pis partirans<\/span><br \/>\n<span style=\"font-size: small; font-family: arial,helvetica,sans-serif;\">Furant b\u00e9tout rendu<\/span><\/p>\n<p>\n<span style=\"font-size: small; font-family: arial,helvetica,sans-serif;\">3 Quand y arrivis dans tcho grand champ<\/span><br \/>\n<span style=\"font-size: small; font-family: arial,helvetica,sans-serif;\">Dame j&rsquo;ouvras b\u00e9 les oeilles<\/span><br \/>\n<span style=\"font-size: small; font-family: arial,helvetica,sans-serif;\">Disiant qu&rsquo;tos tch\u00e9s osias voliant<\/span><br \/>\n<span style=\"font-size: small; font-family: arial,helvetica,sans-serif;\">Tot comme dos hirondelles<\/span><br \/>\n<span style=\"font-size: small; font-family: arial,helvetica,sans-serif;\">Pis v&rsquo;la un mossieu<\/span><br \/>\n<span style=\"font-size: small; font-family: arial,helvetica,sans-serif;\">Qui m&rsquo;a dit comme tchieu <\/span><br \/>\n<span style=\"font-size: small; font-family: arial,helvetica,sans-serif;\">Avant qu&rsquo;\u00f4 s\u00e8ge dans l&rsquo;air<\/span><br \/>\n<span style=\"font-size: small; font-family: arial,helvetica,sans-serif;\">Faudrait s&rsquo;assurer<\/span><br \/>\n<span style=\"font-size: small; font-family: arial,helvetica,sans-serif;\">C&rsquo;ment qu&rsquo;tchiet invent\u00e9<\/span><br \/>\n<span style=\"font-size: small; font-family: arial,helvetica,sans-serif;\">V&rsquo;nez donc qu&rsquo; j&rsquo;allions \u00f4 vou\u00e8re<\/span><\/p>\n<p><span style=\"font-size: small; font-family: arial,helvetica,sans-serif;\">4 A l&rsquo;\u00e9tiant tertotes sur un rang<\/span><br \/>\n<span style=\"font-size: small; font-family: arial,helvetica,sans-serif;\">Y en avait ine vraie guerrouaie<\/span><br \/>\n<span style=\"font-size: small; font-family: arial,helvetica,sans-serif;\">Y avait dos courtes\u00a0 y avait dos longues<\/span><br \/>\n<span style=\"font-size: small; font-family: arial,helvetica,sans-serif;\">Qu&rsquo;aviant la coue carr\u00ea<\/span><br \/>\n<span style=\"font-size: small; font-family: arial,helvetica,sans-serif;\">Pis tos tch\u00e9s osias<\/span><br \/>\n<span style=\"font-size: small; font-family: arial,helvetica,sans-serif;\">Se mirent \u00e0 ronfier<\/span><br \/>\n<span style=\"font-size: small; font-family: arial,helvetica,sans-serif;\">O buffait per darr\u00e8re<\/span><br \/>\n<span style=\"font-size: small; font-family: arial,helvetica,sans-serif;\">Et pis tot d&rsquo;un coup<\/span><br \/>\n<span style=\"font-size: small; font-family: arial,helvetica,sans-serif;\">S&rsquo;en furant tortous<\/span><br \/>\n<span style=\"font-size: small; font-family: arial,helvetica,sans-serif;\">Voler dans l&rsquo;atmosph\u00e8re<\/span><\/p>\n<p>\n<span style=\"font-size: small; font-family: arial,helvetica,sans-serif;\">5 Tcho l\u00e0 tchi s&rsquo;en allait l&rsquo;premer<\/span><br \/>\n<span style=\"font-size: small; font-family: arial,helvetica,sans-serif;\">Y t&rsquo;nait b\u00e9\u00a0 l&rsquo; gouvernail\u00a0 lle <\/span><br \/>\n<span style=\"font-size: small; font-family: arial,helvetica,sans-serif;\">Pendant un moument\u00a0 j&rsquo;creyas\u00a0 b\u00e9<\/span><br \/>\n<span style=\"font-size: small; font-family: arial,helvetica,sans-serif;\">Qu&rsquo;l&rsquo;avait rejoindu l&rsquo;soulail\u00a0 le<\/span><br \/>\n<span style=\"font-size: small; font-family: arial,helvetica,sans-serif;\">Cr\u00e9 non d&rsquo;un p\u00e9tard <\/span><br \/>\n<span style=\"font-size: small; font-family: arial,helvetica,sans-serif;\">l&rsquo; avait pou\u00e9\u00a0 l&rsquo;cafard<\/span><br \/>\n<span style=\"font-size: small; font-family: arial,helvetica,sans-serif;\">Per s&rsquo; envoler si hao\u00fbe<\/span><br \/>\n<span style=\"font-size: small; font-family: arial,helvetica,sans-serif;\">Y en avait la mouttchi\u00e9 qu&rsquo;\u00e9tiant \u00e0 regarder<\/span><br \/>\n<span style=\"font-size: small; font-family: arial,helvetica,sans-serif;\">Que l&rsquo;tchieur y en faisait\u00a0 mao\u00fbe<\/span><\/p>\n<p>\n<span style=\"font-size: small; font-family: arial,helvetica,sans-serif;\">6 Tot d&rsquo;un coup v&rsquo;l\u00e0 yen tchi chavire<\/span><br \/>\n<span style=\"font-size: small; font-family: arial,helvetica,sans-serif;\">Ah grand Dieu\u00a0\u00a0 tchell\u00a0\u00a0 malhur\u00a0 e<\/span><br \/>\n<span style=\"font-size: small; font-family: arial,helvetica,sans-serif;\">L&rsquo;disiant\u00a0 qu&rsquo;o l&rsquo;\u00e9tait\u00a0 ine avarie<\/span><br \/>\n<span style=\"font-size: small; font-family: arial,helvetica,sans-serif;\">Qu&rsquo;\u00a0 l&rsquo;avait\u00a0 \u00e0 son motur..e<\/span><br \/>\n<span style=\"font-size: small; font-family: arial,helvetica,sans-serif;\">Tch\u00e9\u00a0 ben invent\u00e9\u00a0 per se promener<\/span><br \/>\n<span style=\"font-size: small; font-family: arial,helvetica,sans-serif;\">Mais\u00a0\u00a0\u00a0 tch\u00e9\u00a0 trop \u00e0 la magn\u00e8re<\/span><br \/>\n<span style=\"font-size: small; font-family: arial,helvetica,sans-serif;\">Faut pouet oublier\u00a0 avant d&rsquo;sen aller<\/span><br \/>\n<span style=\"font-size: small; font-family: arial,helvetica,sans-serif;\">De leur dounner \u00e0 bou\u00e8re<\/span><\/p>\n<p>\n<span style=\"font-size: small; font-family: arial,helvetica,sans-serif;\">7 Quant y\u00a0 furant lass\u00e9s d&rsquo;voler<\/span><br \/>\n<span style=\"font-size: small; font-family: arial,helvetica,sans-serif;\">Pis\u00a0 enteur-nous\u00a0 d&rsquo;\u00f4 vou\u00e8re<\/span><br \/>\n<span style=\"font-size: small; font-family: arial,helvetica,sans-serif;\">Chacun\u00a0 d&rsquo;eux s&rsquo;en est donc all\u00e9<\/span><br \/>\n<span style=\"font-size: small; font-family: arial,helvetica,sans-serif;\">Se r&rsquo;pouser sur la terre<\/span><br \/>\n<span style=\"font-size: small; font-family: arial,helvetica,sans-serif;\">Et pis t\u00f4t tch\u00e9s\u00a0 gens<\/span><br \/>\n<span style=\"font-size: small; font-family: arial,helvetica,sans-serif;\">Y disiant\u00a0 vraiement<\/span><br \/>\n<span style=\"font-size: small; font-family: arial,helvetica,sans-serif;\">O\u00a0 s&rsquo;est jamais ren vu d&rsquo; sembiabe<\/span><br \/>\n<span style=\"font-size: small; font-family: arial,helvetica,sans-serif;\">Y criant\u00a0 bravo<\/span><br \/>\n<span style=\"font-size: small; font-family: arial,helvetica,sans-serif;\">Y\u00a0 hurliant tortos<\/span><br \/>\n<span style=\"font-size: small; font-family: arial,helvetica,sans-serif;\">V ivent\u00a0\u00a0 les\u00a0 a\u00e9ropiannes<\/span><\/p>\n<div style='text-align:left' class='yasr-auto-insert-visitor'><!--Yasr Visitor Votes Shortcode--><div id='yasr_visitor_votes_98a29022af67f' class='yasr-visitor-votes'><div class=\"yasr-custom-text-vv-before yasr-custom-text-vv-before-1073\">Avis visiteurs :<\/div><div id='yasr-vv-second-row-container-98a29022af67f'\r\n                                        class='yasr-vv-second-row-container'><div id='yasr-visitor-votes-rater-98a29022af67f'\r\n                                      class='yasr-rater-stars-vv'\r\n                                      data-rater-postid='1073'\r\n                                      data-rating='0'\r\n                                      data-rater-starsize='16'\r\n                                      data-rater-readonly='false'\r\n                                      data-rater-nonce='2cff1b6c54'\r\n                                      data-issingular='false'\r\n                                    ><\/div><div class=\"yasr-vv-stats-text-container\" id=\"yasr-vv-stats-text-container-98a29022af67f\"><svg xmlns=\"https:\/\/www.w3.org\/2000\/svg\" width=\"20\" height=\"20\"\r\n                                   class=\"yasr-dashicons-visitor-stats\"\r\n                                   data-postid=\"1073\"\r\n                                   id=\"yasr-stats-dashicon-98a29022af67f\">\r\n                                   <path d=\"M18 18v-16h-4v16h4zM12 18v-11h-4v11h4zM6 18v-8h-4v8h4z\"><\/path>\r\n                               <\/svg><span id=\"yasr-vv-text-container-98a29022af67f\" class=\"yasr-vv-text-container\">[Nbre : <span id=\"yasr-vv-votes-number-container-98a29022af67f\">0<\/span>  Moyenne : <span id=\"yasr-vv-average-container-98a29022af67f\">0<\/span>]<\/span><\/div><div id='yasr-vv-loader-98a29022af67f' class='yasr-vv-container-loader'><\/div><\/div><div id='yasr-vv-bottom-container-98a29022af67f' class='yasr-vv-bottom-container'><\/div><\/div><!--End Yasr Visitor Votes Shortcode--><\/div><div id=\"vende-552312803\" class=\"vende-ads-apres-contenu vende-entity-placement\" style=\"margin-top: 10px;margin-bottom: 10px;margin-left: 10px;\"><p><a href=\"https:\/\/hellostickers.fr\" rel=\"stickers autocollants decoratifs personnalis\u00e9s regionaux\"><img loading=\"lazy\" decoding=\"async\" class=\"alignnone wp-image-2282 \" title=\"stickers autocollants decoratifs personnalis\u00e9s regionaux\" src=\"https:\/\/www.vendee1.eu\/vendee\/wp-content\/uploads\/2017\/05\/stickers_autocollants_decoratifs_regionaux-e1552677291609.png\" alt=\"stickers autocollants decoratifs personnalis\u00e9s regionaux\" width=\"654\" height=\"121\" \/><\/a><\/p>\n<\/div>","protected":false},"excerpt":{"rendered":"<p>Les a\u00e9roplanes autre version Mes p&rsquo;tits amis, j&rsquo;vas vous raconter c&rsquo;que vous savez pouet enc\u00f4re Tchet ine chouse tchi v\u00e9 d&rsquo;se passer Aux environs de Niort l&rsquo;aviant install\u00e9 L\u00e0 -bas ,dans un pr\u00e9 En&#46;&#46;&#46;<\/p>\n","protected":false},"author":1,"featured_media":0,"comment_status":"closed","ping_status":"closed","sticky":false,"template":"","format":"standard","meta":{"yasr_overall_rating":0,"yasr_post_is_review":"","yasr_auto_insert_disabled":"","yasr_review_type":"","footnotes":""},"categories":[1],"tags":[],"class_list":["post-1073","post","type-post","status-publish","format-standard","hentry","category-non-classe"],"yasr_visitor_votes":{"stars_attributes":{"read_only":false,"span_bottom":false},"number_of_votes":0,"sum_votes":0},"yoast_head":"<!-- This site is optimized with the Yoast SEO plugin v27.5 - https:\/\/yoast.com\/product\/yoast-seo-wordpress\/ -->\n<title>Les a\u00e9roplanes autre version - Sorties en Vend\u00e9e, Tourisme<\/title>\n<meta name=\"robots\" content=\"index, follow, max-snippet:-1, max-image-preview:large, max-video-preview:-1\" \/>\n<link rel=\"canonical\" href=\"https:\/\/www.vendee1.eu\/vendee\/les-aeroplanes-autre-version\/\" \/>\n<meta property=\"og:locale\" content=\"fr_FR\" \/>\n<meta property=\"og:type\" content=\"article\" \/>\n<meta property=\"og:title\" content=\"Les a\u00e9roplanes autre version - Sorties en Vend\u00e9e, Tourisme\" \/>\n<meta property=\"og:description\" content=\"Les a\u00e9roplanes autre version Mes p&rsquo;tits amis, j&rsquo;vas vous raconter c&rsquo;que vous savez pouet enc\u00f4re Tchet ine chouse tchi v\u00e9 d&rsquo;se passer Aux environs de Niort l&rsquo;aviant install\u00e9 L\u00e0 -bas ,dans un pr\u00e9 En&#046;&#046;&#046;\" \/>\n<meta property=\"og:url\" content=\"https:\/\/www.vendee1.eu\/vendee\/les-aeroplanes-autre-version\/\" \/>\n<meta property=\"og:site_name\" content=\"Sorties en Vend\u00e9e, Tourisme\" \/>\n<meta property=\"article:publisher\" content=\"https:\/\/www.facebook.com\/vendee.tourisme.7\/\" \/>\n<meta property=\"article:published_time\" content=\"2017-03-18T09:02:00+00:00\" \/>\n<meta name=\"author\" content=\"Sorties Vend\u00e9e\" \/>\n<meta name=\"twitter:card\" content=\"summary_large_image\" \/>\n<meta name=\"twitter:label1\" content=\"\u00c9crit par\" \/>\n\t<meta name=\"twitter:data1\" content=\"Sorties Vend\u00e9e\" \/>\n\t<meta name=\"twitter:label2\" content=\"Dur\u00e9e de lecture estim\u00e9e\" \/>\n\t<meta name=\"twitter:data2\" content=\"2 minutes\" \/>\n<script type=\"application\/ld+json\" class=\"yoast-schema-graph\">{\"@context\":\"https:\\\/\\\/schema.org\",\"@graph\":[{\"@type\":\"Article\",\"@id\":\"https:\\\/\\\/www.vendee1.eu\\\/vendee\\\/les-aeroplanes-autre-version\\\/#article\",\"isPartOf\":{\"@id\":\"https:\\\/\\\/www.vendee1.eu\\\/vendee\\\/les-aeroplanes-autre-version\\\/\"},\"author\":{\"name\":\"Sorties Vend\u00e9e\",\"@id\":\"https:\\\/\\\/www.vendee1.eu\\\/vendee\\\/#\\\/schema\\\/person\\\/63e22c035c30bbdf6ae725e3b531afdc\"},\"headline\":\"Les a\u00e9roplanes autre version\",\"datePublished\":\"2017-03-18T09:02:00+00:00\",\"mainEntityOfPage\":{\"@id\":\"https:\\\/\\\/www.vendee1.eu\\\/vendee\\\/les-aeroplanes-autre-version\\\/\"},\"wordCount\":399,\"inLanguage\":\"fr-FR\"},{\"@type\":\"WebPage\",\"@id\":\"https:\\\/\\\/www.vendee1.eu\\\/vendee\\\/les-aeroplanes-autre-version\\\/\",\"url\":\"https:\\\/\\\/www.vendee1.eu\\\/vendee\\\/les-aeroplanes-autre-version\\\/\",\"name\":\"Les a\u00e9roplanes autre version - Sorties en Vend\u00e9e, Tourisme\",\"isPartOf\":{\"@id\":\"https:\\\/\\\/www.vendee1.eu\\\/vendee\\\/#website\"},\"datePublished\":\"2017-03-18T09:02:00+00:00\",\"author\":{\"@id\":\"https:\\\/\\\/www.vendee1.eu\\\/vendee\\\/#\\\/schema\\\/person\\\/63e22c035c30bbdf6ae725e3b531afdc\"},\"breadcrumb\":{\"@id\":\"https:\\\/\\\/www.vendee1.eu\\\/vendee\\\/les-aeroplanes-autre-version\\\/#breadcrumb\"},\"inLanguage\":\"fr-FR\",\"potentialAction\":[{\"@type\":\"ReadAction\",\"target\":[\"https:\\\/\\\/www.vendee1.eu\\\/vendee\\\/les-aeroplanes-autre-version\\\/\"]}]},{\"@type\":\"BreadcrumbList\",\"@id\":\"https:\\\/\\\/www.vendee1.eu\\\/vendee\\\/les-aeroplanes-autre-version\\\/#breadcrumb\",\"itemListElement\":[{\"@type\":\"ListItem\",\"position\":1,\"name\":\"Accueil\",\"item\":\"https:\\\/\\\/www.vendee1.eu\\\/vendee\\\/\"},{\"@type\":\"ListItem\",\"position\":2,\"name\":\"Les a\u00e9roplanes autre version\"}]},{\"@type\":\"WebSite\",\"@id\":\"https:\\\/\\\/www.vendee1.eu\\\/vendee\\\/#website\",\"url\":\"https:\\\/\\\/www.vendee1.eu\\\/vendee\\\/\",\"name\":\"Sorties en Vend\u00e9e, Tourisme\",\"description\":\"Vend\u00e9e1, les id\u00e9es Sorties en Vend\u00e9e Tourisme\",\"potentialAction\":[{\"@type\":\"SearchAction\",\"target\":{\"@type\":\"EntryPoint\",\"urlTemplate\":\"https:\\\/\\\/www.vendee1.eu\\\/vendee\\\/?s={search_term_string}\"},\"query-input\":{\"@type\":\"PropertyValueSpecification\",\"valueRequired\":true,\"valueName\":\"search_term_string\"}}],\"inLanguage\":\"fr-FR\"},{\"@type\":\"Person\",\"@id\":\"https:\\\/\\\/www.vendee1.eu\\\/vendee\\\/#\\\/schema\\\/person\\\/63e22c035c30bbdf6ae725e3b531afdc\",\"name\":\"Sorties Vend\u00e9e\",\"image\":{\"@type\":\"ImageObject\",\"inLanguage\":\"fr-FR\",\"@id\":\"https:\\\/\\\/secure.gravatar.com\\\/avatar\\\/61d1de7f953f29bb3f5b6457b62fb4b66f834c865f75a7d8ec767d557a808e20?s=96&d=mm&r=g\",\"url\":\"https:\\\/\\\/secure.gravatar.com\\\/avatar\\\/61d1de7f953f29bb3f5b6457b62fb4b66f834c865f75a7d8ec767d557a808e20?s=96&d=mm&r=g\",\"contentUrl\":\"https:\\\/\\\/secure.gravatar.com\\\/avatar\\\/61d1de7f953f29bb3f5b6457b62fb4b66f834c865f75a7d8ec767d557a808e20?s=96&d=mm&r=g\",\"caption\":\"Sorties Vend\u00e9e\"}},false]}<\/script>\n<!-- \/ Yoast SEO plugin. -->","yoast_head_json":{"title":"Les a\u00e9roplanes autre version - Sorties en Vend\u00e9e, Tourisme","robots":{"index":"index","follow":"follow","max-snippet":"max-snippet:-1","max-image-preview":"max-image-preview:large","max-video-preview":"max-video-preview:-1"},"canonical":"https:\/\/www.vendee1.eu\/vendee\/les-aeroplanes-autre-version\/","og_locale":"fr_FR","og_type":"article","og_title":"Les a\u00e9roplanes autre version - Sorties en Vend\u00e9e, Tourisme","og_description":"Les a\u00e9roplanes autre version Mes p&rsquo;tits amis, j&rsquo;vas vous raconter c&rsquo;que vous savez pouet enc\u00f4re Tchet ine chouse tchi v\u00e9 d&rsquo;se passer Aux environs de Niort l&rsquo;aviant install\u00e9 L\u00e0 -bas ,dans un pr\u00e9 En&#46;&#46;&#46;","og_url":"https:\/\/www.vendee1.eu\/vendee\/les-aeroplanes-autre-version\/","og_site_name":"Sorties en Vend\u00e9e, Tourisme","article_publisher":"https:\/\/www.facebook.com\/vendee.tourisme.7\/","article_published_time":"2017-03-18T09:02:00+00:00","author":"Sorties Vend\u00e9e","twitter_card":"summary_large_image","twitter_misc":{"\u00c9crit par":"Sorties Vend\u00e9e","Dur\u00e9e de lecture estim\u00e9e":"2 minutes"},"schema":{"@context":"https:\/\/schema.org","@graph":[{"@type":"Article","@id":"https:\/\/www.vendee1.eu\/vendee\/les-aeroplanes-autre-version\/#article","isPartOf":{"@id":"https:\/\/www.vendee1.eu\/vendee\/les-aeroplanes-autre-version\/"},"author":{"name":"Sorties Vend\u00e9e","@id":"https:\/\/www.vendee1.eu\/vendee\/#\/schema\/person\/63e22c035c30bbdf6ae725e3b531afdc"},"headline":"Les a\u00e9roplanes autre version","datePublished":"2017-03-18T09:02:00+00:00","mainEntityOfPage":{"@id":"https:\/\/www.vendee1.eu\/vendee\/les-aeroplanes-autre-version\/"},"wordCount":399,"inLanguage":"fr-FR"},{"@type":"WebPage","@id":"https:\/\/www.vendee1.eu\/vendee\/les-aeroplanes-autre-version\/","url":"https:\/\/www.vendee1.eu\/vendee\/les-aeroplanes-autre-version\/","name":"Les a\u00e9roplanes autre version - Sorties en Vend\u00e9e, Tourisme","isPartOf":{"@id":"https:\/\/www.vendee1.eu\/vendee\/#website"},"datePublished":"2017-03-18T09:02:00+00:00","author":{"@id":"https:\/\/www.vendee1.eu\/vendee\/#\/schema\/person\/63e22c035c30bbdf6ae725e3b531afdc"},"breadcrumb":{"@id":"https:\/\/www.vendee1.eu\/vendee\/les-aeroplanes-autre-version\/#breadcrumb"},"inLanguage":"fr-FR","potentialAction":[{"@type":"ReadAction","target":["https:\/\/www.vendee1.eu\/vendee\/les-aeroplanes-autre-version\/"]}]},{"@type":"BreadcrumbList","@id":"https:\/\/www.vendee1.eu\/vendee\/les-aeroplanes-autre-version\/#breadcrumb","itemListElement":[{"@type":"ListItem","position":1,"name":"Accueil","item":"https:\/\/www.vendee1.eu\/vendee\/"},{"@type":"ListItem","position":2,"name":"Les a\u00e9roplanes autre version"}]},{"@type":"WebSite","@id":"https:\/\/www.vendee1.eu\/vendee\/#website","url":"https:\/\/www.vendee1.eu\/vendee\/","name":"Sorties en Vend\u00e9e, Tourisme","description":"Vend\u00e9e1, les id\u00e9es Sorties en Vend\u00e9e Tourisme","potentialAction":[{"@type":"SearchAction","target":{"@type":"EntryPoint","urlTemplate":"https:\/\/www.vendee1.eu\/vendee\/?s={search_term_string}"},"query-input":{"@type":"PropertyValueSpecification","valueRequired":true,"valueName":"search_term_string"}}],"inLanguage":"fr-FR"},{"@type":"Person","@id":"https:\/\/www.vendee1.eu\/vendee\/#\/schema\/person\/63e22c035c30bbdf6ae725e3b531afdc","name":"Sorties Vend\u00e9e","image":{"@type":"ImageObject","inLanguage":"fr-FR","@id":"https:\/\/secure.gravatar.com\/avatar\/61d1de7f953f29bb3f5b6457b62fb4b66f834c865f75a7d8ec767d557a808e20?s=96&d=mm&r=g","url":"https:\/\/secure.gravatar.com\/avatar\/61d1de7f953f29bb3f5b6457b62fb4b66f834c865f75a7d8ec767d557a808e20?s=96&d=mm&r=g","contentUrl":"https:\/\/secure.gravatar.com\/avatar\/61d1de7f953f29bb3f5b6457b62fb4b66f834c865f75a7d8ec767d557a808e20?s=96&d=mm&r=g","caption":"Sorties Vend\u00e9e"}},false]}},"_links":{"self":[{"href":"https:\/\/www.vendee1.eu\/vendee\/wp-json\/wp\/v2\/posts\/1073","targetHints":{"allow":["GET"]}}],"collection":[{"href":"https:\/\/www.vendee1.eu\/vendee\/wp-json\/wp\/v2\/posts"}],"about":[{"href":"https:\/\/www.vendee1.eu\/vendee\/wp-json\/wp\/v2\/types\/post"}],"author":[{"embeddable":true,"href":"https:\/\/www.vendee1.eu\/vendee\/wp-json\/wp\/v2\/users\/1"}],"replies":[{"embeddable":true,"href":"https:\/\/www.vendee1.eu\/vendee\/wp-json\/wp\/v2\/comments?post=1073"}],"version-history":[{"count":1,"href":"https:\/\/www.vendee1.eu\/vendee\/wp-json\/wp\/v2\/posts\/1073\/revisions"}],"predecessor-version":[{"id":1074,"href":"https:\/\/www.vendee1.eu\/vendee\/wp-json\/wp\/v2\/posts\/1073\/revisions\/1074"}],"wp:attachment":[{"href":"https:\/\/www.vendee1.eu\/vendee\/wp-json\/wp\/v2\/media?parent=1073"}],"wp:term":[{"taxonomy":"category","embeddable":true,"href":"https:\/\/www.vendee1.eu\/vendee\/wp-json\/wp\/v2\/categories?post=1073"},{"taxonomy":"post_tag","embeddable":true,"href":"https:\/\/www.vendee1.eu\/vendee\/wp-json\/wp\/v2\/tags?post=1073"}],"curies":[{"name":"wp","href":"https:\/\/api.w.org\/{rel}","templated":true}]}}