{"id":1049,"date":"2017-03-17T08:26:26","date_gmt":"2017-03-17T07:26:26","guid":{"rendered":"http:\/\/www.vendee1.eu\/vendee\/?p=1049"},"modified":"2017-03-17T08:26:26","modified_gmt":"2017-03-17T07:26:26","slug":"peche-mer-cadre-de-peche","status":"publish","type":"post","link":"https:\/\/www.vendee1.eu\/vendee\/peche-mer-cadre-de-peche\/","title":{"rendered":"P\u00eache en Mer &#8211; le cadre de p\u00eache"},"content":{"rendered":"<div id=\"vende-1571967700\" class=\"vende-ads-avant-contenu vende-entity-placement\"><div id=\"attachment_3409\" style=\"width: 810px\" class=\"wp-caption alignnone\"><a href=\"https:\/\/www.mediawakeup.fr\/nous-contacter-184-rue-joseph-gaillard-zone-dactivites-nord-et-gare-85600-montaigu-vendee-agence-crea-web-print\/\" target=\"_blank\" rel=\"Cr\u00e9ation logo Vend\u00e9e Montaigu site internet noopener\"><img loading=\"lazy\" decoding=\"async\" aria-describedby=\"caption-attachment-3409\" class=\"wp-image-3409 size-full\" title=\"Cr\u00e9ation logo Vend\u00e9e Montaigu site internet\" src=\"https:\/\/www.vendee1.eu\/wp-content\/uploads\/2018\/03\/creation-site-internet-vendee-graphistes.jpg\" alt=\"Cr\u00e9ation logo Vend\u00e9e Montaigu site internet - Agence de communication web print en Vend\u00e9e \" width=\"800\" height=\"283\" \/><\/a><p id=\"caption-attachment-3409\" class=\"wp-caption-text\">Cr\u00e9ation logo Vend\u00e9e Montaigu site internet &#8211; Agence de communication web print en Vend\u00e9e<\/p><\/div>\n<p>&nbsp;<\/p>\n<\/div><p><span style=\"font-family: arial,helvetica,sans-serif; font-size: small;\"><img loading=\"lazy\" decoding=\"async\" style=\"float: left; border: 0pt none; margin-left: 15px; margin-right: 15px;\" title=\"le cadre de p\u00eache\" src=\"images\/loisirs\/promenade-peche-mer\/cadre-de-peche.jpg\" alt=\"le cadre de p\u00eache\" width=\"176\" height=\"176\" border=\"0\" \/><br \/>\n<\/span><\/p>\n<h1 style=\"text-align: justify;\"><span style=\"font-size: small;\">Moniteur Guide de P\u00eache professionnel<\/span><\/h1>\n<p style=\"text-align: justify;\"><span style=\"font-family: arial,helvetica,sans-serif; font-size: small;\">Moniteur Guide de P\u00eache professionnel Le cadre de p\u00eache propose au sein de son atelier, de fabriquer soit m\u00eame un grand nombre d\u2019articles pour la p\u00eache, type leurre souple, ligne,\u2026 Mais aussi la possibilit\u00e9 de demander des renseignements sur des appareils type sondeur,GPS \u2026 de voir leur fonctionnement.<\/span><\/p>\n<p style=\"text-align: justify;\"><span style=\"font-family: arial,helvetica,sans-serif; font-size: small;\">Le Cadre de p\u00eache, c\u2019est aussi pour les plus jeunes une \u00e9cole de p\u00eache, pour y d\u00e9couvrir le milieu aquatique et marin, avec des sorties p\u00eache au douce, d\u00e9couverte de l\u2019Estran,\u00a0 et aussi de l\u2019atelier.<\/span><\/p>\n<p style=\"text-align: justify;\"><span style=\"font-family: arial,helvetica,sans-serif; font-size: small;\">Le cadre de P\u00eache est un guide de p\u00eache qui vous emm\u00e8ne sur son bateau, pour pratiquer la p\u00eache au leurre, la p\u00eache \u00e0 la d\u00e9rive\u2026 pour d\u00e9couvrir, progresser ou se perfectionner dans ce type de p\u00eache<\/span><\/p>\n<p style=\"text-align: justify;\"><span style=\"font-family: arial,helvetica,sans-serif; font-size: small;\">Et ainsi appr\u00e9ciez la p\u00eache en mer en Vend\u00e9e aux abords de Noirmoutier, l\u2019\u00eele d\u2019Yeu, Saint Gilles croix de Vie.<\/span><\/p>\n<p style=\"text-align: justify;\"><span style=\"font-family: arial,helvetica,sans-serif; font-size: small;\">Venez d\u00e9couvrir un site, un poisson, une technique, en toute d\u00e9contraction. De nombreuses formules vous sont propos\u00e9es afin de r\u00e9pondre \u00e0 vos besoins. J\u2019esp\u00e8re que ce site r\u00e9pondra \u00e0 tous vos attentes et je vous souhaite une ann\u00e9e riche en \u00e9motions<\/span><\/p>\n<p style=\"text-align: justify;\"><span style=\"font-family: arial,helvetica,sans-serif; font-size: small;\">Professionnel du Guidage et de l&rsquo;Enseignement de la p\u00eache, titulaire d&rsquo;un Brevet d\u2019\u00c9tat (BP JEPS), poss\u00e8de une carte professionnelle d\u00e9livr\u00e9e par les services de la Jeunesse et des Sports de son d\u00e9partement. (Ne peut enseigner que s&rsquo;il est titulaire de cette carte).<\/span><\/p>\n<p style=\"text-align: justify;\"><span style=\"font-family: arial,helvetica,sans-serif; font-size: small;\">Je vous propose de vous accompagner dans cette d\u00e9couverte halieutique ou vous b\u00e9n\u00e9ficierez un apprentissage personnalis\u00e9. Ma connaissance du milieux aquatique alli\u00e9 \u00e0 ma pratique assidu de ma passion vous permet d`approcher la vie aquatique d`une autre mani\u00e8re.<\/span><\/p>\n<p style=\"text-align: justify;\"><strong><span style=\"font-family: arial,helvetica,sans-serif; font-size: small;\">Pour tout renseignement, contactez Bruno au 0677068413, <br \/>\nou rendez vous sur le site <a href=\"http:\/\/www.lecadredepeche.fr\" target=\"_blank\"><span style=\"font-size: medium;\">www.lecadredepeche.fr<\/span><\/a><\/span><\/strong><\/p>\n<p style=\"text-align: justify;\"><img decoding=\"async\" title=\"p\u00eache en mer\" src=\"images\/loisirs\/promenade-peche-mer\/cadre-de-peche2.jpg\" alt=\"p\u00eache en mer\" border=\"0\" \/> <img decoding=\"async\" title=\"promenades en mer\" src=\"images\/loisirs\/promenade-peche-mer\/cadre-de-peche3.jpg\" alt=\"promenades en mer\" border=\"0\" \/><\/p>\n<p style=\"text-align: justify;\"><img decoding=\"async\" title=\"peche en mer vendee\" src=\"images\/loisirs\/promenade-peche-mer\/cadre-de-peche4.jpg\" alt=\"peche en mer vendee\" border=\"0\" \/><\/p>\n<p>&nbsp;<\/p>\n<p>&nbsp;<\/p>\n<p><span style=\"font-family: arial,helvetica,sans-serif; font-size: small;\">\u00a0<\/span><\/p>\n<div style='text-align:left' class='yasr-auto-insert-visitor'><!--Yasr Visitor Votes Shortcode--><div id='yasr_visitor_votes_b39366b52fe80' class='yasr-visitor-votes'><div class=\"yasr-custom-text-vv-before yasr-custom-text-vv-before-1049\">Avis visiteurs :<\/div><div id='yasr-vv-second-row-container-b39366b52fe80'\r\n                                        class='yasr-vv-second-row-container'><div id='yasr-visitor-votes-rater-b39366b52fe80'\r\n                                      class='yasr-rater-stars-vv'\r\n                                      data-rater-postid='1049'\r\n                                      data-rating='0'\r\n                                      data-rater-starsize='16'\r\n                                      data-rater-readonly='false'\r\n                                      data-rater-nonce='2cff1b6c54'\r\n                                      data-issingular='false'\r\n                                    ><\/div><div class=\"yasr-vv-stats-text-container\" id=\"yasr-vv-stats-text-container-b39366b52fe80\"><svg xmlns=\"https:\/\/www.w3.org\/2000\/svg\" width=\"20\" height=\"20\"\r\n                                   class=\"yasr-dashicons-visitor-stats\"\r\n                                   data-postid=\"1049\"\r\n                                   id=\"yasr-stats-dashicon-b39366b52fe80\">\r\n                                   <path d=\"M18 18v-16h-4v16h4zM12 18v-11h-4v11h4zM6 18v-8h-4v8h4z\"><\/path>\r\n                               <\/svg><span id=\"yasr-vv-text-container-b39366b52fe80\" class=\"yasr-vv-text-container\">[Nbre : <span id=\"yasr-vv-votes-number-container-b39366b52fe80\">0<\/span>  Moyenne : <span id=\"yasr-vv-average-container-b39366b52fe80\">0<\/span>]<\/span><\/div><div id='yasr-vv-loader-b39366b52fe80' class='yasr-vv-container-loader'><\/div><\/div><div id='yasr-vv-bottom-container-b39366b52fe80' class='yasr-vv-bottom-container'><\/div><\/div><!--End Yasr Visitor Votes Shortcode--><\/div><div id=\"vende-78835745\" class=\"vende-ads-apres-contenu vende-entity-placement\" style=\"margin-top: 10px;margin-bottom: 10px;margin-left: 10px;\"><p><a href=\"https:\/\/hellostickers.fr\" rel=\"stickers autocollants decoratifs personnalis\u00e9s regionaux\"><img loading=\"lazy\" decoding=\"async\" class=\"alignnone wp-image-2282 \" title=\"stickers autocollants decoratifs personnalis\u00e9s regionaux\" src=\"https:\/\/www.vendee1.eu\/vendee\/wp-content\/uploads\/2017\/05\/stickers_autocollants_decoratifs_regionaux-e1552677291609.png\" alt=\"stickers autocollants decoratifs personnalis\u00e9s regionaux\" width=\"654\" height=\"121\" \/><\/a><\/p>\n<\/div>","protected":false},"excerpt":{"rendered":"<p>Moniteur Guide de P\u00eache professionnel Moniteur Guide de P\u00eache professionnel Le cadre de p\u00eache propose au sein de son atelier, de fabriquer soit m\u00eame un grand nombre d\u2019articles pour la p\u00eache, type leurre souple,&#46;&#46;&#46;<\/p>\n","protected":false},"author":1,"featured_media":0,"comment_status":"closed","ping_status":"closed","sticky":false,"template":"","format":"standard","meta":{"yasr_overall_rating":0,"yasr_post_is_review":"","yasr_auto_insert_disabled":"","yasr_review_type":"","footnotes":""},"categories":[1],"tags":[],"class_list":["post-1049","post","type-post","status-publish","format-standard","hentry","category-non-classe"],"yasr_visitor_votes":{"stars_attributes":{"read_only":false,"span_bottom":false},"number_of_votes":0,"sum_votes":0},"yoast_head":"<!-- This site is optimized with the Yoast SEO plugin v27.5 - https:\/\/yoast.com\/product\/yoast-seo-wordpress\/ -->\n<title>P\u00eache en Mer - le cadre de p\u00eache - Sorties en Vend\u00e9e, Tourisme<\/title>\n<meta name=\"robots\" content=\"index, follow, max-snippet:-1, max-image-preview:large, max-video-preview:-1\" \/>\n<link rel=\"canonical\" href=\"https:\/\/www.vendee1.eu\/vendee\/peche-mer-cadre-de-peche\/\" \/>\n<meta property=\"og:locale\" content=\"fr_FR\" \/>\n<meta property=\"og:type\" content=\"article\" \/>\n<meta property=\"og:title\" content=\"P\u00eache en Mer - le cadre de p\u00eache - Sorties en Vend\u00e9e, Tourisme\" \/>\n<meta property=\"og:description\" content=\"Moniteur Guide de P\u00eache professionnel Moniteur Guide de P\u00eache professionnel Le cadre de p\u00eache propose au sein de son atelier, de fabriquer soit m\u00eame un grand nombre d\u2019articles pour la p\u00eache, type leurre souple,&#046;&#046;&#046;\" \/>\n<meta property=\"og:url\" content=\"https:\/\/www.vendee1.eu\/vendee\/peche-mer-cadre-de-peche\/\" \/>\n<meta property=\"og:site_name\" content=\"Sorties en Vend\u00e9e, Tourisme\" \/>\n<meta property=\"article:publisher\" content=\"https:\/\/www.facebook.com\/vendee.tourisme.7\/\" \/>\n<meta property=\"article:published_time\" content=\"2017-03-17T07:26:26+00:00\" \/>\n<meta property=\"og:image\" content=\"http:\/\/images\/loisirs\/promenade-peche-mer\/cadre-de-peche.jpg\" \/>\n<meta name=\"author\" content=\"Sorties Vend\u00e9e\" \/>\n<meta name=\"twitter:card\" content=\"summary_large_image\" \/>\n<meta name=\"twitter:label1\" content=\"\u00c9crit par\" \/>\n\t<meta name=\"twitter:data1\" content=\"Sorties Vend\u00e9e\" \/>\n\t<meta name=\"twitter:label2\" content=\"Dur\u00e9e de lecture estim\u00e9e\" \/>\n\t<meta name=\"twitter:data2\" content=\"2 minutes\" \/>\n<script type=\"application\/ld+json\" class=\"yoast-schema-graph\">{\"@context\":\"https:\\\/\\\/schema.org\",\"@graph\":[{\"@type\":\"Article\",\"@id\":\"https:\\\/\\\/www.vendee1.eu\\\/vendee\\\/peche-mer-cadre-de-peche\\\/#article\",\"isPartOf\":{\"@id\":\"https:\\\/\\\/www.vendee1.eu\\\/vendee\\\/peche-mer-cadre-de-peche\\\/\"},\"author\":{\"name\":\"Sorties Vend\u00e9e\",\"@id\":\"https:\\\/\\\/www.vendee1.eu\\\/vendee\\\/#\\\/schema\\\/person\\\/63e22c035c30bbdf6ae725e3b531afdc\"},\"headline\":\"P\u00eache en Mer &#8211; le cadre de p\u00eache\",\"datePublished\":\"2017-03-17T07:26:26+00:00\",\"mainEntityOfPage\":{\"@id\":\"https:\\\/\\\/www.vendee1.eu\\\/vendee\\\/peche-mer-cadre-de-peche\\\/\"},\"wordCount\":339,\"inLanguage\":\"fr-FR\"},{\"@type\":\"WebPage\",\"@id\":\"https:\\\/\\\/www.vendee1.eu\\\/vendee\\\/peche-mer-cadre-de-peche\\\/\",\"url\":\"https:\\\/\\\/www.vendee1.eu\\\/vendee\\\/peche-mer-cadre-de-peche\\\/\",\"name\":\"P\u00eache en Mer - le cadre de p\u00eache - Sorties en Vend\u00e9e, Tourisme\",\"isPartOf\":{\"@id\":\"https:\\\/\\\/www.vendee1.eu\\\/vendee\\\/#website\"},\"datePublished\":\"2017-03-17T07:26:26+00:00\",\"author\":{\"@id\":\"https:\\\/\\\/www.vendee1.eu\\\/vendee\\\/#\\\/schema\\\/person\\\/63e22c035c30bbdf6ae725e3b531afdc\"},\"breadcrumb\":{\"@id\":\"https:\\\/\\\/www.vendee1.eu\\\/vendee\\\/peche-mer-cadre-de-peche\\\/#breadcrumb\"},\"inLanguage\":\"fr-FR\",\"potentialAction\":[{\"@type\":\"ReadAction\",\"target\":[\"https:\\\/\\\/www.vendee1.eu\\\/vendee\\\/peche-mer-cadre-de-peche\\\/\"]}]},{\"@type\":\"BreadcrumbList\",\"@id\":\"https:\\\/\\\/www.vendee1.eu\\\/vendee\\\/peche-mer-cadre-de-peche\\\/#breadcrumb\",\"itemListElement\":[{\"@type\":\"ListItem\",\"position\":1,\"name\":\"Accueil\",\"item\":\"https:\\\/\\\/www.vendee1.eu\\\/vendee\\\/\"},{\"@type\":\"ListItem\",\"position\":2,\"name\":\"P\u00eache en Mer &#8211; le cadre de p\u00eache\"}]},{\"@type\":\"WebSite\",\"@id\":\"https:\\\/\\\/www.vendee1.eu\\\/vendee\\\/#website\",\"url\":\"https:\\\/\\\/www.vendee1.eu\\\/vendee\\\/\",\"name\":\"Sorties en Vend\u00e9e, Tourisme\",\"description\":\"Vend\u00e9e1, les id\u00e9es Sorties en Vend\u00e9e Tourisme\",\"potentialAction\":[{\"@type\":\"SearchAction\",\"target\":{\"@type\":\"EntryPoint\",\"urlTemplate\":\"https:\\\/\\\/www.vendee1.eu\\\/vendee\\\/?s={search_term_string}\"},\"query-input\":{\"@type\":\"PropertyValueSpecification\",\"valueRequired\":true,\"valueName\":\"search_term_string\"}}],\"inLanguage\":\"fr-FR\"},{\"@type\":\"Person\",\"@id\":\"https:\\\/\\\/www.vendee1.eu\\\/vendee\\\/#\\\/schema\\\/person\\\/63e22c035c30bbdf6ae725e3b531afdc\",\"name\":\"Sorties Vend\u00e9e\",\"image\":{\"@type\":\"ImageObject\",\"inLanguage\":\"fr-FR\",\"@id\":\"https:\\\/\\\/secure.gravatar.com\\\/avatar\\\/61d1de7f953f29bb3f5b6457b62fb4b66f834c865f75a7d8ec767d557a808e20?s=96&d=mm&r=g\",\"url\":\"https:\\\/\\\/secure.gravatar.com\\\/avatar\\\/61d1de7f953f29bb3f5b6457b62fb4b66f834c865f75a7d8ec767d557a808e20?s=96&d=mm&r=g\",\"contentUrl\":\"https:\\\/\\\/secure.gravatar.com\\\/avatar\\\/61d1de7f953f29bb3f5b6457b62fb4b66f834c865f75a7d8ec767d557a808e20?s=96&d=mm&r=g\",\"caption\":\"Sorties Vend\u00e9e\"}},false]}<\/script>\n<!-- \/ Yoast SEO plugin. -->","yoast_head_json":{"title":"P\u00eache en Mer - le cadre de p\u00eache - Sorties en Vend\u00e9e, Tourisme","robots":{"index":"index","follow":"follow","max-snippet":"max-snippet:-1","max-image-preview":"max-image-preview:large","max-video-preview":"max-video-preview:-1"},"canonical":"https:\/\/www.vendee1.eu\/vendee\/peche-mer-cadre-de-peche\/","og_locale":"fr_FR","og_type":"article","og_title":"P\u00eache en Mer - le cadre de p\u00eache - Sorties en Vend\u00e9e, Tourisme","og_description":"Moniteur Guide de P\u00eache professionnel Moniteur Guide de P\u00eache professionnel Le cadre de p\u00eache propose au sein de son atelier, de fabriquer soit m\u00eame un grand nombre d\u2019articles pour la p\u00eache, type leurre souple,&#46;&#46;&#46;","og_url":"https:\/\/www.vendee1.eu\/vendee\/peche-mer-cadre-de-peche\/","og_site_name":"Sorties en Vend\u00e9e, Tourisme","article_publisher":"https:\/\/www.facebook.com\/vendee.tourisme.7\/","article_published_time":"2017-03-17T07:26:26+00:00","og_image":[{"url":"images\/loisirs\/promenade-peche-mer\/cadre-de-peche.jpg","type":"","width":"","height":""}],"author":"Sorties Vend\u00e9e","twitter_card":"summary_large_image","twitter_misc":{"\u00c9crit par":"Sorties Vend\u00e9e","Dur\u00e9e de lecture estim\u00e9e":"2 minutes"},"schema":{"@context":"https:\/\/schema.org","@graph":[{"@type":"Article","@id":"https:\/\/www.vendee1.eu\/vendee\/peche-mer-cadre-de-peche\/#article","isPartOf":{"@id":"https:\/\/www.vendee1.eu\/vendee\/peche-mer-cadre-de-peche\/"},"author":{"name":"Sorties Vend\u00e9e","@id":"https:\/\/www.vendee1.eu\/vendee\/#\/schema\/person\/63e22c035c30bbdf6ae725e3b531afdc"},"headline":"P\u00eache en Mer &#8211; le cadre de p\u00eache","datePublished":"2017-03-17T07:26:26+00:00","mainEntityOfPage":{"@id":"https:\/\/www.vendee1.eu\/vendee\/peche-mer-cadre-de-peche\/"},"wordCount":339,"inLanguage":"fr-FR"},{"@type":"WebPage","@id":"https:\/\/www.vendee1.eu\/vendee\/peche-mer-cadre-de-peche\/","url":"https:\/\/www.vendee1.eu\/vendee\/peche-mer-cadre-de-peche\/","name":"P\u00eache en Mer - le cadre de p\u00eache - Sorties en Vend\u00e9e, Tourisme","isPartOf":{"@id":"https:\/\/www.vendee1.eu\/vendee\/#website"},"datePublished":"2017-03-17T07:26:26+00:00","author":{"@id":"https:\/\/www.vendee1.eu\/vendee\/#\/schema\/person\/63e22c035c30bbdf6ae725e3b531afdc"},"breadcrumb":{"@id":"https:\/\/www.vendee1.eu\/vendee\/peche-mer-cadre-de-peche\/#breadcrumb"},"inLanguage":"fr-FR","potentialAction":[{"@type":"ReadAction","target":["https:\/\/www.vendee1.eu\/vendee\/peche-mer-cadre-de-peche\/"]}]},{"@type":"BreadcrumbList","@id":"https:\/\/www.vendee1.eu\/vendee\/peche-mer-cadre-de-peche\/#breadcrumb","itemListElement":[{"@type":"ListItem","position":1,"name":"Accueil","item":"https:\/\/www.vendee1.eu\/vendee\/"},{"@type":"ListItem","position":2,"name":"P\u00eache en Mer &#8211; le cadre de p\u00eache"}]},{"@type":"WebSite","@id":"https:\/\/www.vendee1.eu\/vendee\/#website","url":"https:\/\/www.vendee1.eu\/vendee\/","name":"Sorties en Vend\u00e9e, Tourisme","description":"Vend\u00e9e1, les id\u00e9es Sorties en Vend\u00e9e Tourisme","potentialAction":[{"@type":"SearchAction","target":{"@type":"EntryPoint","urlTemplate":"https:\/\/www.vendee1.eu\/vendee\/?s={search_term_string}"},"query-input":{"@type":"PropertyValueSpecification","valueRequired":true,"valueName":"search_term_string"}}],"inLanguage":"fr-FR"},{"@type":"Person","@id":"https:\/\/www.vendee1.eu\/vendee\/#\/schema\/person\/63e22c035c30bbdf6ae725e3b531afdc","name":"Sorties Vend\u00e9e","image":{"@type":"ImageObject","inLanguage":"fr-FR","@id":"https:\/\/secure.gravatar.com\/avatar\/61d1de7f953f29bb3f5b6457b62fb4b66f834c865f75a7d8ec767d557a808e20?s=96&d=mm&r=g","url":"https:\/\/secure.gravatar.com\/avatar\/61d1de7f953f29bb3f5b6457b62fb4b66f834c865f75a7d8ec767d557a808e20?s=96&d=mm&r=g","contentUrl":"https:\/\/secure.gravatar.com\/avatar\/61d1de7f953f29bb3f5b6457b62fb4b66f834c865f75a7d8ec767d557a808e20?s=96&d=mm&r=g","caption":"Sorties Vend\u00e9e"}},false]}},"_links":{"self":[{"href":"https:\/\/www.vendee1.eu\/vendee\/wp-json\/wp\/v2\/posts\/1049","targetHints":{"allow":["GET"]}}],"collection":[{"href":"https:\/\/www.vendee1.eu\/vendee\/wp-json\/wp\/v2\/posts"}],"about":[{"href":"https:\/\/www.vendee1.eu\/vendee\/wp-json\/wp\/v2\/types\/post"}],"author":[{"embeddable":true,"href":"https:\/\/www.vendee1.eu\/vendee\/wp-json\/wp\/v2\/users\/1"}],"replies":[{"embeddable":true,"href":"https:\/\/www.vendee1.eu\/vendee\/wp-json\/wp\/v2\/comments?post=1049"}],"version-history":[{"count":1,"href":"https:\/\/www.vendee1.eu\/vendee\/wp-json\/wp\/v2\/posts\/1049\/revisions"}],"predecessor-version":[{"id":1050,"href":"https:\/\/www.vendee1.eu\/vendee\/wp-json\/wp\/v2\/posts\/1049\/revisions\/1050"}],"wp:attachment":[{"href":"https:\/\/www.vendee1.eu\/vendee\/wp-json\/wp\/v2\/media?parent=1049"}],"wp:term":[{"taxonomy":"category","embeddable":true,"href":"https:\/\/www.vendee1.eu\/vendee\/wp-json\/wp\/v2\/categories?post=1049"},{"taxonomy":"post_tag","embeddable":true,"href":"https:\/\/www.vendee1.eu\/vendee\/wp-json\/wp\/v2\/tags?post=1049"}],"curies":[{"name":"wp","href":"https:\/\/api.w.org\/{rel}","templated":true}]}}