{"id":1028,"date":"2017-03-17T08:20:24","date_gmt":"2017-03-17T07:20:24","guid":{"rendered":"http:\/\/www.vendee1.eu\/vendee\/?p=1028"},"modified":"2017-05-08T14:15:25","modified_gmt":"2017-05-08T12:15:25","slug":"jean-louis-renaudin-artiste-plasticien-vendeen","status":"publish","type":"post","link":"https:\/\/www.vendee1.eu\/vendee\/jean-louis-renaudin-artiste-plasticien-vendeen\/","title":{"rendered":"Jean Louis Renaudin, artiste plasticien vend\u00e9en"},"content":{"rendered":"<div id=\"vende-4196371324\" class=\"vende-ads-avant-contenu vende-entity-placement\"><div id=\"attachment_3409\" style=\"width: 810px\" class=\"wp-caption alignnone\"><a href=\"https:\/\/www.mediawakeup.fr\/nous-contacter-184-rue-joseph-gaillard-zone-dactivites-nord-et-gare-85600-montaigu-vendee-agence-crea-web-print\/\" target=\"_blank\" rel=\"Cr\u00e9ation logo Vend\u00e9e Montaigu site internet noopener\"><img loading=\"lazy\" decoding=\"async\" aria-describedby=\"caption-attachment-3409\" class=\"wp-image-3409 size-full\" title=\"Cr\u00e9ation logo Vend\u00e9e Montaigu site internet\" src=\"https:\/\/www.vendee1.eu\/wp-content\/uploads\/2018\/03\/creation-site-internet-vendee-graphistes.jpg\" alt=\"Cr\u00e9ation logo Vend\u00e9e Montaigu site internet - Agence de communication web print en Vend\u00e9e \" width=\"800\" height=\"283\" \/><\/a><p id=\"caption-attachment-3409\" class=\"wp-caption-text\">Cr\u00e9ation logo Vend\u00e9e Montaigu site internet &#8211; Agence de communication web print en Vend\u00e9e<\/p><\/div>\n<p>&nbsp;<\/p>\n<\/div><p>&nbsp;<\/p>\n<h1>Jean-Louis Renaudin, artiste plasticien vend\u00e9en<\/h1>\n<hr \/>\n<p><img loading=\"lazy\" decoding=\"async\" class=\" wp-image-2047 alignright\" src=\"http:\/\/www.vendee1.eu\/vendee\/wp-content\/uploads\/2017\/03\/Jlr-1.jpg\" alt=\"\" width=\"285\" height=\"448\" srcset=\"https:\/\/www.vendee1.eu\/vendee\/wp-content\/uploads\/2017\/03\/Jlr-1.jpg 445w, https:\/\/www.vendee1.eu\/vendee\/wp-content\/uploads\/2017\/03\/Jlr-1-70x110.jpg 70w, https:\/\/www.vendee1.eu\/vendee\/wp-content\/uploads\/2017\/03\/Jlr-1-191x300.jpg 191w\" sizes=\"auto, (max-width: 285px) 100vw, 285px\" \/>Jean louis Renaudin, artiste plasticien vend\u00e9en ayant pass\u00e9 les trente derni\u00e8res ann\u00e9es entre Paris et Lyon. Il peint sur tous supports mais le plus souvent sur toile (Huile ou acrylique) &#8211; emploi de collages ou d&rsquo;enduits. De formation classique, JL Renaudin explore l&rsquo;expression et la figuration&#8230; il m\u00e9lange les deux. \u00ab\u00a0J&rsquo;essaye de donner du sens et de la vie (de l&rsquo;\u00e9motion et du sentiment) \u00e0 mes tableaux&#8230;\u00a0\u00bb, \u00ab\u00a0Je m&rsquo;interroge sur la fonction de l&rsquo;\u0153uvre d&rsquo;art et j&rsquo;oublie tout ce que j&rsquo;ai fait depuis 30 ans et je recommence dans la tradition de \u00ab\u00a0l&rsquo;artiste t\u00e9moin de son \u00e9poque\u00a0\u00bb&#8230; je regarde, je peins, j&rsquo;\u00e9cris, je vis et parfois je bois un verre et je fume une cigarette\u00a0\u00bb.<\/p>\n<hr \/>\n<div>Premi\u00e8re exposition \u00e0 la Rochelle en 1974<\/div>\n<div><strong>PRINCIPALES EXPOSTIONS COLLECTIVES<\/strong><\/div>\n<div>Salon d&rsquo;Hiver &#8211; Lyon<\/div>\n<div>Salon d&rsquo;Art Contemporain &#8211; Le Puy en Velay<\/div>\n<div>Biennale d&rsquo;Art Contemporain Off &#8211; Lyon<\/div>\n<div>Europ&rsquo;Art &#8211; Gen\u00e8ve<\/div>\n<div>Sid&rsquo;Art il y a &#8211; AIDES<\/div>\n<div>Les Temps Fertiles<\/div>\n<div>Les Peintres pour la Vie &#8211; Lyon<\/div>\n<div>Le Mois de la Lithographie &#8211; Paris<\/div>\n<div>1 exposition personnelle par an (Lyon &#8211; La Rochelle &#8211; Nice &#8211; Vienne &#8211; Montfaur Lamory&#8230;)<\/p>\n<hr \/>\n<\/div>\n<div><strong><span style=\"color: #ff6600;\">Quelques \u0153uvres\u00a0de Jean-Louis Renaudin<\/span><\/strong><\/p>\n<p> <strong><strong><img loading=\"lazy\" decoding=\"async\" class=\"alignnone size-full wp-image-2044\" src=\"http:\/\/www.vendee1.eu\/vendee\/wp-content\/uploads\/2017\/03\/coucher-1.jpg\" alt=\"\" width=\"476\" height=\"630\" srcset=\"https:\/\/www.vendee1.eu\/vendee\/wp-content\/uploads\/2017\/03\/coucher-1.jpg 476w, https:\/\/www.vendee1.eu\/vendee\/wp-content\/uploads\/2017\/03\/coucher-1-83x110.jpg 83w, https:\/\/www.vendee1.eu\/vendee\/wp-content\/uploads\/2017\/03\/coucher-1-227x300.jpg 227w\" sizes=\"auto, (max-width: 476px) 100vw, 476px\" \/> <img loading=\"lazy\" decoding=\"async\" class=\"alignnone size-full wp-image-2045\" src=\"http:\/\/www.vendee1.eu\/vendee\/wp-content\/uploads\/2017\/03\/coup-de-vent-1.jpg\" alt=\"\" width=\"640\" height=\"455\" srcset=\"https:\/\/www.vendee1.eu\/vendee\/wp-content\/uploads\/2017\/03\/coup-de-vent-1.jpg 640w, https:\/\/www.vendee1.eu\/vendee\/wp-content\/uploads\/2017\/03\/coup-de-vent-1-155x110.jpg 155w, https:\/\/www.vendee1.eu\/vendee\/wp-content\/uploads\/2017\/03\/coup-de-vent-1-300x213.jpg 300w\" sizes=\"auto, (max-width: 640px) 100vw, 640px\" \/> <img loading=\"lazy\" decoding=\"async\" class=\"alignnone size-full wp-image-2046\" src=\"http:\/\/www.vendee1.eu\/vendee\/wp-content\/uploads\/2017\/03\/femme-a-lunettes-1.jpg\" alt=\"\" width=\"480\" height=\"640\" srcset=\"https:\/\/www.vendee1.eu\/vendee\/wp-content\/uploads\/2017\/03\/femme-a-lunettes-1.jpg 480w, https:\/\/www.vendee1.eu\/vendee\/wp-content\/uploads\/2017\/03\/femme-a-lunettes-1-83x110.jpg 83w, https:\/\/www.vendee1.eu\/vendee\/wp-content\/uploads\/2017\/03\/femme-a-lunettes-1-225x300.jpg 225w\" sizes=\"auto, (max-width: 480px) 100vw, 480px\" \/><\/strong><\/strong> <strong><img loading=\"lazy\" decoding=\"async\" class=\"alignnone size-full wp-image-2048\" src=\"http:\/\/www.vendee1.eu\/vendee\/wp-content\/uploads\/2017\/03\/kite-surf-1.jpg\" alt=\"\" width=\"637\" height=\"640\" srcset=\"https:\/\/www.vendee1.eu\/vendee\/wp-content\/uploads\/2017\/03\/kite-surf-1.jpg 637w, https:\/\/www.vendee1.eu\/vendee\/wp-content\/uploads\/2017\/03\/kite-surf-1-109x110.jpg 109w, https:\/\/www.vendee1.eu\/vendee\/wp-content\/uploads\/2017\/03\/kite-surf-1-300x300.jpg 300w, https:\/\/www.vendee1.eu\/vendee\/wp-content\/uploads\/2017\/03\/kite-surf-1-160x160.jpg 160w\" sizes=\"auto, (max-width: 637px) 100vw, 637px\" \/> <img loading=\"lazy\" decoding=\"async\" class=\"alignnone size-full wp-image-2049\" src=\"http:\/\/www.vendee1.eu\/vendee\/wp-content\/uploads\/2017\/03\/perdu-dans-lestuaire-1.jpg\" alt=\"\" width=\"640\" height=\"452\" srcset=\"https:\/\/www.vendee1.eu\/vendee\/wp-content\/uploads\/2017\/03\/perdu-dans-lestuaire-1.jpg 640w, https:\/\/www.vendee1.eu\/vendee\/wp-content\/uploads\/2017\/03\/perdu-dans-lestuaire-1-156x110.jpg 156w, https:\/\/www.vendee1.eu\/vendee\/wp-content\/uploads\/2017\/03\/perdu-dans-lestuaire-1-300x212.jpg 300w\" sizes=\"auto, (max-width: 640px) 100vw, 640px\" \/><br \/>\n <\/strong><\/div>\n<div style='text-align:left' class='yasr-auto-insert-visitor'><!--Yasr Visitor Votes Shortcode--><div id='yasr_visitor_votes_e64c28e28f9c3' class='yasr-visitor-votes'><div class=\"yasr-custom-text-vv-before yasr-custom-text-vv-before-1028\">Avis visiteurs :<\/div><div id='yasr-vv-second-row-container-e64c28e28f9c3'\r\n                                        class='yasr-vv-second-row-container'><div id='yasr-visitor-votes-rater-e64c28e28f9c3'\r\n                                      class='yasr-rater-stars-vv'\r\n                                      data-rater-postid='1028'\r\n                                      data-rating='5'\r\n                                      data-rater-starsize='16'\r\n                                      data-rater-readonly='false'\r\n                                      data-rater-nonce='696e61c106'\r\n                                      data-issingular='false'\r\n                                    ><\/div><div class=\"yasr-vv-stats-text-container\" id=\"yasr-vv-stats-text-container-e64c28e28f9c3\"><svg xmlns=\"https:\/\/www.w3.org\/2000\/svg\" width=\"20\" height=\"20\"\r\n                                   class=\"yasr-dashicons-visitor-stats\"\r\n                                   data-postid=\"1028\"\r\n                                   id=\"yasr-stats-dashicon-e64c28e28f9c3\">\r\n                                   <path d=\"M18 18v-16h-4v16h4zM12 18v-11h-4v11h4zM6 18v-8h-4v8h4z\"><\/path>\r\n                               <\/svg><span id=\"yasr-vv-text-container-e64c28e28f9c3\" class=\"yasr-vv-text-container\">[Nbre : <span id=\"yasr-vv-votes-number-container-e64c28e28f9c3\">1<\/span>  Moyenne : <span id=\"yasr-vv-average-container-e64c28e28f9c3\">5<\/span>]<\/span><\/div><div id='yasr-vv-loader-e64c28e28f9c3' class='yasr-vv-container-loader'><\/div><\/div><div id='yasr-vv-bottom-container-e64c28e28f9c3' class='yasr-vv-bottom-container'><\/div><\/div><!--End Yasr Visitor Votes Shortcode--><\/div><div id=\"vende-3833695659\" class=\"vende-ads-apres-contenu vende-entity-placement\" style=\"margin-top: 10px;margin-bottom: 10px;margin-left: 10px;\"><p><a href=\"https:\/\/hellostickers.fr\" rel=\"stickers autocollants decoratifs personnalis\u00e9s regionaux\"><img loading=\"lazy\" decoding=\"async\" class=\"alignnone wp-image-2282 \" title=\"stickers autocollants decoratifs personnalis\u00e9s regionaux\" src=\"https:\/\/www.vendee1.eu\/vendee\/wp-content\/uploads\/2017\/05\/stickers_autocollants_decoratifs_regionaux-e1552677291609.png\" alt=\"stickers autocollants decoratifs personnalis\u00e9s regionaux\" width=\"654\" height=\"121\" \/><\/a><\/p>\n<\/div>","protected":false},"excerpt":{"rendered":"<p>&nbsp; Jean-Louis Renaudin, artiste plasticien vend\u00e9en Jean louis Renaudin, artiste plasticien vend\u00e9en ayant pass\u00e9 les trente derni\u00e8res ann\u00e9es entre Paris et Lyon. Il peint sur tous supports mais le plus souvent sur toile (Huile&#46;&#46;&#46;<\/p>\n","protected":false},"author":1,"featured_media":2045,"comment_status":"closed","ping_status":"closed","sticky":false,"template":"","format":"standard","meta":{"yasr_overall_rating":0,"yasr_post_is_review":"","yasr_auto_insert_disabled":"","yasr_review_type":"","footnotes":""},"categories":[45],"tags":[120],"class_list":["post-1028","post","type-post","status-publish","format-standard","has-post-thumbnail","hentry","category-artistes-vendeens","tag-artistes-vendeens"],"yasr_visitor_votes":{"stars_attributes":{"read_only":false,"span_bottom":false},"number_of_votes":1,"sum_votes":5},"yoast_head":"<!-- This site is optimized with the Yoast SEO plugin v27.5 - https:\/\/yoast.com\/product\/yoast-seo-wordpress\/ -->\n<title>Jean Louis Renaudin, artiste plasticien vend\u00e9en - Sorties en Vend\u00e9e, Tourisme<\/title>\n<meta name=\"robots\" content=\"index, follow, max-snippet:-1, max-image-preview:large, max-video-preview:-1\" \/>\n<link rel=\"canonical\" href=\"https:\/\/www.vendee1.eu\/vendee\/jean-louis-renaudin-artiste-plasticien-vendeen\/\" \/>\n<meta property=\"og:locale\" content=\"fr_FR\" \/>\n<meta property=\"og:type\" content=\"article\" \/>\n<meta property=\"og:title\" content=\"Jean Louis Renaudin, artiste plasticien vend\u00e9en - Sorties en Vend\u00e9e, Tourisme\" \/>\n<meta property=\"og:description\" content=\"&nbsp; Jean-Louis Renaudin, artiste plasticien vend\u00e9en Jean louis Renaudin, artiste plasticien vend\u00e9en ayant pass\u00e9 les trente derni\u00e8res ann\u00e9es entre Paris et Lyon. Il peint sur tous supports mais le plus souvent sur toile (Huile&#046;&#046;&#046;\" \/>\n<meta property=\"og:url\" content=\"https:\/\/www.vendee1.eu\/vendee\/jean-louis-renaudin-artiste-plasticien-vendeen\/\" \/>\n<meta property=\"og:site_name\" content=\"Sorties en Vend\u00e9e, Tourisme\" \/>\n<meta property=\"article:publisher\" content=\"https:\/\/www.facebook.com\/vendee.tourisme.7\/\" \/>\n<meta property=\"article:published_time\" content=\"2017-03-17T07:20:24+00:00\" \/>\n<meta property=\"article:modified_time\" content=\"2017-05-08T12:15:25+00:00\" \/>\n<meta property=\"og:image\" content=\"https:\/\/www.vendee1.eu\/vendee\/wp-content\/uploads\/2017\/03\/coup-de-vent-1.jpg\" \/>\n\t<meta property=\"og:image:width\" content=\"640\" \/>\n\t<meta property=\"og:image:height\" content=\"455\" \/>\n\t<meta property=\"og:image:type\" content=\"image\/jpeg\" \/>\n<meta name=\"author\" content=\"Sorties Vend\u00e9e\" \/>\n<meta name=\"twitter:card\" content=\"summary_large_image\" \/>\n<meta name=\"twitter:label1\" content=\"\u00c9crit par\" \/>\n\t<meta name=\"twitter:data1\" content=\"Sorties Vend\u00e9e\" \/>\n\t<meta name=\"twitter:label2\" content=\"Dur\u00e9e de lecture estim\u00e9e\" \/>\n\t<meta name=\"twitter:data2\" content=\"1 minute\" \/>\n<script type=\"application\/ld+json\" class=\"yoast-schema-graph\">{\"@context\":\"https:\\\/\\\/schema.org\",\"@graph\":[{\"@type\":\"Article\",\"@id\":\"https:\\\/\\\/www.vendee1.eu\\\/vendee\\\/jean-louis-renaudin-artiste-plasticien-vendeen\\\/#article\",\"isPartOf\":{\"@id\":\"https:\\\/\\\/www.vendee1.eu\\\/vendee\\\/jean-louis-renaudin-artiste-plasticien-vendeen\\\/\"},\"author\":{\"name\":\"Sorties Vend\u00e9e\",\"@id\":\"https:\\\/\\\/www.vendee1.eu\\\/vendee\\\/#\\\/schema\\\/person\\\/63e22c035c30bbdf6ae725e3b531afdc\"},\"headline\":\"Jean Louis Renaudin, artiste plasticien vend\u00e9en\",\"datePublished\":\"2017-03-17T07:20:24+00:00\",\"dateModified\":\"2017-05-08T12:15:25+00:00\",\"mainEntityOfPage\":{\"@id\":\"https:\\\/\\\/www.vendee1.eu\\\/vendee\\\/jean-louis-renaudin-artiste-plasticien-vendeen\\\/\"},\"wordCount\":222,\"image\":{\"@id\":\"https:\\\/\\\/www.vendee1.eu\\\/vendee\\\/jean-louis-renaudin-artiste-plasticien-vendeen\\\/#primaryimage\"},\"thumbnailUrl\":\"https:\\\/\\\/www.vendee1.eu\\\/vendee\\\/wp-content\\\/uploads\\\/2017\\\/03\\\/coup-de-vent-1.jpg\",\"keywords\":[\"artistes vend\u00e9ens\"],\"articleSection\":[\"Artistes vend\u00e9ens\"],\"inLanguage\":\"fr-FR\"},{\"@type\":\"WebPage\",\"@id\":\"https:\\\/\\\/www.vendee1.eu\\\/vendee\\\/jean-louis-renaudin-artiste-plasticien-vendeen\\\/\",\"url\":\"https:\\\/\\\/www.vendee1.eu\\\/vendee\\\/jean-louis-renaudin-artiste-plasticien-vendeen\\\/\",\"name\":\"Jean Louis Renaudin, artiste plasticien vend\u00e9en - Sorties en Vend\u00e9e, Tourisme\",\"isPartOf\":{\"@id\":\"https:\\\/\\\/www.vendee1.eu\\\/vendee\\\/#website\"},\"primaryImageOfPage\":{\"@id\":\"https:\\\/\\\/www.vendee1.eu\\\/vendee\\\/jean-louis-renaudin-artiste-plasticien-vendeen\\\/#primaryimage\"},\"image\":{\"@id\":\"https:\\\/\\\/www.vendee1.eu\\\/vendee\\\/jean-louis-renaudin-artiste-plasticien-vendeen\\\/#primaryimage\"},\"thumbnailUrl\":\"https:\\\/\\\/www.vendee1.eu\\\/vendee\\\/wp-content\\\/uploads\\\/2017\\\/03\\\/coup-de-vent-1.jpg\",\"datePublished\":\"2017-03-17T07:20:24+00:00\",\"dateModified\":\"2017-05-08T12:15:25+00:00\",\"author\":{\"@id\":\"https:\\\/\\\/www.vendee1.eu\\\/vendee\\\/#\\\/schema\\\/person\\\/63e22c035c30bbdf6ae725e3b531afdc\"},\"breadcrumb\":{\"@id\":\"https:\\\/\\\/www.vendee1.eu\\\/vendee\\\/jean-louis-renaudin-artiste-plasticien-vendeen\\\/#breadcrumb\"},\"inLanguage\":\"fr-FR\",\"potentialAction\":[{\"@type\":\"ReadAction\",\"target\":[\"https:\\\/\\\/www.vendee1.eu\\\/vendee\\\/jean-louis-renaudin-artiste-plasticien-vendeen\\\/\"]}]},{\"@type\":\"ImageObject\",\"inLanguage\":\"fr-FR\",\"@id\":\"https:\\\/\\\/www.vendee1.eu\\\/vendee\\\/jean-louis-renaudin-artiste-plasticien-vendeen\\\/#primaryimage\",\"url\":\"https:\\\/\\\/www.vendee1.eu\\\/vendee\\\/wp-content\\\/uploads\\\/2017\\\/03\\\/coup-de-vent-1.jpg\",\"contentUrl\":\"https:\\\/\\\/www.vendee1.eu\\\/vendee\\\/wp-content\\\/uploads\\\/2017\\\/03\\\/coup-de-vent-1.jpg\",\"width\":640,\"height\":455,\"caption\":\"artistes vend\u00e9ens\"},{\"@type\":\"BreadcrumbList\",\"@id\":\"https:\\\/\\\/www.vendee1.eu\\\/vendee\\\/jean-louis-renaudin-artiste-plasticien-vendeen\\\/#breadcrumb\",\"itemListElement\":[{\"@type\":\"ListItem\",\"position\":1,\"name\":\"Accueil\",\"item\":\"https:\\\/\\\/www.vendee1.eu\\\/vendee\\\/\"},{\"@type\":\"ListItem\",\"position\":2,\"name\":\"Jean Louis Renaudin, artiste plasticien vend\u00e9en\"}]},{\"@type\":\"WebSite\",\"@id\":\"https:\\\/\\\/www.vendee1.eu\\\/vendee\\\/#website\",\"url\":\"https:\\\/\\\/www.vendee1.eu\\\/vendee\\\/\",\"name\":\"Sorties en Vend\u00e9e, Tourisme\",\"description\":\"Vend\u00e9e1, les id\u00e9es Sorties en Vend\u00e9e Tourisme\",\"potentialAction\":[{\"@type\":\"SearchAction\",\"target\":{\"@type\":\"EntryPoint\",\"urlTemplate\":\"https:\\\/\\\/www.vendee1.eu\\\/vendee\\\/?s={search_term_string}\"},\"query-input\":{\"@type\":\"PropertyValueSpecification\",\"valueRequired\":true,\"valueName\":\"search_term_string\"}}],\"inLanguage\":\"fr-FR\"},{\"@type\":\"Person\",\"@id\":\"https:\\\/\\\/www.vendee1.eu\\\/vendee\\\/#\\\/schema\\\/person\\\/63e22c035c30bbdf6ae725e3b531afdc\",\"name\":\"Sorties Vend\u00e9e\",\"image\":{\"@type\":\"ImageObject\",\"inLanguage\":\"fr-FR\",\"@id\":\"https:\\\/\\\/secure.gravatar.com\\\/avatar\\\/61d1de7f953f29bb3f5b6457b62fb4b66f834c865f75a7d8ec767d557a808e20?s=96&d=mm&r=g\",\"url\":\"https:\\\/\\\/secure.gravatar.com\\\/avatar\\\/61d1de7f953f29bb3f5b6457b62fb4b66f834c865f75a7d8ec767d557a808e20?s=96&d=mm&r=g\",\"contentUrl\":\"https:\\\/\\\/secure.gravatar.com\\\/avatar\\\/61d1de7f953f29bb3f5b6457b62fb4b66f834c865f75a7d8ec767d557a808e20?s=96&d=mm&r=g\",\"caption\":\"Sorties Vend\u00e9e\"}},{\"@context\":\"https:\\\/\\\/schema.org\\\/\",\"@type\":\"Product\",\"name\":\"Jean Louis Renaudin, artiste plasticien vend\u00e9en\",\"description\":\"\",\"image\":{\"@type\":\"ImageObject\",\"url\":\"https:\\\/\\\/www.vendee1.eu\\\/vendee\\\/wp-content\\\/uploads\\\/2017\\\/03\\\/coup-de-vent-1.jpg\",\"width\":640,\"height\":455},\"aggregateRating\":{\"@type\":\"AggregateRating\",\"ratingValue\":5,\"ratingCount\":1,\"bestRating\":5,\"worstRating\":1},\"brand\":{\"@type\":\"Brand\",\"name\":\"\"},\"sku\":\"\",\"\":\"\"}]}<\/script>\n<!-- \/ Yoast SEO plugin. -->","yoast_head_json":{"title":"Jean Louis Renaudin, artiste plasticien vend\u00e9en - Sorties en Vend\u00e9e, Tourisme","robots":{"index":"index","follow":"follow","max-snippet":"max-snippet:-1","max-image-preview":"max-image-preview:large","max-video-preview":"max-video-preview:-1"},"canonical":"https:\/\/www.vendee1.eu\/vendee\/jean-louis-renaudin-artiste-plasticien-vendeen\/","og_locale":"fr_FR","og_type":"article","og_title":"Jean Louis Renaudin, artiste plasticien vend\u00e9en - Sorties en Vend\u00e9e, Tourisme","og_description":"&nbsp; Jean-Louis Renaudin, artiste plasticien vend\u00e9en Jean louis Renaudin, artiste plasticien vend\u00e9en ayant pass\u00e9 les trente derni\u00e8res ann\u00e9es entre Paris et Lyon. Il peint sur tous supports mais le plus souvent sur toile (Huile&#46;&#46;&#46;","og_url":"https:\/\/www.vendee1.eu\/vendee\/jean-louis-renaudin-artiste-plasticien-vendeen\/","og_site_name":"Sorties en Vend\u00e9e, Tourisme","article_publisher":"https:\/\/www.facebook.com\/vendee.tourisme.7\/","article_published_time":"2017-03-17T07:20:24+00:00","article_modified_time":"2017-05-08T12:15:25+00:00","og_image":[{"width":640,"height":455,"url":"https:\/\/www.vendee1.eu\/vendee\/wp-content\/uploads\/2017\/03\/coup-de-vent-1.jpg","type":"image\/jpeg"}],"author":"Sorties Vend\u00e9e","twitter_card":"summary_large_image","twitter_misc":{"\u00c9crit par":"Sorties Vend\u00e9e","Dur\u00e9e de lecture estim\u00e9e":"1 minute"},"schema":{"@context":"https:\/\/schema.org","@graph":[{"@type":"Article","@id":"https:\/\/www.vendee1.eu\/vendee\/jean-louis-renaudin-artiste-plasticien-vendeen\/#article","isPartOf":{"@id":"https:\/\/www.vendee1.eu\/vendee\/jean-louis-renaudin-artiste-plasticien-vendeen\/"},"author":{"name":"Sorties Vend\u00e9e","@id":"https:\/\/www.vendee1.eu\/vendee\/#\/schema\/person\/63e22c035c30bbdf6ae725e3b531afdc"},"headline":"Jean Louis Renaudin, artiste plasticien vend\u00e9en","datePublished":"2017-03-17T07:20:24+00:00","dateModified":"2017-05-08T12:15:25+00:00","mainEntityOfPage":{"@id":"https:\/\/www.vendee1.eu\/vendee\/jean-louis-renaudin-artiste-plasticien-vendeen\/"},"wordCount":222,"image":{"@id":"https:\/\/www.vendee1.eu\/vendee\/jean-louis-renaudin-artiste-plasticien-vendeen\/#primaryimage"},"thumbnailUrl":"https:\/\/www.vendee1.eu\/vendee\/wp-content\/uploads\/2017\/03\/coup-de-vent-1.jpg","keywords":["artistes vend\u00e9ens"],"articleSection":["Artistes vend\u00e9ens"],"inLanguage":"fr-FR"},{"@type":"WebPage","@id":"https:\/\/www.vendee1.eu\/vendee\/jean-louis-renaudin-artiste-plasticien-vendeen\/","url":"https:\/\/www.vendee1.eu\/vendee\/jean-louis-renaudin-artiste-plasticien-vendeen\/","name":"Jean Louis Renaudin, artiste plasticien vend\u00e9en - Sorties en Vend\u00e9e, Tourisme","isPartOf":{"@id":"https:\/\/www.vendee1.eu\/vendee\/#website"},"primaryImageOfPage":{"@id":"https:\/\/www.vendee1.eu\/vendee\/jean-louis-renaudin-artiste-plasticien-vendeen\/#primaryimage"},"image":{"@id":"https:\/\/www.vendee1.eu\/vendee\/jean-louis-renaudin-artiste-plasticien-vendeen\/#primaryimage"},"thumbnailUrl":"https:\/\/www.vendee1.eu\/vendee\/wp-content\/uploads\/2017\/03\/coup-de-vent-1.jpg","datePublished":"2017-03-17T07:20:24+00:00","dateModified":"2017-05-08T12:15:25+00:00","author":{"@id":"https:\/\/www.vendee1.eu\/vendee\/#\/schema\/person\/63e22c035c30bbdf6ae725e3b531afdc"},"breadcrumb":{"@id":"https:\/\/www.vendee1.eu\/vendee\/jean-louis-renaudin-artiste-plasticien-vendeen\/#breadcrumb"},"inLanguage":"fr-FR","potentialAction":[{"@type":"ReadAction","target":["https:\/\/www.vendee1.eu\/vendee\/jean-louis-renaudin-artiste-plasticien-vendeen\/"]}]},{"@type":"ImageObject","inLanguage":"fr-FR","@id":"https:\/\/www.vendee1.eu\/vendee\/jean-louis-renaudin-artiste-plasticien-vendeen\/#primaryimage","url":"https:\/\/www.vendee1.eu\/vendee\/wp-content\/uploads\/2017\/03\/coup-de-vent-1.jpg","contentUrl":"https:\/\/www.vendee1.eu\/vendee\/wp-content\/uploads\/2017\/03\/coup-de-vent-1.jpg","width":640,"height":455,"caption":"artistes vend\u00e9ens"},{"@type":"BreadcrumbList","@id":"https:\/\/www.vendee1.eu\/vendee\/jean-louis-renaudin-artiste-plasticien-vendeen\/#breadcrumb","itemListElement":[{"@type":"ListItem","position":1,"name":"Accueil","item":"https:\/\/www.vendee1.eu\/vendee\/"},{"@type":"ListItem","position":2,"name":"Jean Louis Renaudin, artiste plasticien vend\u00e9en"}]},{"@type":"WebSite","@id":"https:\/\/www.vendee1.eu\/vendee\/#website","url":"https:\/\/www.vendee1.eu\/vendee\/","name":"Sorties en Vend\u00e9e, Tourisme","description":"Vend\u00e9e1, les id\u00e9es Sorties en Vend\u00e9e Tourisme","potentialAction":[{"@type":"SearchAction","target":{"@type":"EntryPoint","urlTemplate":"https:\/\/www.vendee1.eu\/vendee\/?s={search_term_string}"},"query-input":{"@type":"PropertyValueSpecification","valueRequired":true,"valueName":"search_term_string"}}],"inLanguage":"fr-FR"},{"@type":"Person","@id":"https:\/\/www.vendee1.eu\/vendee\/#\/schema\/person\/63e22c035c30bbdf6ae725e3b531afdc","name":"Sorties Vend\u00e9e","image":{"@type":"ImageObject","inLanguage":"fr-FR","@id":"https:\/\/secure.gravatar.com\/avatar\/61d1de7f953f29bb3f5b6457b62fb4b66f834c865f75a7d8ec767d557a808e20?s=96&d=mm&r=g","url":"https:\/\/secure.gravatar.com\/avatar\/61d1de7f953f29bb3f5b6457b62fb4b66f834c865f75a7d8ec767d557a808e20?s=96&d=mm&r=g","contentUrl":"https:\/\/secure.gravatar.com\/avatar\/61d1de7f953f29bb3f5b6457b62fb4b66f834c865f75a7d8ec767d557a808e20?s=96&d=mm&r=g","caption":"Sorties Vend\u00e9e"}},{"@context":"https:\/\/schema.org\/","@type":"Product","name":"Jean Louis Renaudin, artiste plasticien vend\u00e9en","description":"","image":{"@type":"ImageObject","url":"https:\/\/www.vendee1.eu\/vendee\/wp-content\/uploads\/2017\/03\/coup-de-vent-1.jpg","width":640,"height":455},"aggregateRating":{"@type":"AggregateRating","ratingValue":5,"ratingCount":1,"bestRating":5,"worstRating":1},"brand":{"@type":"Brand","name":""},"sku":"","":""}]}},"_links":{"self":[{"href":"https:\/\/www.vendee1.eu\/vendee\/wp-json\/wp\/v2\/posts\/1028","targetHints":{"allow":["GET"]}}],"collection":[{"href":"https:\/\/www.vendee1.eu\/vendee\/wp-json\/wp\/v2\/posts"}],"about":[{"href":"https:\/\/www.vendee1.eu\/vendee\/wp-json\/wp\/v2\/types\/post"}],"author":[{"embeddable":true,"href":"https:\/\/www.vendee1.eu\/vendee\/wp-json\/wp\/v2\/users\/1"}],"replies":[{"embeddable":true,"href":"https:\/\/www.vendee1.eu\/vendee\/wp-json\/wp\/v2\/comments?post=1028"}],"version-history":[{"count":4,"href":"https:\/\/www.vendee1.eu\/vendee\/wp-json\/wp\/v2\/posts\/1028\/revisions"}],"predecessor-version":[{"id":2050,"href":"https:\/\/www.vendee1.eu\/vendee\/wp-json\/wp\/v2\/posts\/1028\/revisions\/2050"}],"wp:featuredmedia":[{"embeddable":true,"href":"https:\/\/www.vendee1.eu\/vendee\/wp-json\/wp\/v2\/media\/2045"}],"wp:attachment":[{"href":"https:\/\/www.vendee1.eu\/vendee\/wp-json\/wp\/v2\/media?parent=1028"}],"wp:term":[{"taxonomy":"category","embeddable":true,"href":"https:\/\/www.vendee1.eu\/vendee\/wp-json\/wp\/v2\/categories?post=1028"},{"taxonomy":"post_tag","embeddable":true,"href":"https:\/\/www.vendee1.eu\/vendee\/wp-json\/wp\/v2\/tags?post=1028"}],"curies":[{"name":"wp","href":"https:\/\/api.w.org\/{rel}","templated":true}]}}